{"id":1052,"date":"2019-04-23T04:33:12","date_gmt":"2019-04-23T04:33:12","guid":{"rendered":"https:\/\/archilaabogados.com\/?p=1967"},"modified":"2022-05-27T05:54:40","modified_gmt":"2022-05-27T05:54:40","slug":"el-llamamiento-en-garantia-en-la-accion-de-proteccion-al-consumidor","status":"publish","type":"post","link":"https:\/\/archilaabogados.com\/en\/2019\/04\/23\/el-llamamiento-en-garantia-en-la-accion-de-proteccion-al-consumidor\/","title":{"rendered":"El llamamiento en garant\u00eda en la acci\u00f3n de protecci\u00f3n al consumidor"},"content":{"rendered":"<p><strong>Bogot\u00e1<\/strong><br \/>\n<strong>22\/04\/2019.<\/strong><br \/>\n<strong>Art\u00edculo escrito por el Dr. Jairo Parra Cuadros  para el diario La Rep\u00fablica.<\/strong><\/p>\n<p>&nbsp;<\/p>\n<p><strong>El llamamiento en garant\u00eda en la acci\u00f3n de protecci\u00f3n al consumidor<\/strong><\/p>\n<p>La Ley 1480 de 2011 consagr\u00f3 distintos derechos y deberes con el firme prop\u00f3sito de equiparar la desigualdad existente entre productor o proveedor y el consumidor. Una de las cargas m\u00e1s importantes que impuso, fue la solidaridad frente a la garant\u00eda del producto entre todos los intervinientes de la cadena de comercializaci\u00f3n. As\u00ed las cosas, tanto distribuidor como fabricante deber\u00e1n responder por la totalidad de la garant\u00eda frente al consumidor.<\/p>\n<p>Por otra parte, en el art\u00edculo 64 del C.G.P se define al llamamiento en garant\u00eda como la posibilidad que tiene, \u201c[q]uien afirme tener derecho legal o contractual a exigir de otro la indemnizaci\u00f3n del perjuicio que llegare a sufrir o el reembolso total o parcial del pago que tuviere que hacer como resultado de la sentencia que se dicte en el proceso que promueva o se le promueva (\u2026.) que en el mismo proceso se resuelva sobre tal relaci\u00f3n\u201d.<\/p>\n<p>Ahora bien, en lo que tiene que ver con la acci\u00f3n de protecci\u00f3n al consumidor, la Superintendencia de Industria y Comercio, en ejercicio de sus facultades jurisdiccionales, ha sido constante en negar la procedencia del llamamiento para este tipo de procesos. De un lado, porque la solidaridad implica que el proceso pueda adelantarse solo con el productor, o solo con el proveedor. De otro lado, porque en concepto de la SIC, dicho asunto desborda la competencia que le ha sido otorgada en materia de consumo, pues se trata de una materia ajena a este derecho.<\/p>\n<p>No obstante, en una reciente decisi\u00f3n de segunda instancia, el Tribunal Superior de Bogot\u00e1 se\u00f1al\u00f3 que el llamamiento en garant\u00eda s\u00ed procede para dirimir la disputa interna entre obligados solidarios, como es el caso de los productores y proveedores que por ley son responsables por la garant\u00eda legal. Lo anterior por dos razones principales:<\/p>\n<p>i) La mencionada figura fue prevista por el legislador para los eventos de reembolso total o parcial, que es precisamente el derecho que le asistir\u00eda al productor o proveedor condenado en virtud del art\u00edculo 1579 del C.C.<\/p>\n<p>ii) No resulta de recibo decir que la Superintendencia no puede desatar la relaci\u00f3n jur\u00eddica entre el llamante (proveedor) y el llamado (productor), puesto que esta tarea est\u00e1 sujeta al principio de simetr\u00eda funcional (art\u00edculo 24 C.G.P).<\/p>\n<p>La decisi\u00f3n del Tribunal merece algunos comentarios, en especial, frente a las caracter\u00edsticas propias de esta acci\u00f3n, cuyo objetivo principal radica, como su nombre lo indica, en la protecci\u00f3n expedita de los derechos de los consumidores o usuarios. Sin embargo, con el llamamiento ese prop\u00f3sito se ve desdibujado, al introducir una instituci\u00f3n que no encaja con el esquema de protecci\u00f3n previsto en el Estatuto del Consumidor, en tanto que ocasiona que el proceso se retrase como consecuencia de la notificaci\u00f3n que se deba surtir a un nuevo sujeto -en caso de que no act\u00fae en el proceso desde su inicio-, quien podr\u00e1 pronunciarse sobre la demanda y pedir nuevas pruebas.<\/p>\n<p>Por otra parte, la Constituci\u00f3n permite que excepcionalmente se atribuyan funciones jurisdiccionales a autoridades administrativas en materias PRECISAS, no obstante, al amparo del principio de la simetr\u00eda funcional, cualquier asunto, sin importar su naturaleza, terminar\u00eda siendo resuelto por las referidas autoridades, desconociendo abiertamente la limitaci\u00f3n prevista por el Constituyente. Y, en todo caso, el demandado (productor o proveedor) podr\u00e1 iniciar un proceso aparte para recuperar lo pagado, por consiguiente, no se le estar\u00edan vulnerado sus derechos.<\/p>","protected":false},"excerpt":{"rendered":"<p>Bogot\u00e1 22\/04\/2019. Art\u00edculo escrito por el Dr. Jairo Parra Cuadros para el diario La Rep\u00fablica. &nbsp; El llamamiento en&#8230;<\/p>","protected":false},"author":1,"featured_media":986,"comment_status":"closed","ping_status":"open","sticky":false,"template":"","format":"standard","meta":{"_kad_post_transparent":"","_kad_post_title":"","_kad_post_layout":"","_kad_post_sidebar_id":"","_kad_post_content_style":"","_kad_post_vertical_padding":"","_kad_post_feature":"","_kad_post_feature_position":"","_kad_post_header":false,"_kad_post_footer":false,"footnotes":""},"categories":[15],"tags":[51],"class_list":["post-1052","post","type-post","status-publish","format-standard","has-post-thumbnail","hentry","category-diario-la-republica","tag-asuntos-legales"],"yoast_head":"<!-- This site is optimized with the Yoast SEO plugin v27.4 - https:\/\/yoast.com\/product\/yoast-seo-wordpress\/ -->\n<title>El llamamiento en garant\u00eda en la acci\u00f3n de protecci\u00f3n al consumidor - Archila Abogados<\/title>\n<meta name=\"robots\" content=\"index, follow, max-snippet:-1, max-image-preview:large, max-video-preview:-1\" \/>\n<link rel=\"canonical\" href=\"https:\/\/archilaabogados.com\/en\/2019\/04\/23\/el-llamamiento-en-garantia-en-la-accion-de-proteccion-al-consumidor\/\" \/>\n<meta property=\"og:locale\" content=\"en_US\" \/>\n<meta property=\"og:type\" content=\"article\" \/>\n<meta property=\"og:title\" content=\"El llamamiento en garant\u00eda en la acci\u00f3n de protecci\u00f3n al consumidor - Archila Abogados\" \/>\n<meta property=\"og:description\" content=\"Bogot\u00e1 22\/04\/2019. Art\u00edculo escrito por el Dr. Jairo Parra Cuadros para el diario La Rep\u00fablica. &nbsp; El llamamiento en...\" \/>\n<meta property=\"og:url\" content=\"https:\/\/archilaabogados.com\/en\/2019\/04\/23\/el-llamamiento-en-garantia-en-la-accion-de-proteccion-al-consumidor\/\" \/>\n<meta property=\"og:site_name\" content=\"Archila Abogados\" \/>\n<meta property=\"article:published_time\" content=\"2019-04-23T04:33:12+00:00\" \/>\n<meta property=\"article:modified_time\" content=\"2022-05-27T05:54:40+00:00\" \/>\n<meta property=\"og:image\" content=\"http:\/\/archilaabogados.com\/wp-content\/uploads\/2017\/12\/jairo_parra.jpg\" \/>\n\t<meta property=\"og:image:width\" content=\"240\" \/>\n\t<meta property=\"og:image:height\" content=\"290\" \/>\n\t<meta property=\"og:image:type\" content=\"image\/jpeg\" \/>\n<meta name=\"author\" content=\"ArhilAdmin\" \/>\n<meta name=\"twitter:card\" content=\"summary_large_image\" \/>\n<meta name=\"twitter:label1\" content=\"Written by\" \/>\n\t<meta name=\"twitter:data1\" content=\"ArhilAdmin\" \/>\n\t<meta name=\"twitter:label2\" content=\"Est. reading time\" \/>\n\t<meta name=\"twitter:data2\" content=\"3 minutes\" \/>\n<script type=\"application\/ld+json\" class=\"yoast-schema-graph\">{\"@context\":\"https:\\\/\\\/schema.org\",\"@graph\":[{\"@type\":\"Article\",\"@id\":\"https:\\\/\\\/archilaabogados.com\\\/2019\\\/04\\\/23\\\/el-llamamiento-en-garantia-en-la-accion-de-proteccion-al-consumidor\\\/#article\",\"isPartOf\":{\"@id\":\"https:\\\/\\\/archilaabogados.com\\\/2019\\\/04\\\/23\\\/el-llamamiento-en-garantia-en-la-accion-de-proteccion-al-consumidor\\\/\"},\"author\":{\"name\":\"ArhilAdmin\",\"@id\":\"https:\\\/\\\/archilaabogados.com\\\/#\\\/schema\\\/person\\\/2ebc59f80cf35317c2a9f16341ee7883\"},\"headline\":\"El llamamiento en garant\u00eda en la acci\u00f3n de protecci\u00f3n al consumidor\",\"datePublished\":\"2019-04-23T04:33:12+00:00\",\"dateModified\":\"2022-05-27T05:54:40+00:00\",\"mainEntityOfPage\":{\"@id\":\"https:\\\/\\\/archilaabogados.com\\\/2019\\\/04\\\/23\\\/el-llamamiento-en-garantia-en-la-accion-de-proteccion-al-consumidor\\\/\"},\"wordCount\":639,\"image\":{\"@id\":\"https:\\\/\\\/archilaabogados.com\\\/2019\\\/04\\\/23\\\/el-llamamiento-en-garantia-en-la-accion-de-proteccion-al-consumidor\\\/#primaryimage\"},\"thumbnailUrl\":\"https:\\\/\\\/archilaabogados.com\\\/wp-content\\\/uploads\\\/2017\\\/12\\\/jairo_parra.jpg\",\"keywords\":[\"Asuntos Legales\"],\"articleSection\":[\"Diario La Rep\u00fablica\"],\"inLanguage\":\"en-US\"},{\"@type\":\"WebPage\",\"@id\":\"https:\\\/\\\/archilaabogados.com\\\/2019\\\/04\\\/23\\\/el-llamamiento-en-garantia-en-la-accion-de-proteccion-al-consumidor\\\/\",\"url\":\"https:\\\/\\\/archilaabogados.com\\\/2019\\\/04\\\/23\\\/el-llamamiento-en-garantia-en-la-accion-de-proteccion-al-consumidor\\\/\",\"name\":\"El llamamiento en garant\u00eda en la acci\u00f3n de protecci\u00f3n al consumidor - Archila Abogados\",\"isPartOf\":{\"@id\":\"https:\\\/\\\/archilaabogados.com\\\/#website\"},\"primaryImageOfPage\":{\"@id\":\"https:\\\/\\\/archilaabogados.com\\\/2019\\\/04\\\/23\\\/el-llamamiento-en-garantia-en-la-accion-de-proteccion-al-consumidor\\\/#primaryimage\"},\"image\":{\"@id\":\"https:\\\/\\\/archilaabogados.com\\\/2019\\\/04\\\/23\\\/el-llamamiento-en-garantia-en-la-accion-de-proteccion-al-consumidor\\\/#primaryimage\"},\"thumbnailUrl\":\"https:\\\/\\\/archilaabogados.com\\\/wp-content\\\/uploads\\\/2017\\\/12\\\/jairo_parra.jpg\",\"datePublished\":\"2019-04-23T04:33:12+00:00\",\"dateModified\":\"2022-05-27T05:54:40+00:00\",\"author\":{\"@id\":\"https:\\\/\\\/archilaabogados.com\\\/#\\\/schema\\\/person\\\/2ebc59f80cf35317c2a9f16341ee7883\"},\"breadcrumb\":{\"@id\":\"https:\\\/\\\/archilaabogados.com\\\/2019\\\/04\\\/23\\\/el-llamamiento-en-garantia-en-la-accion-de-proteccion-al-consumidor\\\/#breadcrumb\"},\"inLanguage\":\"en-US\",\"potentialAction\":[{\"@type\":\"ReadAction\",\"target\":[\"https:\\\/\\\/archilaabogados.com\\\/2019\\\/04\\\/23\\\/el-llamamiento-en-garantia-en-la-accion-de-proteccion-al-consumidor\\\/\"]}]},{\"@type\":\"ImageObject\",\"inLanguage\":\"en-US\",\"@id\":\"https:\\\/\\\/archilaabogados.com\\\/2019\\\/04\\\/23\\\/el-llamamiento-en-garantia-en-la-accion-de-proteccion-al-consumidor\\\/#primaryimage\",\"url\":\"https:\\\/\\\/archilaabogados.com\\\/wp-content\\\/uploads\\\/2017\\\/12\\\/jairo_parra.jpg\",\"contentUrl\":\"https:\\\/\\\/archilaabogados.com\\\/wp-content\\\/uploads\\\/2017\\\/12\\\/jairo_parra.jpg\",\"width\":240,\"height\":290,\"caption\":\"Jairo Parra Cuadros Departamento Procesal\"},{\"@type\":\"BreadcrumbList\",\"@id\":\"https:\\\/\\\/archilaabogados.com\\\/2019\\\/04\\\/23\\\/el-llamamiento-en-garantia-en-la-accion-de-proteccion-al-consumidor\\\/#breadcrumb\",\"itemListElement\":[{\"@type\":\"ListItem\",\"position\":1,\"name\":\"Home\",\"item\":\"https:\\\/\\\/archilaabogados.com\\\/\"},{\"@type\":\"ListItem\",\"position\":2,\"name\":\"El llamamiento en garant\u00eda en la acci\u00f3n de protecci\u00f3n al consumidor\"}]},{\"@type\":\"WebSite\",\"@id\":\"https:\\\/\\\/archilaabogados.com\\\/#website\",\"url\":\"https:\\\/\\\/archilaabogados.com\\\/\",\"name\":\"Archila Abogados\",\"description\":\"Servicios legales\",\"potentialAction\":[{\"@type\":\"SearchAction\",\"target\":{\"@type\":\"EntryPoint\",\"urlTemplate\":\"https:\\\/\\\/archilaabogados.com\\\/?s={search_term_string}\"},\"query-input\":{\"@type\":\"PropertyValueSpecification\",\"valueRequired\":true,\"valueName\":\"search_term_string\"}}],\"inLanguage\":\"en-US\"},{\"@type\":\"Person\",\"@id\":\"https:\\\/\\\/archilaabogados.com\\\/#\\\/schema\\\/person\\\/2ebc59f80cf35317c2a9f16341ee7883\",\"name\":\"ArhilAdmin\",\"image\":{\"@type\":\"ImageObject\",\"inLanguage\":\"en-US\",\"@id\":\"https:\\\/\\\/secure.gravatar.com\\\/avatar\\\/9dcaf3f4e6ece3ae0c14ad443b5883bafd050ab345f218cf32465ef4c68ec5f4?s=96&d=mm&r=g\",\"url\":\"https:\\\/\\\/secure.gravatar.com\\\/avatar\\\/9dcaf3f4e6ece3ae0c14ad443b5883bafd050ab345f218cf32465ef4c68ec5f4?s=96&d=mm&r=g\",\"contentUrl\":\"https:\\\/\\\/secure.gravatar.com\\\/avatar\\\/9dcaf3f4e6ece3ae0c14ad443b5883bafd050ab345f218cf32465ef4c68ec5f4?s=96&d=mm&r=g\",\"caption\":\"ArhilAdmin\"},\"sameAs\":[\"https:\\\/\\\/archilaabogados.com\"],\"url\":\"https:\\\/\\\/archilaabogados.com\\\/en\\\/author\\\/arhiladmin\\\/\"}]}<\/script>\n<!-- \/ Yoast SEO plugin. -->","yoast_head_json":{"title":"El llamamiento en garant\u00eda en la acci\u00f3n de protecci\u00f3n al consumidor - Archila Abogados","robots":{"index":"index","follow":"follow","max-snippet":"max-snippet:-1","max-image-preview":"max-image-preview:large","max-video-preview":"max-video-preview:-1"},"canonical":"https:\/\/archilaabogados.com\/en\/2019\/04\/23\/el-llamamiento-en-garantia-en-la-accion-de-proteccion-al-consumidor\/","og_locale":"en_US","og_type":"article","og_title":"El llamamiento en garant\u00eda en la acci\u00f3n de protecci\u00f3n al consumidor - Archila Abogados","og_description":"Bogot\u00e1 22\/04\/2019. Art\u00edculo escrito por el Dr. Jairo Parra Cuadros para el diario La Rep\u00fablica. &nbsp; El llamamiento en...","og_url":"https:\/\/archilaabogados.com\/en\/2019\/04\/23\/el-llamamiento-en-garantia-en-la-accion-de-proteccion-al-consumidor\/","og_site_name":"Archila Abogados","article_published_time":"2019-04-23T04:33:12+00:00","article_modified_time":"2022-05-27T05:54:40+00:00","og_image":[{"width":240,"height":290,"url":"http:\/\/archilaabogados.com\/wp-content\/uploads\/2017\/12\/jairo_parra.jpg","type":"image\/jpeg"}],"author":"ArhilAdmin","twitter_card":"summary_large_image","twitter_misc":{"Written by":"ArhilAdmin","Est. reading time":"3 minutes"},"schema":{"@context":"https:\/\/schema.org","@graph":[{"@type":"Article","@id":"https:\/\/archilaabogados.com\/2019\/04\/23\/el-llamamiento-en-garantia-en-la-accion-de-proteccion-al-consumidor\/#article","isPartOf":{"@id":"https:\/\/archilaabogados.com\/2019\/04\/23\/el-llamamiento-en-garantia-en-la-accion-de-proteccion-al-consumidor\/"},"author":{"name":"ArhilAdmin","@id":"https:\/\/archilaabogados.com\/#\/schema\/person\/2ebc59f80cf35317c2a9f16341ee7883"},"headline":"El llamamiento en garant\u00eda en la acci\u00f3n de protecci\u00f3n al consumidor","datePublished":"2019-04-23T04:33:12+00:00","dateModified":"2022-05-27T05:54:40+00:00","mainEntityOfPage":{"@id":"https:\/\/archilaabogados.com\/2019\/04\/23\/el-llamamiento-en-garantia-en-la-accion-de-proteccion-al-consumidor\/"},"wordCount":639,"image":{"@id":"https:\/\/archilaabogados.com\/2019\/04\/23\/el-llamamiento-en-garantia-en-la-accion-de-proteccion-al-consumidor\/#primaryimage"},"thumbnailUrl":"https:\/\/archilaabogados.com\/wp-content\/uploads\/2017\/12\/jairo_parra.jpg","keywords":["Asuntos Legales"],"articleSection":["Diario La Rep\u00fablica"],"inLanguage":"en-US"},{"@type":"WebPage","@id":"https:\/\/archilaabogados.com\/2019\/04\/23\/el-llamamiento-en-garantia-en-la-accion-de-proteccion-al-consumidor\/","url":"https:\/\/archilaabogados.com\/2019\/04\/23\/el-llamamiento-en-garantia-en-la-accion-de-proteccion-al-consumidor\/","name":"El llamamiento en garant\u00eda en la acci\u00f3n de protecci\u00f3n al consumidor - Archila Abogados","isPartOf":{"@id":"https:\/\/archilaabogados.com\/#website"},"primaryImageOfPage":{"@id":"https:\/\/archilaabogados.com\/2019\/04\/23\/el-llamamiento-en-garantia-en-la-accion-de-proteccion-al-consumidor\/#primaryimage"},"image":{"@id":"https:\/\/archilaabogados.com\/2019\/04\/23\/el-llamamiento-en-garantia-en-la-accion-de-proteccion-al-consumidor\/#primaryimage"},"thumbnailUrl":"https:\/\/archilaabogados.com\/wp-content\/uploads\/2017\/12\/jairo_parra.jpg","datePublished":"2019-04-23T04:33:12+00:00","dateModified":"2022-05-27T05:54:40+00:00","author":{"@id":"https:\/\/archilaabogados.com\/#\/schema\/person\/2ebc59f80cf35317c2a9f16341ee7883"},"breadcrumb":{"@id":"https:\/\/archilaabogados.com\/2019\/04\/23\/el-llamamiento-en-garantia-en-la-accion-de-proteccion-al-consumidor\/#breadcrumb"},"inLanguage":"en-US","potentialAction":[{"@type":"ReadAction","target":["https:\/\/archilaabogados.com\/2019\/04\/23\/el-llamamiento-en-garantia-en-la-accion-de-proteccion-al-consumidor\/"]}]},{"@type":"ImageObject","inLanguage":"en-US","@id":"https:\/\/archilaabogados.com\/2019\/04\/23\/el-llamamiento-en-garantia-en-la-accion-de-proteccion-al-consumidor\/#primaryimage","url":"https:\/\/archilaabogados.com\/wp-content\/uploads\/2017\/12\/jairo_parra.jpg","contentUrl":"https:\/\/archilaabogados.com\/wp-content\/uploads\/2017\/12\/jairo_parra.jpg","width":240,"height":290,"caption":"Jairo Parra Cuadros Departamento Procesal"},{"@type":"BreadcrumbList","@id":"https:\/\/archilaabogados.com\/2019\/04\/23\/el-llamamiento-en-garantia-en-la-accion-de-proteccion-al-consumidor\/#breadcrumb","itemListElement":[{"@type":"ListItem","position":1,"name":"Home","item":"https:\/\/archilaabogados.com\/"},{"@type":"ListItem","position":2,"name":"El llamamiento en garant\u00eda en la acci\u00f3n de protecci\u00f3n al consumidor"}]},{"@type":"WebSite","@id":"https:\/\/archilaabogados.com\/#website","url":"https:\/\/archilaabogados.com\/","name":"Archila Abogados","description":"Servicios legales","potentialAction":[{"@type":"SearchAction","target":{"@type":"EntryPoint","urlTemplate":"https:\/\/archilaabogados.com\/?s={search_term_string}"},"query-input":{"@type":"PropertyValueSpecification","valueRequired":true,"valueName":"search_term_string"}}],"inLanguage":"en-US"},{"@type":"Person","@id":"https:\/\/archilaabogados.com\/#\/schema\/person\/2ebc59f80cf35317c2a9f16341ee7883","name":"ArhilAdmin","image":{"@type":"ImageObject","inLanguage":"en-US","@id":"https:\/\/secure.gravatar.com\/avatar\/9dcaf3f4e6ece3ae0c14ad443b5883bafd050ab345f218cf32465ef4c68ec5f4?s=96&d=mm&r=g","url":"https:\/\/secure.gravatar.com\/avatar\/9dcaf3f4e6ece3ae0c14ad443b5883bafd050ab345f218cf32465ef4c68ec5f4?s=96&d=mm&r=g","contentUrl":"https:\/\/secure.gravatar.com\/avatar\/9dcaf3f4e6ece3ae0c14ad443b5883bafd050ab345f218cf32465ef4c68ec5f4?s=96&d=mm&r=g","caption":"ArhilAdmin"},"sameAs":["https:\/\/archilaabogados.com"],"url":"https:\/\/archilaabogados.com\/en\/author\/arhiladmin\/"}]}},"_links":{"self":[{"href":"https:\/\/archilaabogados.com\/en\/wp-json\/wp\/v2\/posts\/1052","targetHints":{"allow":["GET"]}}],"collection":[{"href":"https:\/\/archilaabogados.com\/en\/wp-json\/wp\/v2\/posts"}],"about":[{"href":"https:\/\/archilaabogados.com\/en\/wp-json\/wp\/v2\/types\/post"}],"author":[{"embeddable":true,"href":"https:\/\/archilaabogados.com\/en\/wp-json\/wp\/v2\/users\/1"}],"replies":[{"embeddable":true,"href":"https:\/\/archilaabogados.com\/en\/wp-json\/wp\/v2\/comments?post=1052"}],"version-history":[{"count":1,"href":"https:\/\/archilaabogados.com\/en\/wp-json\/wp\/v2\/posts\/1052\/revisions"}],"predecessor-version":[{"id":1606,"href":"https:\/\/archilaabogados.com\/en\/wp-json\/wp\/v2\/posts\/1052\/revisions\/1606"}],"wp:featuredmedia":[{"embeddable":true,"href":"https:\/\/archilaabogados.com\/en\/wp-json\/wp\/v2\/media\/986"}],"wp:attachment":[{"href":"https:\/\/archilaabogados.com\/en\/wp-json\/wp\/v2\/media?parent=1052"}],"wp:term":[{"taxonomy":"category","embeddable":true,"href":"https:\/\/archilaabogados.com\/en\/wp-json\/wp\/v2\/categories?post=1052"},{"taxonomy":"post_tag","embeddable":true,"href":"https:\/\/archilaabogados.com\/en\/wp-json\/wp\/v2\/tags?post=1052"}],"curies":[{"name":"wp","href":"https:\/\/api.w.org\/{rel}","templated":true}]}}