{"id":1078,"date":"2019-02-17T10:32:11","date_gmt":"2019-02-17T10:32:11","guid":{"rendered":"https:\/\/archilaabogados.com\/?p=1866"},"modified":"2022-06-07T19:24:30","modified_gmt":"2022-06-07T19:24:30","slug":"cortulua-vs-atletico-nacional-un-partido-de-cuatro-anos","status":"publish","type":"post","link":"https:\/\/archilaabogados.com\/en\/2019\/02\/17\/cortulua-vs-atletico-nacional-un-partido-de-cuatro-anos\/","title":{"rendered":"Cortulu\u00e1 vs. Atl\u00e9tico Nacional: Un partido de cuatro a\u00f1os"},"content":{"rendered":"<p>En la tradicional columna de opini\u00f3n, <strong>F\u00daTBOL A LO LEGAL<\/strong>, para la revista <strong>F\u00fatbol Total<\/strong>, el abogado <strong>David Toro Ochoa<\/strong>, hace un an\u00e1lisis a cerca del litigio que mantienen los clubes Atl\u00e9tico Nacional y Cortulu\u00e1, por los derechos federativos del jugador, Fernando Uribe.<\/p>\n<p><strong>Para leer la columna completa debes hacer <a href=\"http:\/\/archilaabogados.com\/wp-content\/uploads\/2019\/02\/futbol_legal_futbol_total_19.pdf\" target=\"_blank\" rel=\"noopener\">clic ac\u00e1.<\/a><\/strong><\/p>\n<p>&nbsp;<\/p>","protected":false},"excerpt":{"rendered":"<p>En la tradicional columna de opini\u00f3n, F\u00daTBOL A LO LEGAL, para la revista F\u00fatbol Total, el abogado David Toro&#8230;<\/p>","protected":false},"author":1,"featured_media":1079,"comment_status":"closed","ping_status":"open","sticky":false,"template":"","format":"standard","meta":{"_kad_post_transparent":"","_kad_post_title":"","_kad_post_layout":"","_kad_post_sidebar_id":"","_kad_post_content_style":"","_kad_post_vertical_padding":"","_kad_post_feature":"","_kad_post_feature_position":"","_kad_post_header":false,"_kad_post_footer":false,"footnotes":""},"categories":[25],"tags":[51],"class_list":["post-1078","post","type-post","status-publish","format-standard","has-post-thumbnail","hentry","category-futbol-total","tag-asuntos-legales"],"yoast_head":"<!-- This site is optimized with the Yoast SEO plugin v27.4 - https:\/\/yoast.com\/product\/yoast-seo-wordpress\/ -->\n<title>Cortulu\u00e1 vs. Atl\u00e9tico Nacional: Un partido de cuatro a\u00f1os - Archila Abogados<\/title>\n<meta name=\"robots\" content=\"index, follow, max-snippet:-1, max-image-preview:large, max-video-preview:-1\" \/>\n<link rel=\"canonical\" href=\"https:\/\/archilaabogados.com\/en\/2019\/02\/17\/cortulua-vs-atletico-nacional-un-partido-de-cuatro-anos\/\" \/>\n<meta property=\"og:locale\" content=\"en_US\" \/>\n<meta property=\"og:type\" content=\"article\" \/>\n<meta property=\"og:title\" content=\"Cortulu\u00e1 vs. Atl\u00e9tico Nacional: Un partido de cuatro a\u00f1os - Archila Abogados\" \/>\n<meta property=\"og:description\" content=\"En la tradicional columna de opini\u00f3n, F\u00daTBOL A LO LEGAL, para la revista F\u00fatbol Total, el abogado David Toro...\" \/>\n<meta property=\"og:url\" content=\"https:\/\/archilaabogados.com\/en\/2019\/02\/17\/cortulua-vs-atletico-nacional-un-partido-de-cuatro-anos\/\" \/>\n<meta property=\"og:site_name\" content=\"Archila Abogados\" \/>\n<meta property=\"article:published_time\" content=\"2019-02-17T10:32:11+00:00\" \/>\n<meta property=\"article:modified_time\" content=\"2022-06-07T19:24:30+00:00\" \/>\n<meta property=\"og:image\" content=\"http:\/\/archilaabogados.com\/wp-content\/uploads\/2019\/02\/presidente_nacional_articulo.jpg\" \/>\n\t<meta property=\"og:image:width\" content=\"240\" \/>\n\t<meta property=\"og:image:height\" content=\"290\" \/>\n\t<meta property=\"og:image:type\" content=\"image\/jpeg\" \/>\n<meta name=\"author\" content=\"ArhilAdmin\" \/>\n<meta name=\"twitter:card\" content=\"summary_large_image\" \/>\n<meta name=\"twitter:label1\" content=\"Written by\" \/>\n\t<meta name=\"twitter:data1\" content=\"ArhilAdmin\" \/>\n<script type=\"application\/ld+json\" class=\"yoast-schema-graph\">{\"@context\":\"https:\\\/\\\/schema.org\",\"@graph\":[{\"@type\":\"Article\",\"@id\":\"https:\\\/\\\/archilaabogados.com\\\/2019\\\/02\\\/17\\\/cortulua-vs-atletico-nacional-un-partido-de-cuatro-anos\\\/#article\",\"isPartOf\":{\"@id\":\"https:\\\/\\\/archilaabogados.com\\\/2019\\\/02\\\/17\\\/cortulua-vs-atletico-nacional-un-partido-de-cuatro-anos\\\/\"},\"author\":{\"name\":\"ArhilAdmin\",\"@id\":\"https:\\\/\\\/archilaabogados.com\\\/#\\\/schema\\\/person\\\/2ebc59f80cf35317c2a9f16341ee7883\"},\"headline\":\"Cortulu\u00e1 vs. Atl\u00e9tico Nacional: Un partido de cuatro a\u00f1os\",\"datePublished\":\"2019-02-17T10:32:11+00:00\",\"dateModified\":\"2022-06-07T19:24:30+00:00\",\"mainEntityOfPage\":{\"@id\":\"https:\\\/\\\/archilaabogados.com\\\/2019\\\/02\\\/17\\\/cortulua-vs-atletico-nacional-un-partido-de-cuatro-anos\\\/\"},\"wordCount\":69,\"image\":{\"@id\":\"https:\\\/\\\/archilaabogados.com\\\/2019\\\/02\\\/17\\\/cortulua-vs-atletico-nacional-un-partido-de-cuatro-anos\\\/#primaryimage\"},\"thumbnailUrl\":\"https:\\\/\\\/archilaabogados.com\\\/wp-content\\\/uploads\\\/2019\\\/02\\\/presidente_nacional_articulo.jpg\",\"keywords\":[\"Asuntos Legales\"],\"articleSection\":[\"F\u00fatbol Total\"],\"inLanguage\":\"en-US\"},{\"@type\":\"WebPage\",\"@id\":\"https:\\\/\\\/archilaabogados.com\\\/2019\\\/02\\\/17\\\/cortulua-vs-atletico-nacional-un-partido-de-cuatro-anos\\\/\",\"url\":\"https:\\\/\\\/archilaabogados.com\\\/2019\\\/02\\\/17\\\/cortulua-vs-atletico-nacional-un-partido-de-cuatro-anos\\\/\",\"name\":\"Cortulu\u00e1 vs. Atl\u00e9tico Nacional: Un partido de cuatro a\u00f1os - Archila Abogados\",\"isPartOf\":{\"@id\":\"https:\\\/\\\/archilaabogados.com\\\/#website\"},\"primaryImageOfPage\":{\"@id\":\"https:\\\/\\\/archilaabogados.com\\\/2019\\\/02\\\/17\\\/cortulua-vs-atletico-nacional-un-partido-de-cuatro-anos\\\/#primaryimage\"},\"image\":{\"@id\":\"https:\\\/\\\/archilaabogados.com\\\/2019\\\/02\\\/17\\\/cortulua-vs-atletico-nacional-un-partido-de-cuatro-anos\\\/#primaryimage\"},\"thumbnailUrl\":\"https:\\\/\\\/archilaabogados.com\\\/wp-content\\\/uploads\\\/2019\\\/02\\\/presidente_nacional_articulo.jpg\",\"datePublished\":\"2019-02-17T10:32:11+00:00\",\"dateModified\":\"2022-06-07T19:24:30+00:00\",\"author\":{\"@id\":\"https:\\\/\\\/archilaabogados.com\\\/#\\\/schema\\\/person\\\/2ebc59f80cf35317c2a9f16341ee7883\"},\"breadcrumb\":{\"@id\":\"https:\\\/\\\/archilaabogados.com\\\/2019\\\/02\\\/17\\\/cortulua-vs-atletico-nacional-un-partido-de-cuatro-anos\\\/#breadcrumb\"},\"inLanguage\":\"en-US\",\"potentialAction\":[{\"@type\":\"ReadAction\",\"target\":[\"https:\\\/\\\/archilaabogados.com\\\/2019\\\/02\\\/17\\\/cortulua-vs-atletico-nacional-un-partido-de-cuatro-anos\\\/\"]}]},{\"@type\":\"ImageObject\",\"inLanguage\":\"en-US\",\"@id\":\"https:\\\/\\\/archilaabogados.com\\\/2019\\\/02\\\/17\\\/cortulua-vs-atletico-nacional-un-partido-de-cuatro-anos\\\/#primaryimage\",\"url\":\"https:\\\/\\\/archilaabogados.com\\\/wp-content\\\/uploads\\\/2019\\\/02\\\/presidente_nacional_articulo.jpg\",\"contentUrl\":\"https:\\\/\\\/archilaabogados.com\\\/wp-content\\\/uploads\\\/2019\\\/02\\\/presidente_nacional_articulo.jpg\",\"width\":240,\"height\":290},{\"@type\":\"BreadcrumbList\",\"@id\":\"https:\\\/\\\/archilaabogados.com\\\/2019\\\/02\\\/17\\\/cortulua-vs-atletico-nacional-un-partido-de-cuatro-anos\\\/#breadcrumb\",\"itemListElement\":[{\"@type\":\"ListItem\",\"position\":1,\"name\":\"Home\",\"item\":\"https:\\\/\\\/archilaabogados.com\\\/\"},{\"@type\":\"ListItem\",\"position\":2,\"name\":\"Cortulu\u00e1 vs. Atl\u00e9tico Nacional: Un partido de cuatro a\u00f1os\"}]},{\"@type\":\"WebSite\",\"@id\":\"https:\\\/\\\/archilaabogados.com\\\/#website\",\"url\":\"https:\\\/\\\/archilaabogados.com\\\/\",\"name\":\"Archila Abogados\",\"description\":\"Servicios legales\",\"potentialAction\":[{\"@type\":\"SearchAction\",\"target\":{\"@type\":\"EntryPoint\",\"urlTemplate\":\"https:\\\/\\\/archilaabogados.com\\\/?s={search_term_string}\"},\"query-input\":{\"@type\":\"PropertyValueSpecification\",\"valueRequired\":true,\"valueName\":\"search_term_string\"}}],\"inLanguage\":\"en-US\"},{\"@type\":\"Person\",\"@id\":\"https:\\\/\\\/archilaabogados.com\\\/#\\\/schema\\\/person\\\/2ebc59f80cf35317c2a9f16341ee7883\",\"name\":\"ArhilAdmin\",\"image\":{\"@type\":\"ImageObject\",\"inLanguage\":\"en-US\",\"@id\":\"https:\\\/\\\/secure.gravatar.com\\\/avatar\\\/9dcaf3f4e6ece3ae0c14ad443b5883bafd050ab345f218cf32465ef4c68ec5f4?s=96&d=mm&r=g\",\"url\":\"https:\\\/\\\/secure.gravatar.com\\\/avatar\\\/9dcaf3f4e6ece3ae0c14ad443b5883bafd050ab345f218cf32465ef4c68ec5f4?s=96&d=mm&r=g\",\"contentUrl\":\"https:\\\/\\\/secure.gravatar.com\\\/avatar\\\/9dcaf3f4e6ece3ae0c14ad443b5883bafd050ab345f218cf32465ef4c68ec5f4?s=96&d=mm&r=g\",\"caption\":\"ArhilAdmin\"},\"sameAs\":[\"https:\\\/\\\/archilaabogados.com\"],\"url\":\"https:\\\/\\\/archilaabogados.com\\\/en\\\/author\\\/arhiladmin\\\/\"}]}<\/script>\n<!-- \/ Yoast SEO plugin. -->","yoast_head_json":{"title":"Cortulu\u00e1 vs. Atl\u00e9tico Nacional: Un partido de cuatro a\u00f1os - Archila Abogados","robots":{"index":"index","follow":"follow","max-snippet":"max-snippet:-1","max-image-preview":"max-image-preview:large","max-video-preview":"max-video-preview:-1"},"canonical":"https:\/\/archilaabogados.com\/en\/2019\/02\/17\/cortulua-vs-atletico-nacional-un-partido-de-cuatro-anos\/","og_locale":"en_US","og_type":"article","og_title":"Cortulu\u00e1 vs. Atl\u00e9tico Nacional: Un partido de cuatro a\u00f1os - Archila Abogados","og_description":"En la tradicional columna de opini\u00f3n, F\u00daTBOL A LO LEGAL, para la revista F\u00fatbol Total, el abogado David Toro...","og_url":"https:\/\/archilaabogados.com\/en\/2019\/02\/17\/cortulua-vs-atletico-nacional-un-partido-de-cuatro-anos\/","og_site_name":"Archila Abogados","article_published_time":"2019-02-17T10:32:11+00:00","article_modified_time":"2022-06-07T19:24:30+00:00","og_image":[{"width":240,"height":290,"url":"http:\/\/archilaabogados.com\/wp-content\/uploads\/2019\/02\/presidente_nacional_articulo.jpg","type":"image\/jpeg"}],"author":"ArhilAdmin","twitter_card":"summary_large_image","twitter_misc":{"Written by":"ArhilAdmin"},"schema":{"@context":"https:\/\/schema.org","@graph":[{"@type":"Article","@id":"https:\/\/archilaabogados.com\/2019\/02\/17\/cortulua-vs-atletico-nacional-un-partido-de-cuatro-anos\/#article","isPartOf":{"@id":"https:\/\/archilaabogados.com\/2019\/02\/17\/cortulua-vs-atletico-nacional-un-partido-de-cuatro-anos\/"},"author":{"name":"ArhilAdmin","@id":"https:\/\/archilaabogados.com\/#\/schema\/person\/2ebc59f80cf35317c2a9f16341ee7883"},"headline":"Cortulu\u00e1 vs. Atl\u00e9tico Nacional: Un partido de cuatro a\u00f1os","datePublished":"2019-02-17T10:32:11+00:00","dateModified":"2022-06-07T19:24:30+00:00","mainEntityOfPage":{"@id":"https:\/\/archilaabogados.com\/2019\/02\/17\/cortulua-vs-atletico-nacional-un-partido-de-cuatro-anos\/"},"wordCount":69,"image":{"@id":"https:\/\/archilaabogados.com\/2019\/02\/17\/cortulua-vs-atletico-nacional-un-partido-de-cuatro-anos\/#primaryimage"},"thumbnailUrl":"https:\/\/archilaabogados.com\/wp-content\/uploads\/2019\/02\/presidente_nacional_articulo.jpg","keywords":["Asuntos Legales"],"articleSection":["F\u00fatbol Total"],"inLanguage":"en-US"},{"@type":"WebPage","@id":"https:\/\/archilaabogados.com\/2019\/02\/17\/cortulua-vs-atletico-nacional-un-partido-de-cuatro-anos\/","url":"https:\/\/archilaabogados.com\/2019\/02\/17\/cortulua-vs-atletico-nacional-un-partido-de-cuatro-anos\/","name":"Cortulu\u00e1 vs. Atl\u00e9tico Nacional: Un partido de cuatro a\u00f1os - Archila Abogados","isPartOf":{"@id":"https:\/\/archilaabogados.com\/#website"},"primaryImageOfPage":{"@id":"https:\/\/archilaabogados.com\/2019\/02\/17\/cortulua-vs-atletico-nacional-un-partido-de-cuatro-anos\/#primaryimage"},"image":{"@id":"https:\/\/archilaabogados.com\/2019\/02\/17\/cortulua-vs-atletico-nacional-un-partido-de-cuatro-anos\/#primaryimage"},"thumbnailUrl":"https:\/\/archilaabogados.com\/wp-content\/uploads\/2019\/02\/presidente_nacional_articulo.jpg","datePublished":"2019-02-17T10:32:11+00:00","dateModified":"2022-06-07T19:24:30+00:00","author":{"@id":"https:\/\/archilaabogados.com\/#\/schema\/person\/2ebc59f80cf35317c2a9f16341ee7883"},"breadcrumb":{"@id":"https:\/\/archilaabogados.com\/2019\/02\/17\/cortulua-vs-atletico-nacional-un-partido-de-cuatro-anos\/#breadcrumb"},"inLanguage":"en-US","potentialAction":[{"@type":"ReadAction","target":["https:\/\/archilaabogados.com\/2019\/02\/17\/cortulua-vs-atletico-nacional-un-partido-de-cuatro-anos\/"]}]},{"@type":"ImageObject","inLanguage":"en-US","@id":"https:\/\/archilaabogados.com\/2019\/02\/17\/cortulua-vs-atletico-nacional-un-partido-de-cuatro-anos\/#primaryimage","url":"https:\/\/archilaabogados.com\/wp-content\/uploads\/2019\/02\/presidente_nacional_articulo.jpg","contentUrl":"https:\/\/archilaabogados.com\/wp-content\/uploads\/2019\/02\/presidente_nacional_articulo.jpg","width":240,"height":290},{"@type":"BreadcrumbList","@id":"https:\/\/archilaabogados.com\/2019\/02\/17\/cortulua-vs-atletico-nacional-un-partido-de-cuatro-anos\/#breadcrumb","itemListElement":[{"@type":"ListItem","position":1,"name":"Home","item":"https:\/\/archilaabogados.com\/"},{"@type":"ListItem","position":2,"name":"Cortulu\u00e1 vs. Atl\u00e9tico Nacional: Un partido de cuatro a\u00f1os"}]},{"@type":"WebSite","@id":"https:\/\/archilaabogados.com\/#website","url":"https:\/\/archilaabogados.com\/","name":"Archila Abogados","description":"Servicios legales","potentialAction":[{"@type":"SearchAction","target":{"@type":"EntryPoint","urlTemplate":"https:\/\/archilaabogados.com\/?s={search_term_string}"},"query-input":{"@type":"PropertyValueSpecification","valueRequired":true,"valueName":"search_term_string"}}],"inLanguage":"en-US"},{"@type":"Person","@id":"https:\/\/archilaabogados.com\/#\/schema\/person\/2ebc59f80cf35317c2a9f16341ee7883","name":"ArhilAdmin","image":{"@type":"ImageObject","inLanguage":"en-US","@id":"https:\/\/secure.gravatar.com\/avatar\/9dcaf3f4e6ece3ae0c14ad443b5883bafd050ab345f218cf32465ef4c68ec5f4?s=96&d=mm&r=g","url":"https:\/\/secure.gravatar.com\/avatar\/9dcaf3f4e6ece3ae0c14ad443b5883bafd050ab345f218cf32465ef4c68ec5f4?s=96&d=mm&r=g","contentUrl":"https:\/\/secure.gravatar.com\/avatar\/9dcaf3f4e6ece3ae0c14ad443b5883bafd050ab345f218cf32465ef4c68ec5f4?s=96&d=mm&r=g","caption":"ArhilAdmin"},"sameAs":["https:\/\/archilaabogados.com"],"url":"https:\/\/archilaabogados.com\/en\/author\/arhiladmin\/"}]}},"_links":{"self":[{"href":"https:\/\/archilaabogados.com\/en\/wp-json\/wp\/v2\/posts\/1078","targetHints":{"allow":["GET"]}}],"collection":[{"href":"https:\/\/archilaabogados.com\/en\/wp-json\/wp\/v2\/posts"}],"about":[{"href":"https:\/\/archilaabogados.com\/en\/wp-json\/wp\/v2\/types\/post"}],"author":[{"embeddable":true,"href":"https:\/\/archilaabogados.com\/en\/wp-json\/wp\/v2\/users\/1"}],"replies":[{"embeddable":true,"href":"https:\/\/archilaabogados.com\/en\/wp-json\/wp\/v2\/comments?post=1078"}],"version-history":[{"count":1,"href":"https:\/\/archilaabogados.com\/en\/wp-json\/wp\/v2\/posts\/1078\/revisions"}],"predecessor-version":[{"id":1623,"href":"https:\/\/archilaabogados.com\/en\/wp-json\/wp\/v2\/posts\/1078\/revisions\/1623"}],"wp:featuredmedia":[{"embeddable":true,"href":"https:\/\/archilaabogados.com\/en\/wp-json\/wp\/v2\/media\/1079"}],"wp:attachment":[{"href":"https:\/\/archilaabogados.com\/en\/wp-json\/wp\/v2\/media?parent=1078"}],"wp:term":[{"taxonomy":"category","embeddable":true,"href":"https:\/\/archilaabogados.com\/en\/wp-json\/wp\/v2\/categories?post=1078"},{"taxonomy":"post_tag","embeddable":true,"href":"https:\/\/archilaabogados.com\/en\/wp-json\/wp\/v2\/tags?post=1078"}],"curies":[{"name":"wp","href":"https:\/\/api.w.org\/{rel}","templated":true}]}}