{"id":1081,"date":"2018-12-24T06:06:24","date_gmt":"2018-12-24T06:06:24","guid":{"rendered":"https:\/\/archilaabogados.com\/?p=1861"},"modified":"2022-05-27T05:55:03","modified_gmt":"2022-05-27T05:55:03","slug":"usuarios-impotentes","status":"publish","type":"post","link":"https:\/\/archilaabogados.com\/en\/2018\/12\/24\/usuarios-impotentes\/","title":{"rendered":"Usuarios impotentes"},"content":{"rendered":"<p><strong>Bogot\u00e1<\/strong><br \/>\n<strong>23\/12\/2018.<\/strong><\/p>\n<p>En los \u00faltimos a\u00f1os, no son pocos los usuarios del transporte a\u00e9reo que sienten que sus derechos como consumidores est\u00e1n siendo sistem\u00e1ticamente vulnerados. Recientemente, viv\u00ed dos situaciones irregulares con aerol\u00edneas diferentes en las cuales sent\u00ed que mis derechos como consumidor solo fueron garantizados cuando activ\u00e9, ante la Superintendencia de Industria y Comercio, las v\u00edas de protecci\u00f3n previstas en el Estatuto del Consumidor. Sin embargo, esto no deber\u00eda ser as\u00ed.<\/p>\n<p>Los Reglamentos Aeron\u00e1uticos de Colombia (RAC) prev\u00e9n una protecci\u00f3n especial para los usuarios que se aplica de forma preferente al Estatuto mencionado, reconociendo a los usuarios la posibilidad de formular las peticiones, quejas o reclamos ante las aerol\u00edneas, para que est\u00e1s las atiendan con una serie de compensaciones que est\u00e1n previamente establecidas en la regulaci\u00f3n. Adem\u00e1s, dichos reglamentos posibilitan a los usuarios para formular denuncias ante la UAE Aeron\u00e1utica Civil, para que investigue y sancione a las aerol\u00edneas cuando no cumplan con sus obligaciones legales, regulatorias y contractuales. Es esta entidad la encargada de la supervisi\u00f3n de las empresas de transporte a\u00e9reo. As\u00ed, este organismo tiene la potestad de sancionar las empresas de servicios a\u00e9reos comerciales que, por ejemplo, incurran en la cancelaci\u00f3n de vuelos sin informarlo con antelaci\u00f3n, el retraso de vuelos por fuera de los m\u00e1rgenes permitidos, da\u00f1o o extrav\u00edo de equipajes, entre otros.<\/p>\n<p>Ahora, \u00bfqu\u00e9 tan eficiente ha sido la funci\u00f3n sancionatoria de la Aerocivil frente a las aerol\u00edneas? No son muchas las sanciones a las aerol\u00edneas por violaci\u00f3n de normas de protecci\u00f3n al consumidor que son conocidas por la opini\u00f3n p\u00fablica. Sin embargo, seg\u00fan la intervenci\u00f3n en el Congreso de Juan Carlos Salazar, director de la Aerocivil, este a\u00f1o se han impuesto sanciones por casi $4.000 millones, pero sorpresivamente no aparece registro alguno en el sitio web de la entidad de dichas multas. Lo cierto es que el malestar general de los consumidores frente a las aerol\u00edneas se ve cada d\u00eda a trav\u00e9s de las redes sociales y los medios de comunicaci\u00f3n, y m\u00e1s que malestar es la impotencia de ver que el Estado no vela por la protecci\u00f3n de sus derechos.<\/p>\n<p>La soluci\u00f3n dada hasta el momento por parte de Aerocivil ha sido crear una alianza con la Superintendencia de Industria y Comercio, donde a trav\u00e9s de la plataforma tecnol\u00f3gica \u201cSIC Facilita\u201d, los usuarios pueden realizar sus reclamos frente a las aerol\u00edneas de forma m\u00e1s f\u00e1cil. No obstante, esto resulta a todas luces una medida inocua porque los usuarios siguen sin sentir que las empresas de transporte a\u00e9reo respeten sus derechos.<\/p>\n<p>Pareciera entonces que la Aerocivil pasara por alto las faltas en las que incurren a diario las aerol\u00edneas y sus constantes incumplimientos a los Reglamentos Aeron\u00e1uticos. \u00bfSer\u00e1 entonces que estamos en presencia de una \u201ccaptura del regulador\u201d, donde la Aeron\u00e1utica Civil, en vez de trabajar en funci\u00f3n del bienestar general, se ha dedicado a favorecer a las aerol\u00edneas, muy a pesar de su mala praxis?<\/p>\n<p>Eso no lo sabemos. Sin embargo, es posible que sea \u00e9ste el momento para que otra entidad tome las riendas del \u201cenforcement\u201d de los Reglamentos Aeron\u00e1uticos. Quiz\u00e1 la SIC, teniendo basta experiencia en la protecci\u00f3n de los derechos los consumidores, resultar\u00eda mucho m\u00e1s eficiente al momento hacer cumplir dichos Reglamentos, y a la hora de defender los intereses de los usuarios de un servicio p\u00fablico como lo es el transporte a\u00e9reo.<\/p>\n<p><strong><a href=\"https:\/\/www.asuntoslegales.com.co\/analisis\/david-toro-ochoa-2776690\/usuarios-impotentes-2808787\" target=\"_blank\" rel=\"noopener\">*Ac\u00e1 puedes leer art\u00edculo original en Asuntos Legales. <\/a><\/strong><\/p>\n<p>&nbsp;<\/p>","protected":false},"excerpt":{"rendered":"<p>Bogot\u00e1 23\/12\/2018. En los \u00faltimos a\u00f1os, no son pocos los usuarios del transporte a\u00e9reo que sienten que sus derechos&#8230;<\/p>","protected":false},"author":1,"featured_media":1075,"comment_status":"closed","ping_status":"open","sticky":false,"template":"","format":"standard","meta":{"_kad_post_transparent":"","_kad_post_title":"","_kad_post_layout":"","_kad_post_sidebar_id":"","_kad_post_content_style":"","_kad_post_vertical_padding":"","_kad_post_feature":"","_kad_post_feature_position":"","_kad_post_header":false,"_kad_post_footer":false,"footnotes":""},"categories":[15],"tags":[51],"class_list":["post-1081","post","type-post","status-publish","format-standard","has-post-thumbnail","hentry","category-diario-la-republica","tag-asuntos-legales"],"yoast_head":"<!-- This site is optimized with the Yoast SEO plugin v27.4 - https:\/\/yoast.com\/product\/yoast-seo-wordpress\/ -->\n<title>Usuarios impotentes - Archila Abogados<\/title>\n<meta name=\"robots\" content=\"index, follow, max-snippet:-1, max-image-preview:large, max-video-preview:-1\" \/>\n<link rel=\"canonical\" href=\"https:\/\/archilaabogados.com\/en\/2018\/12\/24\/usuarios-impotentes\/\" \/>\n<meta property=\"og:locale\" content=\"en_US\" \/>\n<meta property=\"og:type\" content=\"article\" \/>\n<meta property=\"og:title\" content=\"Usuarios impotentes - Archila Abogados\" \/>\n<meta property=\"og:description\" content=\"Bogot\u00e1 23\/12\/2018. En los \u00faltimos a\u00f1os, no son pocos los usuarios del transporte a\u00e9reo que sienten que sus derechos...\" \/>\n<meta property=\"og:url\" content=\"https:\/\/archilaabogados.com\/en\/2018\/12\/24\/usuarios-impotentes\/\" \/>\n<meta property=\"og:site_name\" content=\"Archila Abogados\" \/>\n<meta property=\"article:published_time\" content=\"2018-12-24T06:06:24+00:00\" \/>\n<meta property=\"article:modified_time\" content=\"2022-05-27T05:55:03+00:00\" \/>\n<meta property=\"og:image\" content=\"http:\/\/archilaabogados.com\/wp-content\/uploads\/2017\/12\/david_toro.jpg\" \/>\n\t<meta property=\"og:image:width\" content=\"240\" \/>\n\t<meta property=\"og:image:height\" content=\"290\" \/>\n\t<meta property=\"og:image:type\" content=\"image\/jpeg\" \/>\n<meta name=\"author\" content=\"ArhilAdmin\" \/>\n<meta name=\"twitter:card\" content=\"summary_large_image\" \/>\n<meta name=\"twitter:label1\" content=\"Written by\" \/>\n\t<meta name=\"twitter:data1\" content=\"ArhilAdmin\" \/>\n\t<meta name=\"twitter:label2\" content=\"Est. reading time\" \/>\n\t<meta name=\"twitter:data2\" content=\"3 minutes\" \/>\n<script type=\"application\/ld+json\" class=\"yoast-schema-graph\">{\"@context\":\"https:\\\/\\\/schema.org\",\"@graph\":[{\"@type\":\"Article\",\"@id\":\"https:\\\/\\\/archilaabogados.com\\\/2018\\\/12\\\/24\\\/usuarios-impotentes\\\/#article\",\"isPartOf\":{\"@id\":\"https:\\\/\\\/archilaabogados.com\\\/2018\\\/12\\\/24\\\/usuarios-impotentes\\\/\"},\"author\":{\"name\":\"ArhilAdmin\",\"@id\":\"https:\\\/\\\/archilaabogados.com\\\/#\\\/schema\\\/person\\\/2ebc59f80cf35317c2a9f16341ee7883\"},\"headline\":\"Usuarios impotentes\",\"datePublished\":\"2018-12-24T06:06:24+00:00\",\"dateModified\":\"2022-05-27T05:55:03+00:00\",\"mainEntityOfPage\":{\"@id\":\"https:\\\/\\\/archilaabogados.com\\\/2018\\\/12\\\/24\\\/usuarios-impotentes\\\/\"},\"wordCount\":623,\"image\":{\"@id\":\"https:\\\/\\\/archilaabogados.com\\\/2018\\\/12\\\/24\\\/usuarios-impotentes\\\/#primaryimage\"},\"thumbnailUrl\":\"https:\\\/\\\/archilaabogados.com\\\/wp-content\\\/uploads\\\/2017\\\/12\\\/david_toro.jpg\",\"keywords\":[\"Asuntos Legales\"],\"articleSection\":[\"Diario La Rep\u00fablica\"],\"inLanguage\":\"en-US\"},{\"@type\":\"WebPage\",\"@id\":\"https:\\\/\\\/archilaabogados.com\\\/2018\\\/12\\\/24\\\/usuarios-impotentes\\\/\",\"url\":\"https:\\\/\\\/archilaabogados.com\\\/2018\\\/12\\\/24\\\/usuarios-impotentes\\\/\",\"name\":\"Usuarios impotentes - Archila Abogados\",\"isPartOf\":{\"@id\":\"https:\\\/\\\/archilaabogados.com\\\/#website\"},\"primaryImageOfPage\":{\"@id\":\"https:\\\/\\\/archilaabogados.com\\\/2018\\\/12\\\/24\\\/usuarios-impotentes\\\/#primaryimage\"},\"image\":{\"@id\":\"https:\\\/\\\/archilaabogados.com\\\/2018\\\/12\\\/24\\\/usuarios-impotentes\\\/#primaryimage\"},\"thumbnailUrl\":\"https:\\\/\\\/archilaabogados.com\\\/wp-content\\\/uploads\\\/2017\\\/12\\\/david_toro.jpg\",\"datePublished\":\"2018-12-24T06:06:24+00:00\",\"dateModified\":\"2022-05-27T05:55:03+00:00\",\"author\":{\"@id\":\"https:\\\/\\\/archilaabogados.com\\\/#\\\/schema\\\/person\\\/2ebc59f80cf35317c2a9f16341ee7883\"},\"breadcrumb\":{\"@id\":\"https:\\\/\\\/archilaabogados.com\\\/2018\\\/12\\\/24\\\/usuarios-impotentes\\\/#breadcrumb\"},\"inLanguage\":\"en-US\",\"potentialAction\":[{\"@type\":\"ReadAction\",\"target\":[\"https:\\\/\\\/archilaabogados.com\\\/2018\\\/12\\\/24\\\/usuarios-impotentes\\\/\"]}]},{\"@type\":\"ImageObject\",\"inLanguage\":\"en-US\",\"@id\":\"https:\\\/\\\/archilaabogados.com\\\/2018\\\/12\\\/24\\\/usuarios-impotentes\\\/#primaryimage\",\"url\":\"https:\\\/\\\/archilaabogados.com\\\/wp-content\\\/uploads\\\/2017\\\/12\\\/david_toro.jpg\",\"contentUrl\":\"https:\\\/\\\/archilaabogados.com\\\/wp-content\\\/uploads\\\/2017\\\/12\\\/david_toro.jpg\",\"width\":240,\"height\":290,\"caption\":\"David Toro Ochoa Asociado Junior\"},{\"@type\":\"BreadcrumbList\",\"@id\":\"https:\\\/\\\/archilaabogados.com\\\/2018\\\/12\\\/24\\\/usuarios-impotentes\\\/#breadcrumb\",\"itemListElement\":[{\"@type\":\"ListItem\",\"position\":1,\"name\":\"Home\",\"item\":\"https:\\\/\\\/archilaabogados.com\\\/\"},{\"@type\":\"ListItem\",\"position\":2,\"name\":\"Usuarios impotentes\"}]},{\"@type\":\"WebSite\",\"@id\":\"https:\\\/\\\/archilaabogados.com\\\/#website\",\"url\":\"https:\\\/\\\/archilaabogados.com\\\/\",\"name\":\"Archila Abogados\",\"description\":\"Servicios legales\",\"potentialAction\":[{\"@type\":\"SearchAction\",\"target\":{\"@type\":\"EntryPoint\",\"urlTemplate\":\"https:\\\/\\\/archilaabogados.com\\\/?s={search_term_string}\"},\"query-input\":{\"@type\":\"PropertyValueSpecification\",\"valueRequired\":true,\"valueName\":\"search_term_string\"}}],\"inLanguage\":\"en-US\"},{\"@type\":\"Person\",\"@id\":\"https:\\\/\\\/archilaabogados.com\\\/#\\\/schema\\\/person\\\/2ebc59f80cf35317c2a9f16341ee7883\",\"name\":\"ArhilAdmin\",\"image\":{\"@type\":\"ImageObject\",\"inLanguage\":\"en-US\",\"@id\":\"https:\\\/\\\/secure.gravatar.com\\\/avatar\\\/9dcaf3f4e6ece3ae0c14ad443b5883bafd050ab345f218cf32465ef4c68ec5f4?s=96&d=mm&r=g\",\"url\":\"https:\\\/\\\/secure.gravatar.com\\\/avatar\\\/9dcaf3f4e6ece3ae0c14ad443b5883bafd050ab345f218cf32465ef4c68ec5f4?s=96&d=mm&r=g\",\"contentUrl\":\"https:\\\/\\\/secure.gravatar.com\\\/avatar\\\/9dcaf3f4e6ece3ae0c14ad443b5883bafd050ab345f218cf32465ef4c68ec5f4?s=96&d=mm&r=g\",\"caption\":\"ArhilAdmin\"},\"sameAs\":[\"https:\\\/\\\/archilaabogados.com\"],\"url\":\"https:\\\/\\\/archilaabogados.com\\\/en\\\/author\\\/arhiladmin\\\/\"}]}<\/script>\n<!-- \/ Yoast SEO plugin. -->","yoast_head_json":{"title":"Usuarios impotentes - Archila Abogados","robots":{"index":"index","follow":"follow","max-snippet":"max-snippet:-1","max-image-preview":"max-image-preview:large","max-video-preview":"max-video-preview:-1"},"canonical":"https:\/\/archilaabogados.com\/en\/2018\/12\/24\/usuarios-impotentes\/","og_locale":"en_US","og_type":"article","og_title":"Usuarios impotentes - Archila Abogados","og_description":"Bogot\u00e1 23\/12\/2018. En los \u00faltimos a\u00f1os, no son pocos los usuarios del transporte a\u00e9reo que sienten que sus derechos...","og_url":"https:\/\/archilaabogados.com\/en\/2018\/12\/24\/usuarios-impotentes\/","og_site_name":"Archila Abogados","article_published_time":"2018-12-24T06:06:24+00:00","article_modified_time":"2022-05-27T05:55:03+00:00","og_image":[{"width":240,"height":290,"url":"http:\/\/archilaabogados.com\/wp-content\/uploads\/2017\/12\/david_toro.jpg","type":"image\/jpeg"}],"author":"ArhilAdmin","twitter_card":"summary_large_image","twitter_misc":{"Written by":"ArhilAdmin","Est. reading time":"3 minutes"},"schema":{"@context":"https:\/\/schema.org","@graph":[{"@type":"Article","@id":"https:\/\/archilaabogados.com\/2018\/12\/24\/usuarios-impotentes\/#article","isPartOf":{"@id":"https:\/\/archilaabogados.com\/2018\/12\/24\/usuarios-impotentes\/"},"author":{"name":"ArhilAdmin","@id":"https:\/\/archilaabogados.com\/#\/schema\/person\/2ebc59f80cf35317c2a9f16341ee7883"},"headline":"Usuarios impotentes","datePublished":"2018-12-24T06:06:24+00:00","dateModified":"2022-05-27T05:55:03+00:00","mainEntityOfPage":{"@id":"https:\/\/archilaabogados.com\/2018\/12\/24\/usuarios-impotentes\/"},"wordCount":623,"image":{"@id":"https:\/\/archilaabogados.com\/2018\/12\/24\/usuarios-impotentes\/#primaryimage"},"thumbnailUrl":"https:\/\/archilaabogados.com\/wp-content\/uploads\/2017\/12\/david_toro.jpg","keywords":["Asuntos Legales"],"articleSection":["Diario La Rep\u00fablica"],"inLanguage":"en-US"},{"@type":"WebPage","@id":"https:\/\/archilaabogados.com\/2018\/12\/24\/usuarios-impotentes\/","url":"https:\/\/archilaabogados.com\/2018\/12\/24\/usuarios-impotentes\/","name":"Usuarios impotentes - Archila Abogados","isPartOf":{"@id":"https:\/\/archilaabogados.com\/#website"},"primaryImageOfPage":{"@id":"https:\/\/archilaabogados.com\/2018\/12\/24\/usuarios-impotentes\/#primaryimage"},"image":{"@id":"https:\/\/archilaabogados.com\/2018\/12\/24\/usuarios-impotentes\/#primaryimage"},"thumbnailUrl":"https:\/\/archilaabogados.com\/wp-content\/uploads\/2017\/12\/david_toro.jpg","datePublished":"2018-12-24T06:06:24+00:00","dateModified":"2022-05-27T05:55:03+00:00","author":{"@id":"https:\/\/archilaabogados.com\/#\/schema\/person\/2ebc59f80cf35317c2a9f16341ee7883"},"breadcrumb":{"@id":"https:\/\/archilaabogados.com\/2018\/12\/24\/usuarios-impotentes\/#breadcrumb"},"inLanguage":"en-US","potentialAction":[{"@type":"ReadAction","target":["https:\/\/archilaabogados.com\/2018\/12\/24\/usuarios-impotentes\/"]}]},{"@type":"ImageObject","inLanguage":"en-US","@id":"https:\/\/archilaabogados.com\/2018\/12\/24\/usuarios-impotentes\/#primaryimage","url":"https:\/\/archilaabogados.com\/wp-content\/uploads\/2017\/12\/david_toro.jpg","contentUrl":"https:\/\/archilaabogados.com\/wp-content\/uploads\/2017\/12\/david_toro.jpg","width":240,"height":290,"caption":"David Toro Ochoa Asociado Junior"},{"@type":"BreadcrumbList","@id":"https:\/\/archilaabogados.com\/2018\/12\/24\/usuarios-impotentes\/#breadcrumb","itemListElement":[{"@type":"ListItem","position":1,"name":"Home","item":"https:\/\/archilaabogados.com\/"},{"@type":"ListItem","position":2,"name":"Usuarios impotentes"}]},{"@type":"WebSite","@id":"https:\/\/archilaabogados.com\/#website","url":"https:\/\/archilaabogados.com\/","name":"Archila Abogados","description":"Servicios legales","potentialAction":[{"@type":"SearchAction","target":{"@type":"EntryPoint","urlTemplate":"https:\/\/archilaabogados.com\/?s={search_term_string}"},"query-input":{"@type":"PropertyValueSpecification","valueRequired":true,"valueName":"search_term_string"}}],"inLanguage":"en-US"},{"@type":"Person","@id":"https:\/\/archilaabogados.com\/#\/schema\/person\/2ebc59f80cf35317c2a9f16341ee7883","name":"ArhilAdmin","image":{"@type":"ImageObject","inLanguage":"en-US","@id":"https:\/\/secure.gravatar.com\/avatar\/9dcaf3f4e6ece3ae0c14ad443b5883bafd050ab345f218cf32465ef4c68ec5f4?s=96&d=mm&r=g","url":"https:\/\/secure.gravatar.com\/avatar\/9dcaf3f4e6ece3ae0c14ad443b5883bafd050ab345f218cf32465ef4c68ec5f4?s=96&d=mm&r=g","contentUrl":"https:\/\/secure.gravatar.com\/avatar\/9dcaf3f4e6ece3ae0c14ad443b5883bafd050ab345f218cf32465ef4c68ec5f4?s=96&d=mm&r=g","caption":"ArhilAdmin"},"sameAs":["https:\/\/archilaabogados.com"],"url":"https:\/\/archilaabogados.com\/en\/author\/arhiladmin\/"}]}},"_links":{"self":[{"href":"https:\/\/archilaabogados.com\/en\/wp-json\/wp\/v2\/posts\/1081","targetHints":{"allow":["GET"]}}],"collection":[{"href":"https:\/\/archilaabogados.com\/en\/wp-json\/wp\/v2\/posts"}],"about":[{"href":"https:\/\/archilaabogados.com\/en\/wp-json\/wp\/v2\/types\/post"}],"author":[{"embeddable":true,"href":"https:\/\/archilaabogados.com\/en\/wp-json\/wp\/v2\/users\/1"}],"replies":[{"embeddable":true,"href":"https:\/\/archilaabogados.com\/en\/wp-json\/wp\/v2\/comments?post=1081"}],"version-history":[{"count":1,"href":"https:\/\/archilaabogados.com\/en\/wp-json\/wp\/v2\/posts\/1081\/revisions"}],"predecessor-version":[{"id":1624,"href":"https:\/\/archilaabogados.com\/en\/wp-json\/wp\/v2\/posts\/1081\/revisions\/1624"}],"wp:featuredmedia":[{"embeddable":true,"href":"https:\/\/archilaabogados.com\/en\/wp-json\/wp\/v2\/media\/1075"}],"wp:attachment":[{"href":"https:\/\/archilaabogados.com\/en\/wp-json\/wp\/v2\/media?parent=1081"}],"wp:term":[{"taxonomy":"category","embeddable":true,"href":"https:\/\/archilaabogados.com\/en\/wp-json\/wp\/v2\/categories?post=1081"},{"taxonomy":"post_tag","embeddable":true,"href":"https:\/\/archilaabogados.com\/en\/wp-json\/wp\/v2\/tags?post=1081"}],"curies":[{"name":"wp","href":"https:\/\/api.w.org\/{rel}","templated":true}]}}