{"id":1100,"date":"2018-09-18T11:17:25","date_gmt":"2018-09-18T11:17:25","guid":{"rendered":"https:\/\/archilaabogados.com\/?p=1772"},"modified":"2022-05-27T05:55:04","modified_gmt":"2022-05-27T05:55:04","slug":"retos-del-superintendente-de-industria-y-comercio","status":"publish","type":"post","link":"https:\/\/archilaabogados.com\/en\/2018\/09\/18\/retos-del-superintendente-de-industria-y-comercio\/","title":{"rendered":"Retos del Superintendente de Industria y Comercio"},"content":{"rendered":"<p>En este cambio de gobierno, estamos a la espera del nombramiento por parte del presidente Iv\u00e1n Duque que la persona que ejercer\u00e1 las funciones que le corresponden a la cabeza de la Superintendencia de Industria y Comercio. La administraci\u00f3n saliente ha dejado la vara muy alta respecto de su compromiso con los derechos de los consumidores y la lucha contra la corrupci\u00f3n, la cual fue una pol\u00edtica p\u00fablica bandera del anterior gobierno.<\/p>\n<p>Fueron muchos los casos y diversos los mercados en los cuales la Superintendencia actu\u00f3 para proteger la libre competencia econ\u00f3mica como una derecho de todos los colombianos, tal y como se ordena en el art\u00edculo 333 Superior.<\/p>\n<p>El nuevo Superintendente de Industria y Comercio deber\u00e1 seguir por ese camino cumplirle a los consumidores colombianos y propugnando por la eficiencia econ\u00f3mica de los mercados, dentro del marco de la Econom\u00eda Social de Mercado que manda la Constituci\u00f3n. Sin embargo, tambi\u00e9n son muchos lo retos que enfrentar\u00e1 la nueva administraci\u00f3n para recuperar la confianza en los empresarios y mostrar que la Superintendencia no es un lobo feroz que quiere combatirlos a toda costa.<\/p>\n<p>Para ello, el Superintendente deber\u00e1 utilizar todas las herramientas que en la ley se le otorgan y que resultan efectivas para cumplir los prop\u00f3sitos fundamentales de las actuaciones de la Autoridad: la libre competencia, la eficiencia econ\u00f3mica y el bienestar de los consumidores.<\/p>\n<p>Sin lugar a dudas, una de las herramientas importantes que tiene la SIC para cumplir sus prop\u00f3sitos en materia de protecci\u00f3n de la competencia es la aceptaci\u00f3n de garant\u00edas ofrecidas por los investigados en el marco de un proceso sancionatorio por la comisi\u00f3n de pr\u00e1cticas comerciales restrictivas. En el art. 16 de la ley 1340 de 2009 se establece que \u201c\u2026(p)ara que una investigaci\u00f3n por violaci\u00f3n a las normas sobre pr\u00e1cticas comerciales restrictivas pueda terminarse anticipadamente por otorgamiento de garant\u00edas, se requerir\u00e1 que el investigado presente su ofrecimiento antes del vencimiento del t\u00e9rmino concedido por la Superintendencia de Industria y Comercio para solicitar o aportar pruebas. Si se aceptaren las garant\u00edas, en el mismo acto administrativo por el que se ordene la clausura de la investigaci\u00f3n la SIC se\u00f1alar\u00e1 las condiciones en que verificar\u00e1 la continuidad del cumplimiento de las obligaciones adquiridas por los investigados\u201d.<\/p>\n<p>Como puede verse, existe una facultad del Superintendente de terminar anticipadamente las investigaciones iniciadas por la ocurrencia de pr\u00e1cticas restrictivas de la competencia cuando los investigados, sin admitir su responsabilidad, ofrecen garant\u00edas suficientes para terminar la conducta investigada y se comprometen al cumplimiento de una serie de obligaciones que restablecen la libre competencia en el caso concreto. Esta facultad ha sido completamente descartada por el actual Superintendente. Las \u00faltimas aceptaciones de garant\u00edas fueron realizadas en los \u00faltimos meses de la Superintendencia del doctor Jos\u00e9 Miguel De la Calle (Ver resoluciones 38327 y 53977 de 2012).<\/p>\n<p>Razones tendr\u00e1 la saliente administraci\u00f3n para considerar que esta herramienta no cumple con las expectativas para garantizar la libre competencia en los mercados. No obstante, un gran reto que tiene el pr\u00f3ximo Superintendente es demostrar si el ofrecimiento de garant\u00edas por parte de los investigados resulta o no una medida efectiva para el cumplimiento de los prop\u00f3sitos de las actuaciones de la Autoridad.<\/p>\n<p><strong><a href=\"https:\/\/www.asuntoslegales.com.co\/analisis\/ruben-silva-gomez-2771370\/retos-del-superintendente-de-industria-y-comercio-2771362\" target=\"_blank\" rel=\"noopener\">*Ac\u00e1 puedes leer art\u00edculo original en Asuntos Legales<\/a><\/strong><\/p>\n<p>&nbsp;<\/p>","protected":false},"excerpt":{"rendered":"<p>En este cambio de gobierno, estamos a la espera del nombramiento por parte del presidente Iv\u00e1n Duque que la&#8230;<\/p>","protected":false},"author":1,"featured_media":943,"comment_status":"closed","ping_status":"open","sticky":false,"template":"","format":"standard","meta":{"_kad_post_transparent":"","_kad_post_title":"","_kad_post_layout":"","_kad_post_sidebar_id":"","_kad_post_content_style":"","_kad_post_vertical_padding":"","_kad_post_feature":"","_kad_post_feature_position":"","_kad_post_header":false,"_kad_post_footer":false,"footnotes":""},"categories":[15],"tags":[51],"class_list":["post-1100","post","type-post","status-publish","format-standard","has-post-thumbnail","hentry","category-diario-la-republica","tag-asuntos-legales"],"yoast_head":"<!-- This site is optimized with the Yoast SEO plugin v27.4 - https:\/\/yoast.com\/product\/yoast-seo-wordpress\/ -->\n<title>Retos del Superintendente de Industria y Comercio - Archila Abogados<\/title>\n<meta name=\"robots\" content=\"index, follow, max-snippet:-1, max-image-preview:large, max-video-preview:-1\" \/>\n<link rel=\"canonical\" href=\"https:\/\/archilaabogados.com\/en\/2018\/09\/18\/retos-del-superintendente-de-industria-y-comercio\/\" \/>\n<meta property=\"og:locale\" content=\"en_US\" \/>\n<meta property=\"og:type\" content=\"article\" \/>\n<meta property=\"og:title\" content=\"Retos del Superintendente de Industria y Comercio - Archila Abogados\" \/>\n<meta property=\"og:description\" content=\"En este cambio de gobierno, estamos a la espera del nombramiento por parte del presidente Iv\u00e1n Duque que la...\" \/>\n<meta property=\"og:url\" content=\"https:\/\/archilaabogados.com\/en\/2018\/09\/18\/retos-del-superintendente-de-industria-y-comercio\/\" \/>\n<meta property=\"og:site_name\" content=\"Archila Abogados\" \/>\n<meta property=\"article:published_time\" content=\"2018-09-18T11:17:25+00:00\" \/>\n<meta property=\"article:modified_time\" content=\"2022-05-27T05:55:04+00:00\" \/>\n<meta property=\"og:image\" content=\"http:\/\/archilaabogados.com\/wp-content\/uploads\/2017\/12\/ruben_silva.jpg\" \/>\n\t<meta property=\"og:image:width\" content=\"240\" \/>\n\t<meta property=\"og:image:height\" content=\"290\" \/>\n\t<meta property=\"og:image:type\" content=\"image\/jpeg\" \/>\n<meta name=\"author\" content=\"ArhilAdmin\" \/>\n<meta name=\"twitter:card\" content=\"summary_large_image\" \/>\n<meta name=\"twitter:label1\" content=\"Written by\" \/>\n\t<meta name=\"twitter:data1\" content=\"ArhilAdmin\" \/>\n\t<meta name=\"twitter:label2\" content=\"Est. reading time\" \/>\n\t<meta name=\"twitter:data2\" content=\"3 minutes\" \/>\n<script type=\"application\/ld+json\" class=\"yoast-schema-graph\">{\"@context\":\"https:\\\/\\\/schema.org\",\"@graph\":[{\"@type\":\"Article\",\"@id\":\"https:\\\/\\\/archilaabogados.com\\\/2018\\\/09\\\/18\\\/retos-del-superintendente-de-industria-y-comercio\\\/#article\",\"isPartOf\":{\"@id\":\"https:\\\/\\\/archilaabogados.com\\\/2018\\\/09\\\/18\\\/retos-del-superintendente-de-industria-y-comercio\\\/\"},\"author\":{\"name\":\"ArhilAdmin\",\"@id\":\"https:\\\/\\\/archilaabogados.com\\\/#\\\/schema\\\/person\\\/2ebc59f80cf35317c2a9f16341ee7883\"},\"headline\":\"Retos del Superintendente de Industria y Comercio\",\"datePublished\":\"2018-09-18T11:17:25+00:00\",\"dateModified\":\"2022-05-27T05:55:04+00:00\",\"mainEntityOfPage\":{\"@id\":\"https:\\\/\\\/archilaabogados.com\\\/2018\\\/09\\\/18\\\/retos-del-superintendente-de-industria-y-comercio\\\/\"},\"wordCount\":575,\"image\":{\"@id\":\"https:\\\/\\\/archilaabogados.com\\\/2018\\\/09\\\/18\\\/retos-del-superintendente-de-industria-y-comercio\\\/#primaryimage\"},\"thumbnailUrl\":\"https:\\\/\\\/archilaabogados.com\\\/wp-content\\\/uploads\\\/2017\\\/12\\\/ruben_silva.jpg\",\"keywords\":[\"Asuntos Legales\"],\"articleSection\":[\"Diario La Rep\u00fablica\"],\"inLanguage\":\"en-US\"},{\"@type\":\"WebPage\",\"@id\":\"https:\\\/\\\/archilaabogados.com\\\/2018\\\/09\\\/18\\\/retos-del-superintendente-de-industria-y-comercio\\\/\",\"url\":\"https:\\\/\\\/archilaabogados.com\\\/2018\\\/09\\\/18\\\/retos-del-superintendente-de-industria-y-comercio\\\/\",\"name\":\"Retos del Superintendente de Industria y Comercio - Archila Abogados\",\"isPartOf\":{\"@id\":\"https:\\\/\\\/archilaabogados.com\\\/#website\"},\"primaryImageOfPage\":{\"@id\":\"https:\\\/\\\/archilaabogados.com\\\/2018\\\/09\\\/18\\\/retos-del-superintendente-de-industria-y-comercio\\\/#primaryimage\"},\"image\":{\"@id\":\"https:\\\/\\\/archilaabogados.com\\\/2018\\\/09\\\/18\\\/retos-del-superintendente-de-industria-y-comercio\\\/#primaryimage\"},\"thumbnailUrl\":\"https:\\\/\\\/archilaabogados.com\\\/wp-content\\\/uploads\\\/2017\\\/12\\\/ruben_silva.jpg\",\"datePublished\":\"2018-09-18T11:17:25+00:00\",\"dateModified\":\"2022-05-27T05:55:04+00:00\",\"author\":{\"@id\":\"https:\\\/\\\/archilaabogados.com\\\/#\\\/schema\\\/person\\\/2ebc59f80cf35317c2a9f16341ee7883\"},\"breadcrumb\":{\"@id\":\"https:\\\/\\\/archilaabogados.com\\\/2018\\\/09\\\/18\\\/retos-del-superintendente-de-industria-y-comercio\\\/#breadcrumb\"},\"inLanguage\":\"en-US\",\"potentialAction\":[{\"@type\":\"ReadAction\",\"target\":[\"https:\\\/\\\/archilaabogados.com\\\/2018\\\/09\\\/18\\\/retos-del-superintendente-de-industria-y-comercio\\\/\"]}]},{\"@type\":\"ImageObject\",\"inLanguage\":\"en-US\",\"@id\":\"https:\\\/\\\/archilaabogados.com\\\/2018\\\/09\\\/18\\\/retos-del-superintendente-de-industria-y-comercio\\\/#primaryimage\",\"url\":\"https:\\\/\\\/archilaabogados.com\\\/wp-content\\\/uploads\\\/2017\\\/12\\\/ruben_silva.jpg\",\"contentUrl\":\"https:\\\/\\\/archilaabogados.com\\\/wp-content\\\/uploads\\\/2017\\\/12\\\/ruben_silva.jpg\",\"width\":240,\"height\":290,\"caption\":\"Rub\u00e9n Silva G\u00f3mez Asociado Senior\"},{\"@type\":\"BreadcrumbList\",\"@id\":\"https:\\\/\\\/archilaabogados.com\\\/2018\\\/09\\\/18\\\/retos-del-superintendente-de-industria-y-comercio\\\/#breadcrumb\",\"itemListElement\":[{\"@type\":\"ListItem\",\"position\":1,\"name\":\"Home\",\"item\":\"https:\\\/\\\/archilaabogados.com\\\/\"},{\"@type\":\"ListItem\",\"position\":2,\"name\":\"Retos del Superintendente de Industria y Comercio\"}]},{\"@type\":\"WebSite\",\"@id\":\"https:\\\/\\\/archilaabogados.com\\\/#website\",\"url\":\"https:\\\/\\\/archilaabogados.com\\\/\",\"name\":\"Archila Abogados\",\"description\":\"Servicios legales\",\"potentialAction\":[{\"@type\":\"SearchAction\",\"target\":{\"@type\":\"EntryPoint\",\"urlTemplate\":\"https:\\\/\\\/archilaabogados.com\\\/?s={search_term_string}\"},\"query-input\":{\"@type\":\"PropertyValueSpecification\",\"valueRequired\":true,\"valueName\":\"search_term_string\"}}],\"inLanguage\":\"en-US\"},{\"@type\":\"Person\",\"@id\":\"https:\\\/\\\/archilaabogados.com\\\/#\\\/schema\\\/person\\\/2ebc59f80cf35317c2a9f16341ee7883\",\"name\":\"ArhilAdmin\",\"image\":{\"@type\":\"ImageObject\",\"inLanguage\":\"en-US\",\"@id\":\"https:\\\/\\\/secure.gravatar.com\\\/avatar\\\/9dcaf3f4e6ece3ae0c14ad443b5883bafd050ab345f218cf32465ef4c68ec5f4?s=96&d=mm&r=g\",\"url\":\"https:\\\/\\\/secure.gravatar.com\\\/avatar\\\/9dcaf3f4e6ece3ae0c14ad443b5883bafd050ab345f218cf32465ef4c68ec5f4?s=96&d=mm&r=g\",\"contentUrl\":\"https:\\\/\\\/secure.gravatar.com\\\/avatar\\\/9dcaf3f4e6ece3ae0c14ad443b5883bafd050ab345f218cf32465ef4c68ec5f4?s=96&d=mm&r=g\",\"caption\":\"ArhilAdmin\"},\"sameAs\":[\"https:\\\/\\\/archilaabogados.com\"],\"url\":\"https:\\\/\\\/archilaabogados.com\\\/en\\\/author\\\/arhiladmin\\\/\"}]}<\/script>\n<!-- \/ Yoast SEO plugin. -->","yoast_head_json":{"title":"Retos del Superintendente de Industria y Comercio - Archila Abogados","robots":{"index":"index","follow":"follow","max-snippet":"max-snippet:-1","max-image-preview":"max-image-preview:large","max-video-preview":"max-video-preview:-1"},"canonical":"https:\/\/archilaabogados.com\/en\/2018\/09\/18\/retos-del-superintendente-de-industria-y-comercio\/","og_locale":"en_US","og_type":"article","og_title":"Retos del Superintendente de Industria y Comercio - Archila Abogados","og_description":"En este cambio de gobierno, estamos a la espera del nombramiento por parte del presidente Iv\u00e1n Duque que la...","og_url":"https:\/\/archilaabogados.com\/en\/2018\/09\/18\/retos-del-superintendente-de-industria-y-comercio\/","og_site_name":"Archila Abogados","article_published_time":"2018-09-18T11:17:25+00:00","article_modified_time":"2022-05-27T05:55:04+00:00","og_image":[{"width":240,"height":290,"url":"http:\/\/archilaabogados.com\/wp-content\/uploads\/2017\/12\/ruben_silva.jpg","type":"image\/jpeg"}],"author":"ArhilAdmin","twitter_card":"summary_large_image","twitter_misc":{"Written by":"ArhilAdmin","Est. reading time":"3 minutes"},"schema":{"@context":"https:\/\/schema.org","@graph":[{"@type":"Article","@id":"https:\/\/archilaabogados.com\/2018\/09\/18\/retos-del-superintendente-de-industria-y-comercio\/#article","isPartOf":{"@id":"https:\/\/archilaabogados.com\/2018\/09\/18\/retos-del-superintendente-de-industria-y-comercio\/"},"author":{"name":"ArhilAdmin","@id":"https:\/\/archilaabogados.com\/#\/schema\/person\/2ebc59f80cf35317c2a9f16341ee7883"},"headline":"Retos del Superintendente de Industria y Comercio","datePublished":"2018-09-18T11:17:25+00:00","dateModified":"2022-05-27T05:55:04+00:00","mainEntityOfPage":{"@id":"https:\/\/archilaabogados.com\/2018\/09\/18\/retos-del-superintendente-de-industria-y-comercio\/"},"wordCount":575,"image":{"@id":"https:\/\/archilaabogados.com\/2018\/09\/18\/retos-del-superintendente-de-industria-y-comercio\/#primaryimage"},"thumbnailUrl":"https:\/\/archilaabogados.com\/wp-content\/uploads\/2017\/12\/ruben_silva.jpg","keywords":["Asuntos Legales"],"articleSection":["Diario La Rep\u00fablica"],"inLanguage":"en-US"},{"@type":"WebPage","@id":"https:\/\/archilaabogados.com\/2018\/09\/18\/retos-del-superintendente-de-industria-y-comercio\/","url":"https:\/\/archilaabogados.com\/2018\/09\/18\/retos-del-superintendente-de-industria-y-comercio\/","name":"Retos del Superintendente de Industria y Comercio - Archila Abogados","isPartOf":{"@id":"https:\/\/archilaabogados.com\/#website"},"primaryImageOfPage":{"@id":"https:\/\/archilaabogados.com\/2018\/09\/18\/retos-del-superintendente-de-industria-y-comercio\/#primaryimage"},"image":{"@id":"https:\/\/archilaabogados.com\/2018\/09\/18\/retos-del-superintendente-de-industria-y-comercio\/#primaryimage"},"thumbnailUrl":"https:\/\/archilaabogados.com\/wp-content\/uploads\/2017\/12\/ruben_silva.jpg","datePublished":"2018-09-18T11:17:25+00:00","dateModified":"2022-05-27T05:55:04+00:00","author":{"@id":"https:\/\/archilaabogados.com\/#\/schema\/person\/2ebc59f80cf35317c2a9f16341ee7883"},"breadcrumb":{"@id":"https:\/\/archilaabogados.com\/2018\/09\/18\/retos-del-superintendente-de-industria-y-comercio\/#breadcrumb"},"inLanguage":"en-US","potentialAction":[{"@type":"ReadAction","target":["https:\/\/archilaabogados.com\/2018\/09\/18\/retos-del-superintendente-de-industria-y-comercio\/"]}]},{"@type":"ImageObject","inLanguage":"en-US","@id":"https:\/\/archilaabogados.com\/2018\/09\/18\/retos-del-superintendente-de-industria-y-comercio\/#primaryimage","url":"https:\/\/archilaabogados.com\/wp-content\/uploads\/2017\/12\/ruben_silva.jpg","contentUrl":"https:\/\/archilaabogados.com\/wp-content\/uploads\/2017\/12\/ruben_silva.jpg","width":240,"height":290,"caption":"Rub\u00e9n Silva G\u00f3mez Asociado Senior"},{"@type":"BreadcrumbList","@id":"https:\/\/archilaabogados.com\/2018\/09\/18\/retos-del-superintendente-de-industria-y-comercio\/#breadcrumb","itemListElement":[{"@type":"ListItem","position":1,"name":"Home","item":"https:\/\/archilaabogados.com\/"},{"@type":"ListItem","position":2,"name":"Retos del Superintendente de Industria y Comercio"}]},{"@type":"WebSite","@id":"https:\/\/archilaabogados.com\/#website","url":"https:\/\/archilaabogados.com\/","name":"Archila Abogados","description":"Servicios legales","potentialAction":[{"@type":"SearchAction","target":{"@type":"EntryPoint","urlTemplate":"https:\/\/archilaabogados.com\/?s={search_term_string}"},"query-input":{"@type":"PropertyValueSpecification","valueRequired":true,"valueName":"search_term_string"}}],"inLanguage":"en-US"},{"@type":"Person","@id":"https:\/\/archilaabogados.com\/#\/schema\/person\/2ebc59f80cf35317c2a9f16341ee7883","name":"ArhilAdmin","image":{"@type":"ImageObject","inLanguage":"en-US","@id":"https:\/\/secure.gravatar.com\/avatar\/9dcaf3f4e6ece3ae0c14ad443b5883bafd050ab345f218cf32465ef4c68ec5f4?s=96&d=mm&r=g","url":"https:\/\/secure.gravatar.com\/avatar\/9dcaf3f4e6ece3ae0c14ad443b5883bafd050ab345f218cf32465ef4c68ec5f4?s=96&d=mm&r=g","contentUrl":"https:\/\/secure.gravatar.com\/avatar\/9dcaf3f4e6ece3ae0c14ad443b5883bafd050ab345f218cf32465ef4c68ec5f4?s=96&d=mm&r=g","caption":"ArhilAdmin"},"sameAs":["https:\/\/archilaabogados.com"],"url":"https:\/\/archilaabogados.com\/en\/author\/arhiladmin\/"}]}},"_links":{"self":[{"href":"https:\/\/archilaabogados.com\/en\/wp-json\/wp\/v2\/posts\/1100","targetHints":{"allow":["GET"]}}],"collection":[{"href":"https:\/\/archilaabogados.com\/en\/wp-json\/wp\/v2\/posts"}],"about":[{"href":"https:\/\/archilaabogados.com\/en\/wp-json\/wp\/v2\/types\/post"}],"author":[{"embeddable":true,"href":"https:\/\/archilaabogados.com\/en\/wp-json\/wp\/v2\/users\/1"}],"replies":[{"embeddable":true,"href":"https:\/\/archilaabogados.com\/en\/wp-json\/wp\/v2\/comments?post=1100"}],"version-history":[{"count":1,"href":"https:\/\/archilaabogados.com\/en\/wp-json\/wp\/v2\/posts\/1100\/revisions"}],"predecessor-version":[{"id":1635,"href":"https:\/\/archilaabogados.com\/en\/wp-json\/wp\/v2\/posts\/1100\/revisions\/1635"}],"wp:featuredmedia":[{"embeddable":true,"href":"https:\/\/archilaabogados.com\/en\/wp-json\/wp\/v2\/media\/943"}],"wp:attachment":[{"href":"https:\/\/archilaabogados.com\/en\/wp-json\/wp\/v2\/media?parent=1100"}],"wp:term":[{"taxonomy":"category","embeddable":true,"href":"https:\/\/archilaabogados.com\/en\/wp-json\/wp\/v2\/categories?post=1100"},{"taxonomy":"post_tag","embeddable":true,"href":"https:\/\/archilaabogados.com\/en\/wp-json\/wp\/v2\/tags?post=1100"}],"curies":[{"name":"wp","href":"https:\/\/api.w.org\/{rel}","templated":true}]}}