{"id":1112,"date":"2018-07-27T00:31:37","date_gmt":"2018-07-27T00:31:37","guid":{"rendered":"https:\/\/archilaabogados.com\/?p=1643"},"modified":"2022-05-27T05:55:04","modified_gmt":"2022-05-27T05:55:04","slug":"abogacia-de-la-competencia-si-o-no","status":"publish","type":"post","link":"https:\/\/archilaabogados.com\/en\/2018\/07\/27\/abogacia-de-la-competencia-si-o-no\/","title":{"rendered":"Abogac\u00eda de la competencia \u00bfs\u00ed o no?"},"content":{"rendered":"<p>La abogac\u00eda de la competencia es un mecanismo de origen legal, consagrado en el art\u00edculo 7 de la Ley 1340 de 2009. Y tiene como finalidad, evitar que las autoridades, al momento de expedir regulaciones, puedan entorpecer la din\u00e1mica competitiva del mercado. De esta manera, las autoridades de regulaci\u00f3n deber\u00e1n informar \u201c\u2026a la Superintendencia de Industria y Comercio de los actos administrativos que se pretendan expedir\u201d, y \u201c\u2026que puedan tener incidencia sobre la libre competencia en los mercados\u201d. Aunque este concepto no es vinculante, si la entidad decide apartarse, deber\u00e1 exponer de manera clara y precisa las razones por las cuales no acoge las recomendaciones de la SIC.<\/p>\n<p>En d\u00edas pasados, el Consejo de Estado orden\u00f3 suspender provisionalmente la resoluci\u00f3n 2163 de 2016 del Ministerio de Transporte, toda vez que, la referida autoridad omiti\u00f3 el tr\u00e1mite de la abogac\u00eda de la competencia. Veamos.<br \/>\ni) El accionante present\u00f3 demanda de nulidad, y solicit\u00f3 como medida cautelar la suspensi\u00f3n provisional del acto. Lo anterior, en raz\u00f3n a que no se hab\u00eda evacuado el requisito previo de la abogac\u00eda de la competencia.<\/p>\n<p>ii) El Ministerio de Transporte adujo haber cumplido con el referido tr\u00e1mite pues mediante oficio del 29 de abril de 2016 inform\u00f3 a la SIC, y porque considera que no era necesario esperar un pronunciamiento de esta \u00faltima entidad teniendo en cuenta que, con anterioridad, la SIC hab\u00eda emitido un concepto respecto de los temas que iban a ser objeto de regulaci\u00f3n.<\/p>\n<p>iii) El Consejo de Estado manifest\u00f3 que la abogac\u00eda de la competencia no se agota simplemente con informar a la SIC respecto del acto administrativo a expedir, pues de ser as\u00ed, se convertir\u00eda solamente en un requisito formal sin ninguna finalidad distinta a cumplir un tr\u00e1mite. Lo que resultar\u00eda contrario al objetivo de la norma, ya que se busca que la Superintendencia pueda tener un papel activo en el tr\u00e1mite.<\/p>\n<p>iv) El referido cuerpo colegiado se\u00f1al\u00f3 que el hecho de que la SIC se haya pronunciado previamente sobre un concepto que trata el tema regulado en la resoluci\u00f3n 2163 de 2016 no es motivo suficiente para considerar que no se deb\u00eda adelantar la abogac\u00eda de la competencia respecto de la citada resoluci\u00f3n, y que, en todo caso, la situaci\u00f3n planteada no se enmarca en las excepciones al deber de informar (decreto 1074 de 2015).<\/p>\n<p>iv) Por todo lo anterioridad, el Consejo concluy\u00f3 que el efecto de la ausencia del concepto previo de la SIC es la \u201cnulidad del acto por expedici\u00f3n de forma irregular y con violaci\u00f3n de las normas en que deben fundarse\u201d. Y que se reun\u00edan los requisitos para acceder a la suspensi\u00f3n provisional de la resoluci\u00f3n 2163 de 2016.<\/p>\n<p>A partir de este fallo puede concluirse que, si bien la intervenci\u00f3n del Estado en la econom\u00eda en ocasiones puede incidir en la libre competencia en los mercados, dicha intervenci\u00f3n est\u00e1 sujeta a unos par\u00e1metros legales en los cuales se requiere la activa participaci\u00f3n de la Superintendencia de Industria y Comercio por medio de la facultad de abogac\u00eda de la competencia. Ello, en la medida en que esta Superintendencia puede advertir las posibles afectaciones que puedan causarse en el mercado, bien con la creaci\u00f3n de normas o de condiciones que pueden llegar a propiciar un efecto adverso en \u00e9l.<\/p>\n<p>As\u00ed las cosas, las autoridades administrativas no pueden desconocer el tr\u00e1mite de la abogac\u00eda de la competencia, pues de lo contrario y conforme lo ha dicho el Consejo de Estado, el acto ser\u00eda nulo por expedici\u00f3n irregular.<\/p>\n<p><strong><a href=\"https:\/\/www.asuntoslegales.com.co\/analisis\/emilio-jose-archila-533671\/abogacia-de-la-competencia-si-o-no-2746953\">Puedes leer ac\u00e1 el art\u00edculo publicado en Asuntos Legales<\/a><\/strong><\/p>\n<p>&nbsp;<\/p>","protected":false},"excerpt":{"rendered":"<p>La abogac\u00eda de la competencia es un mecanismo de origen legal, consagrado en el art\u00edculo 7 de la Ley&#8230;<\/p>","protected":false},"author":1,"featured_media":1113,"comment_status":"closed","ping_status":"open","sticky":false,"template":"","format":"standard","meta":{"_kad_post_transparent":"","_kad_post_title":"","_kad_post_layout":"","_kad_post_sidebar_id":"","_kad_post_content_style":"","_kad_post_vertical_padding":"","_kad_post_feature":"","_kad_post_feature_position":"","_kad_post_header":false,"_kad_post_footer":false,"footnotes":""},"categories":[15],"tags":[51],"class_list":["post-1112","post","type-post","status-publish","format-standard","has-post-thumbnail","hentry","category-diario-la-republica","tag-asuntos-legales"],"yoast_head":"<!-- This site is optimized with the Yoast SEO plugin v27.4 - https:\/\/yoast.com\/product\/yoast-seo-wordpress\/ -->\n<title>Abogac\u00eda de la competencia \u00bfs\u00ed o no? - Archila Abogados<\/title>\n<meta name=\"robots\" content=\"index, follow, max-snippet:-1, max-image-preview:large, max-video-preview:-1\" \/>\n<link rel=\"canonical\" href=\"https:\/\/archilaabogados.com\/en\/2018\/07\/27\/abogacia-de-la-competencia-si-o-no\/\" \/>\n<meta property=\"og:locale\" content=\"en_US\" \/>\n<meta property=\"og:type\" content=\"article\" \/>\n<meta property=\"og:title\" content=\"Abogac\u00eda de la competencia \u00bfs\u00ed o no? - Archila Abogados\" \/>\n<meta property=\"og:description\" content=\"La abogac\u00eda de la competencia es un mecanismo de origen legal, consagrado en el art\u00edculo 7 de la Ley...\" \/>\n<meta property=\"og:url\" content=\"https:\/\/archilaabogados.com\/en\/2018\/07\/27\/abogacia-de-la-competencia-si-o-no\/\" \/>\n<meta property=\"og:site_name\" content=\"Archila Abogados\" \/>\n<meta property=\"article:published_time\" content=\"2018-07-27T00:31:37+00:00\" \/>\n<meta property=\"article:modified_time\" content=\"2022-05-27T05:55:04+00:00\" \/>\n<meta property=\"og:image\" content=\"http:\/\/archilaabogados.com\/wp-content\/uploads\/2018\/07\/abogacia_290.jpg\" \/>\n\t<meta property=\"og:image:width\" content=\"240\" \/>\n\t<meta property=\"og:image:height\" content=\"290\" \/>\n\t<meta property=\"og:image:type\" content=\"image\/jpeg\" \/>\n<meta name=\"author\" content=\"ArhilAdmin\" \/>\n<meta name=\"twitter:card\" content=\"summary_large_image\" \/>\n<meta name=\"twitter:label1\" content=\"Written by\" \/>\n\t<meta name=\"twitter:data1\" content=\"ArhilAdmin\" \/>\n\t<meta name=\"twitter:label2\" content=\"Est. reading time\" \/>\n\t<meta name=\"twitter:data2\" content=\"3 minutes\" \/>\n<script type=\"application\/ld+json\" class=\"yoast-schema-graph\">{\"@context\":\"https:\\\/\\\/schema.org\",\"@graph\":[{\"@type\":\"Article\",\"@id\":\"https:\\\/\\\/archilaabogados.com\\\/2018\\\/07\\\/27\\\/abogacia-de-la-competencia-si-o-no\\\/#article\",\"isPartOf\":{\"@id\":\"https:\\\/\\\/archilaabogados.com\\\/2018\\\/07\\\/27\\\/abogacia-de-la-competencia-si-o-no\\\/\"},\"author\":{\"name\":\"ArhilAdmin\",\"@id\":\"https:\\\/\\\/archilaabogados.com\\\/#\\\/schema\\\/person\\\/2ebc59f80cf35317c2a9f16341ee7883\"},\"headline\":\"Abogac\u00eda de la competencia \u00bfs\u00ed o no?\",\"datePublished\":\"2018-07-27T00:31:37+00:00\",\"dateModified\":\"2022-05-27T05:55:04+00:00\",\"mainEntityOfPage\":{\"@id\":\"https:\\\/\\\/archilaabogados.com\\\/2018\\\/07\\\/27\\\/abogacia-de-la-competencia-si-o-no\\\/\"},\"wordCount\":628,\"image\":{\"@id\":\"https:\\\/\\\/archilaabogados.com\\\/2018\\\/07\\\/27\\\/abogacia-de-la-competencia-si-o-no\\\/#primaryimage\"},\"thumbnailUrl\":\"https:\\\/\\\/archilaabogados.com\\\/wp-content\\\/uploads\\\/2018\\\/07\\\/abogacia_290.jpg\",\"keywords\":[\"Asuntos Legales\"],\"articleSection\":[\"Diario La Rep\u00fablica\"],\"inLanguage\":\"en-US\"},{\"@type\":\"WebPage\",\"@id\":\"https:\\\/\\\/archilaabogados.com\\\/2018\\\/07\\\/27\\\/abogacia-de-la-competencia-si-o-no\\\/\",\"url\":\"https:\\\/\\\/archilaabogados.com\\\/2018\\\/07\\\/27\\\/abogacia-de-la-competencia-si-o-no\\\/\",\"name\":\"Abogac\u00eda de la competencia \u00bfs\u00ed o no? - Archila Abogados\",\"isPartOf\":{\"@id\":\"https:\\\/\\\/archilaabogados.com\\\/#website\"},\"primaryImageOfPage\":{\"@id\":\"https:\\\/\\\/archilaabogados.com\\\/2018\\\/07\\\/27\\\/abogacia-de-la-competencia-si-o-no\\\/#primaryimage\"},\"image\":{\"@id\":\"https:\\\/\\\/archilaabogados.com\\\/2018\\\/07\\\/27\\\/abogacia-de-la-competencia-si-o-no\\\/#primaryimage\"},\"thumbnailUrl\":\"https:\\\/\\\/archilaabogados.com\\\/wp-content\\\/uploads\\\/2018\\\/07\\\/abogacia_290.jpg\",\"datePublished\":\"2018-07-27T00:31:37+00:00\",\"dateModified\":\"2022-05-27T05:55:04+00:00\",\"author\":{\"@id\":\"https:\\\/\\\/archilaabogados.com\\\/#\\\/schema\\\/person\\\/2ebc59f80cf35317c2a9f16341ee7883\"},\"breadcrumb\":{\"@id\":\"https:\\\/\\\/archilaabogados.com\\\/2018\\\/07\\\/27\\\/abogacia-de-la-competencia-si-o-no\\\/#breadcrumb\"},\"inLanguage\":\"en-US\",\"potentialAction\":[{\"@type\":\"ReadAction\",\"target\":[\"https:\\\/\\\/archilaabogados.com\\\/2018\\\/07\\\/27\\\/abogacia-de-la-competencia-si-o-no\\\/\"]}]},{\"@type\":\"ImageObject\",\"inLanguage\":\"en-US\",\"@id\":\"https:\\\/\\\/archilaabogados.com\\\/2018\\\/07\\\/27\\\/abogacia-de-la-competencia-si-o-no\\\/#primaryimage\",\"url\":\"https:\\\/\\\/archilaabogados.com\\\/wp-content\\\/uploads\\\/2018\\\/07\\\/abogacia_290.jpg\",\"contentUrl\":\"https:\\\/\\\/archilaabogados.com\\\/wp-content\\\/uploads\\\/2018\\\/07\\\/abogacia_290.jpg\",\"width\":240,\"height\":290},{\"@type\":\"BreadcrumbList\",\"@id\":\"https:\\\/\\\/archilaabogados.com\\\/2018\\\/07\\\/27\\\/abogacia-de-la-competencia-si-o-no\\\/#breadcrumb\",\"itemListElement\":[{\"@type\":\"ListItem\",\"position\":1,\"name\":\"Home\",\"item\":\"https:\\\/\\\/archilaabogados.com\\\/\"},{\"@type\":\"ListItem\",\"position\":2,\"name\":\"Abogac\u00eda de la competencia \u00bfs\u00ed o no?\"}]},{\"@type\":\"WebSite\",\"@id\":\"https:\\\/\\\/archilaabogados.com\\\/#website\",\"url\":\"https:\\\/\\\/archilaabogados.com\\\/\",\"name\":\"Archila Abogados\",\"description\":\"Servicios legales\",\"potentialAction\":[{\"@type\":\"SearchAction\",\"target\":{\"@type\":\"EntryPoint\",\"urlTemplate\":\"https:\\\/\\\/archilaabogados.com\\\/?s={search_term_string}\"},\"query-input\":{\"@type\":\"PropertyValueSpecification\",\"valueRequired\":true,\"valueName\":\"search_term_string\"}}],\"inLanguage\":\"en-US\"},{\"@type\":\"Person\",\"@id\":\"https:\\\/\\\/archilaabogados.com\\\/#\\\/schema\\\/person\\\/2ebc59f80cf35317c2a9f16341ee7883\",\"name\":\"ArhilAdmin\",\"image\":{\"@type\":\"ImageObject\",\"inLanguage\":\"en-US\",\"@id\":\"https:\\\/\\\/secure.gravatar.com\\\/avatar\\\/9dcaf3f4e6ece3ae0c14ad443b5883bafd050ab345f218cf32465ef4c68ec5f4?s=96&d=mm&r=g\",\"url\":\"https:\\\/\\\/secure.gravatar.com\\\/avatar\\\/9dcaf3f4e6ece3ae0c14ad443b5883bafd050ab345f218cf32465ef4c68ec5f4?s=96&d=mm&r=g\",\"contentUrl\":\"https:\\\/\\\/secure.gravatar.com\\\/avatar\\\/9dcaf3f4e6ece3ae0c14ad443b5883bafd050ab345f218cf32465ef4c68ec5f4?s=96&d=mm&r=g\",\"caption\":\"ArhilAdmin\"},\"sameAs\":[\"https:\\\/\\\/archilaabogados.com\"],\"url\":\"https:\\\/\\\/archilaabogados.com\\\/en\\\/author\\\/arhiladmin\\\/\"}]}<\/script>\n<!-- \/ Yoast SEO plugin. -->","yoast_head_json":{"title":"Abogac\u00eda de la competencia \u00bfs\u00ed o no? - Archila Abogados","robots":{"index":"index","follow":"follow","max-snippet":"max-snippet:-1","max-image-preview":"max-image-preview:large","max-video-preview":"max-video-preview:-1"},"canonical":"https:\/\/archilaabogados.com\/en\/2018\/07\/27\/abogacia-de-la-competencia-si-o-no\/","og_locale":"en_US","og_type":"article","og_title":"Abogac\u00eda de la competencia \u00bfs\u00ed o no? - Archila Abogados","og_description":"La abogac\u00eda de la competencia es un mecanismo de origen legal, consagrado en el art\u00edculo 7 de la Ley...","og_url":"https:\/\/archilaabogados.com\/en\/2018\/07\/27\/abogacia-de-la-competencia-si-o-no\/","og_site_name":"Archila Abogados","article_published_time":"2018-07-27T00:31:37+00:00","article_modified_time":"2022-05-27T05:55:04+00:00","og_image":[{"width":240,"height":290,"url":"http:\/\/archilaabogados.com\/wp-content\/uploads\/2018\/07\/abogacia_290.jpg","type":"image\/jpeg"}],"author":"ArhilAdmin","twitter_card":"summary_large_image","twitter_misc":{"Written by":"ArhilAdmin","Est. reading time":"3 minutes"},"schema":{"@context":"https:\/\/schema.org","@graph":[{"@type":"Article","@id":"https:\/\/archilaabogados.com\/2018\/07\/27\/abogacia-de-la-competencia-si-o-no\/#article","isPartOf":{"@id":"https:\/\/archilaabogados.com\/2018\/07\/27\/abogacia-de-la-competencia-si-o-no\/"},"author":{"name":"ArhilAdmin","@id":"https:\/\/archilaabogados.com\/#\/schema\/person\/2ebc59f80cf35317c2a9f16341ee7883"},"headline":"Abogac\u00eda de la competencia \u00bfs\u00ed o no?","datePublished":"2018-07-27T00:31:37+00:00","dateModified":"2022-05-27T05:55:04+00:00","mainEntityOfPage":{"@id":"https:\/\/archilaabogados.com\/2018\/07\/27\/abogacia-de-la-competencia-si-o-no\/"},"wordCount":628,"image":{"@id":"https:\/\/archilaabogados.com\/2018\/07\/27\/abogacia-de-la-competencia-si-o-no\/#primaryimage"},"thumbnailUrl":"https:\/\/archilaabogados.com\/wp-content\/uploads\/2018\/07\/abogacia_290.jpg","keywords":["Asuntos Legales"],"articleSection":["Diario La Rep\u00fablica"],"inLanguage":"en-US"},{"@type":"WebPage","@id":"https:\/\/archilaabogados.com\/2018\/07\/27\/abogacia-de-la-competencia-si-o-no\/","url":"https:\/\/archilaabogados.com\/2018\/07\/27\/abogacia-de-la-competencia-si-o-no\/","name":"Abogac\u00eda de la competencia \u00bfs\u00ed o no? - Archila Abogados","isPartOf":{"@id":"https:\/\/archilaabogados.com\/#website"},"primaryImageOfPage":{"@id":"https:\/\/archilaabogados.com\/2018\/07\/27\/abogacia-de-la-competencia-si-o-no\/#primaryimage"},"image":{"@id":"https:\/\/archilaabogados.com\/2018\/07\/27\/abogacia-de-la-competencia-si-o-no\/#primaryimage"},"thumbnailUrl":"https:\/\/archilaabogados.com\/wp-content\/uploads\/2018\/07\/abogacia_290.jpg","datePublished":"2018-07-27T00:31:37+00:00","dateModified":"2022-05-27T05:55:04+00:00","author":{"@id":"https:\/\/archilaabogados.com\/#\/schema\/person\/2ebc59f80cf35317c2a9f16341ee7883"},"breadcrumb":{"@id":"https:\/\/archilaabogados.com\/2018\/07\/27\/abogacia-de-la-competencia-si-o-no\/#breadcrumb"},"inLanguage":"en-US","potentialAction":[{"@type":"ReadAction","target":["https:\/\/archilaabogados.com\/2018\/07\/27\/abogacia-de-la-competencia-si-o-no\/"]}]},{"@type":"ImageObject","inLanguage":"en-US","@id":"https:\/\/archilaabogados.com\/2018\/07\/27\/abogacia-de-la-competencia-si-o-no\/#primaryimage","url":"https:\/\/archilaabogados.com\/wp-content\/uploads\/2018\/07\/abogacia_290.jpg","contentUrl":"https:\/\/archilaabogados.com\/wp-content\/uploads\/2018\/07\/abogacia_290.jpg","width":240,"height":290},{"@type":"BreadcrumbList","@id":"https:\/\/archilaabogados.com\/2018\/07\/27\/abogacia-de-la-competencia-si-o-no\/#breadcrumb","itemListElement":[{"@type":"ListItem","position":1,"name":"Home","item":"https:\/\/archilaabogados.com\/"},{"@type":"ListItem","position":2,"name":"Abogac\u00eda de la competencia \u00bfs\u00ed o no?"}]},{"@type":"WebSite","@id":"https:\/\/archilaabogados.com\/#website","url":"https:\/\/archilaabogados.com\/","name":"Archila Abogados","description":"Servicios legales","potentialAction":[{"@type":"SearchAction","target":{"@type":"EntryPoint","urlTemplate":"https:\/\/archilaabogados.com\/?s={search_term_string}"},"query-input":{"@type":"PropertyValueSpecification","valueRequired":true,"valueName":"search_term_string"}}],"inLanguage":"en-US"},{"@type":"Person","@id":"https:\/\/archilaabogados.com\/#\/schema\/person\/2ebc59f80cf35317c2a9f16341ee7883","name":"ArhilAdmin","image":{"@type":"ImageObject","inLanguage":"en-US","@id":"https:\/\/secure.gravatar.com\/avatar\/9dcaf3f4e6ece3ae0c14ad443b5883bafd050ab345f218cf32465ef4c68ec5f4?s=96&d=mm&r=g","url":"https:\/\/secure.gravatar.com\/avatar\/9dcaf3f4e6ece3ae0c14ad443b5883bafd050ab345f218cf32465ef4c68ec5f4?s=96&d=mm&r=g","contentUrl":"https:\/\/secure.gravatar.com\/avatar\/9dcaf3f4e6ece3ae0c14ad443b5883bafd050ab345f218cf32465ef4c68ec5f4?s=96&d=mm&r=g","caption":"ArhilAdmin"},"sameAs":["https:\/\/archilaabogados.com"],"url":"https:\/\/archilaabogados.com\/en\/author\/arhiladmin\/"}]}},"_links":{"self":[{"href":"https:\/\/archilaabogados.com\/en\/wp-json\/wp\/v2\/posts\/1112","targetHints":{"allow":["GET"]}}],"collection":[{"href":"https:\/\/archilaabogados.com\/en\/wp-json\/wp\/v2\/posts"}],"about":[{"href":"https:\/\/archilaabogados.com\/en\/wp-json\/wp\/v2\/types\/post"}],"author":[{"embeddable":true,"href":"https:\/\/archilaabogados.com\/en\/wp-json\/wp\/v2\/users\/1"}],"replies":[{"embeddable":true,"href":"https:\/\/archilaabogados.com\/en\/wp-json\/wp\/v2\/comments?post=1112"}],"version-history":[{"count":1,"href":"https:\/\/archilaabogados.com\/en\/wp-json\/wp\/v2\/posts\/1112\/revisions"}],"predecessor-version":[{"id":1642,"href":"https:\/\/archilaabogados.com\/en\/wp-json\/wp\/v2\/posts\/1112\/revisions\/1642"}],"wp:featuredmedia":[{"embeddable":true,"href":"https:\/\/archilaabogados.com\/en\/wp-json\/wp\/v2\/media\/1113"}],"wp:attachment":[{"href":"https:\/\/archilaabogados.com\/en\/wp-json\/wp\/v2\/media?parent=1112"}],"wp:term":[{"taxonomy":"category","embeddable":true,"href":"https:\/\/archilaabogados.com\/en\/wp-json\/wp\/v2\/categories?post=1112"},{"taxonomy":"post_tag","embeddable":true,"href":"https:\/\/archilaabogados.com\/en\/wp-json\/wp\/v2\/tags?post=1112"}],"curies":[{"name":"wp","href":"https:\/\/api.w.org\/{rel}","templated":true}]}}