{"id":1131,"date":"2018-07-26T23:29:29","date_gmt":"2018-07-26T23:29:29","guid":{"rendered":"https:\/\/archilaabogados.com\/?p=1612"},"modified":"2022-05-27T05:55:05","modified_gmt":"2022-05-27T05:55:05","slug":"un-proyecto-de-la-crc","status":"publish","type":"post","link":"https:\/\/archilaabogados.com\/en\/2018\/07\/26\/un-proyecto-de-la-crc\/","title":{"rendered":"Un proyecto de la CRC"},"content":{"rendered":"<p>La Comisi\u00f3n de Regulaci\u00f3n de Comunicaciones public\u00f3 un proyecto de resoluci\u00f3n que busca flexibilizar las condiciones regulatorias de comercializaci\u00f3n de equipos terminales m\u00f3viles, con el fin de promover la masificaci\u00f3n del acceso a internet m\u00f3vil de banda ancha en la poblaci\u00f3n.<\/p>\n<p>Actualmente, los operadores tienen prohibido pactar cl\u00e1usulas de permanencia m\u00ednima y condicionar la adquisici\u00f3n de equipos, y el otorgamiento de promociones u ofertas respecto de los mismos, a la celebraci\u00f3n de un contrato de servicios (resoluci\u00f3n CRC 5050 de 2016).<\/p>\n<p>De conformidad con el documento que soporta el proyecto, en Colombia hay baja penetraci\u00f3n de internet m\u00f3vil de banda ancha, lo cual guarda correspondencia a su vez con la baja penetraci\u00f3n de que tienen los Smartphone. La Comisi\u00f3n de Regulaci\u00f3n de Comunicaciones se\u00f1ala que este fen\u00f3meno obedece, en parte, a las restricciones para la venta de equipos.<\/p>\n<p>Frente a ello, buscando que los usuarios puedan acceder a Smartphone 4G, la Comisi\u00f3n plantea permitir que los operadores puedan incluir en su oferta comercial condiciones especiales en la comercializaci\u00f3n de estos equipos, asociadas a la prestaci\u00f3n del servicio. Es decir, los operadores podr\u00edan ofrecer equipos con tecnolog\u00eda 4G con un valor preferencial, bajo el condicionamiento que el usuario contrate a su vez un plan de datos con ellos.<\/p>\n<p>Pero, la prohibici\u00f3n de las cl\u00e1usulas de permanencia seguir\u00eda vigente y la nueva posibilidad no podr\u00eda implicar una venta atada.<\/p>\n<p>En esa direcci\u00f3n la norma sobre cl\u00e1usula de permanencia implicar\u00eda se necesitar\u00eda que se siga garantizando el derecho a la libre elecci\u00f3n de los usuarios, no imponerse barreras de salida, respetar la independencia de contratos, otorgar la posibilidad de pagar el equipo de manera independiente al servicio, brindar una informaci\u00f3n completa y detallada de las condiciones de cada contrato y de las restricciones de las ofertas y promociones, asegurando as\u00ed que el usuario pueda tomar una decisi\u00f3n informada.<\/p>\n<p>Mientras que, en lo relativo a las ventas atadas, resulta necesario recordar que la Superintendencia de Industria y Comercio ha se\u00f1alado que la norma no proh\u00edbe que se pueda ofrecer \u201ccombos\u201d, ofertas y promociones y que la venta conjunta resultar\u00e1 acorde con el ordenamiento si los productos y servicios tambi\u00e9n pueden adquirirse de forma separada y se cumplen las normas de informaci\u00f3n y publicidad.<\/p>\n<p>Esperemos que la Comisi\u00f3n de Regulaci\u00f3n de Comunicaciones salga avante en su prop\u00f3sito. La mayor competencia en la provisi\u00f3n de los equipos y la flexibilizaci\u00f3n de disposiciones bien intencionadas, pero mal redactadas y aplicadas como la de permanencia m\u00ednima, no sirven a la protecci\u00f3n de usuarios, encarecen los productos y afectan el sector.<\/p>\n<p><strong><a href=\"https:\/\/www.asuntoslegales.com.co\/analisis\/emilio-jose-archila-533671\/un-proyecto-de-la-crc-2716823\">*Ac\u00e1 tambi\u00e9n puedes leer el art\u00edculo de asuntos legales.<\/a><\/strong><\/p>\n<p>&nbsp;<\/p>\n<p>&nbsp;<\/p>","protected":false},"excerpt":{"rendered":"<p>La Comisi\u00f3n de Regulaci\u00f3n de Comunicaciones public\u00f3 un proyecto de resoluci\u00f3n que busca flexibilizar las condiciones regulatorias de comercializaci\u00f3n&#8230;<\/p>","protected":false},"author":1,"featured_media":1133,"comment_status":"closed","ping_status":"open","sticky":false,"template":"","format":"standard","meta":{"_kad_post_transparent":"","_kad_post_title":"","_kad_post_layout":"","_kad_post_sidebar_id":"","_kad_post_content_style":"","_kad_post_vertical_padding":"","_kad_post_feature":"","_kad_post_feature_position":"","_kad_post_header":false,"_kad_post_footer":false,"footnotes":""},"categories":[15],"tags":[51],"class_list":["post-1131","post","type-post","status-publish","format-standard","has-post-thumbnail","hentry","category-diario-la-republica","tag-asuntos-legales"],"yoast_head":"<!-- This site is optimized with the Yoast SEO plugin v27.4 - https:\/\/yoast.com\/product\/yoast-seo-wordpress\/ -->\n<title>Un proyecto de la CRC - Archila Abogados<\/title>\n<meta name=\"robots\" content=\"index, follow, max-snippet:-1, max-image-preview:large, max-video-preview:-1\" \/>\n<link rel=\"canonical\" href=\"https:\/\/archilaabogados.com\/en\/2018\/07\/26\/un-proyecto-de-la-crc\/\" \/>\n<meta property=\"og:locale\" content=\"en_US\" \/>\n<meta property=\"og:type\" content=\"article\" \/>\n<meta property=\"og:title\" content=\"Un proyecto de la CRC - Archila Abogados\" \/>\n<meta property=\"og:description\" content=\"La Comisi\u00f3n de Regulaci\u00f3n de Comunicaciones public\u00f3 un proyecto de resoluci\u00f3n que busca flexibilizar las condiciones regulatorias de comercializaci\u00f3n...\" \/>\n<meta property=\"og:url\" content=\"https:\/\/archilaabogados.com\/en\/2018\/07\/26\/un-proyecto-de-la-crc\/\" \/>\n<meta property=\"og:site_name\" content=\"Archila Abogados\" \/>\n<meta property=\"article:published_time\" content=\"2018-07-26T23:29:29+00:00\" \/>\n<meta property=\"article:modified_time\" content=\"2022-05-27T05:55:05+00:00\" \/>\n<meta property=\"og:image\" content=\"http:\/\/archilaabogados.com\/wp-content\/uploads\/2018\/07\/crc_240.jpg\" \/>\n\t<meta property=\"og:image:width\" content=\"240\" \/>\n\t<meta property=\"og:image:height\" content=\"290\" \/>\n\t<meta property=\"og:image:type\" content=\"image\/jpeg\" \/>\n<meta name=\"author\" content=\"ArhilAdmin\" \/>\n<meta name=\"twitter:card\" content=\"summary_large_image\" \/>\n<meta name=\"twitter:label1\" content=\"Written by\" \/>\n\t<meta name=\"twitter:data1\" content=\"ArhilAdmin\" \/>\n\t<meta name=\"twitter:label2\" content=\"Est. reading time\" \/>\n\t<meta name=\"twitter:data2\" content=\"2 minutes\" \/>\n<script type=\"application\/ld+json\" class=\"yoast-schema-graph\">{\"@context\":\"https:\\\/\\\/schema.org\",\"@graph\":[{\"@type\":\"Article\",\"@id\":\"https:\\\/\\\/archilaabogados.com\\\/2018\\\/07\\\/26\\\/un-proyecto-de-la-crc\\\/#article\",\"isPartOf\":{\"@id\":\"https:\\\/\\\/archilaabogados.com\\\/2018\\\/07\\\/26\\\/un-proyecto-de-la-crc\\\/\"},\"author\":{\"name\":\"ArhilAdmin\",\"@id\":\"https:\\\/\\\/archilaabogados.com\\\/#\\\/schema\\\/person\\\/2ebc59f80cf35317c2a9f16341ee7883\"},\"headline\":\"Un proyecto de la CRC\",\"datePublished\":\"2018-07-26T23:29:29+00:00\",\"dateModified\":\"2022-05-27T05:55:05+00:00\",\"mainEntityOfPage\":{\"@id\":\"https:\\\/\\\/archilaabogados.com\\\/2018\\\/07\\\/26\\\/un-proyecto-de-la-crc\\\/\"},\"wordCount\":485,\"image\":{\"@id\":\"https:\\\/\\\/archilaabogados.com\\\/2018\\\/07\\\/26\\\/un-proyecto-de-la-crc\\\/#primaryimage\"},\"thumbnailUrl\":\"https:\\\/\\\/archilaabogados.com\\\/wp-content\\\/uploads\\\/2018\\\/07\\\/crc_240.jpg\",\"keywords\":[\"Asuntos Legales\"],\"articleSection\":[\"Diario La Rep\u00fablica\"],\"inLanguage\":\"en-US\"},{\"@type\":\"WebPage\",\"@id\":\"https:\\\/\\\/archilaabogados.com\\\/2018\\\/07\\\/26\\\/un-proyecto-de-la-crc\\\/\",\"url\":\"https:\\\/\\\/archilaabogados.com\\\/2018\\\/07\\\/26\\\/un-proyecto-de-la-crc\\\/\",\"name\":\"Un proyecto de la CRC - Archila Abogados\",\"isPartOf\":{\"@id\":\"https:\\\/\\\/archilaabogados.com\\\/#website\"},\"primaryImageOfPage\":{\"@id\":\"https:\\\/\\\/archilaabogados.com\\\/2018\\\/07\\\/26\\\/un-proyecto-de-la-crc\\\/#primaryimage\"},\"image\":{\"@id\":\"https:\\\/\\\/archilaabogados.com\\\/2018\\\/07\\\/26\\\/un-proyecto-de-la-crc\\\/#primaryimage\"},\"thumbnailUrl\":\"https:\\\/\\\/archilaabogados.com\\\/wp-content\\\/uploads\\\/2018\\\/07\\\/crc_240.jpg\",\"datePublished\":\"2018-07-26T23:29:29+00:00\",\"dateModified\":\"2022-05-27T05:55:05+00:00\",\"author\":{\"@id\":\"https:\\\/\\\/archilaabogados.com\\\/#\\\/schema\\\/person\\\/2ebc59f80cf35317c2a9f16341ee7883\"},\"breadcrumb\":{\"@id\":\"https:\\\/\\\/archilaabogados.com\\\/2018\\\/07\\\/26\\\/un-proyecto-de-la-crc\\\/#breadcrumb\"},\"inLanguage\":\"en-US\",\"potentialAction\":[{\"@type\":\"ReadAction\",\"target\":[\"https:\\\/\\\/archilaabogados.com\\\/2018\\\/07\\\/26\\\/un-proyecto-de-la-crc\\\/\"]}]},{\"@type\":\"ImageObject\",\"inLanguage\":\"en-US\",\"@id\":\"https:\\\/\\\/archilaabogados.com\\\/2018\\\/07\\\/26\\\/un-proyecto-de-la-crc\\\/#primaryimage\",\"url\":\"https:\\\/\\\/archilaabogados.com\\\/wp-content\\\/uploads\\\/2018\\\/07\\\/crc_240.jpg\",\"contentUrl\":\"https:\\\/\\\/archilaabogados.com\\\/wp-content\\\/uploads\\\/2018\\\/07\\\/crc_240.jpg\",\"width\":240,\"height\":290},{\"@type\":\"BreadcrumbList\",\"@id\":\"https:\\\/\\\/archilaabogados.com\\\/2018\\\/07\\\/26\\\/un-proyecto-de-la-crc\\\/#breadcrumb\",\"itemListElement\":[{\"@type\":\"ListItem\",\"position\":1,\"name\":\"Home\",\"item\":\"https:\\\/\\\/archilaabogados.com\\\/\"},{\"@type\":\"ListItem\",\"position\":2,\"name\":\"Un proyecto de la CRC\"}]},{\"@type\":\"WebSite\",\"@id\":\"https:\\\/\\\/archilaabogados.com\\\/#website\",\"url\":\"https:\\\/\\\/archilaabogados.com\\\/\",\"name\":\"Archila Abogados\",\"description\":\"Servicios legales\",\"potentialAction\":[{\"@type\":\"SearchAction\",\"target\":{\"@type\":\"EntryPoint\",\"urlTemplate\":\"https:\\\/\\\/archilaabogados.com\\\/?s={search_term_string}\"},\"query-input\":{\"@type\":\"PropertyValueSpecification\",\"valueRequired\":true,\"valueName\":\"search_term_string\"}}],\"inLanguage\":\"en-US\"},{\"@type\":\"Person\",\"@id\":\"https:\\\/\\\/archilaabogados.com\\\/#\\\/schema\\\/person\\\/2ebc59f80cf35317c2a9f16341ee7883\",\"name\":\"ArhilAdmin\",\"image\":{\"@type\":\"ImageObject\",\"inLanguage\":\"en-US\",\"@id\":\"https:\\\/\\\/secure.gravatar.com\\\/avatar\\\/9dcaf3f4e6ece3ae0c14ad443b5883bafd050ab345f218cf32465ef4c68ec5f4?s=96&d=mm&r=g\",\"url\":\"https:\\\/\\\/secure.gravatar.com\\\/avatar\\\/9dcaf3f4e6ece3ae0c14ad443b5883bafd050ab345f218cf32465ef4c68ec5f4?s=96&d=mm&r=g\",\"contentUrl\":\"https:\\\/\\\/secure.gravatar.com\\\/avatar\\\/9dcaf3f4e6ece3ae0c14ad443b5883bafd050ab345f218cf32465ef4c68ec5f4?s=96&d=mm&r=g\",\"caption\":\"ArhilAdmin\"},\"sameAs\":[\"https:\\\/\\\/archilaabogados.com\"],\"url\":\"https:\\\/\\\/archilaabogados.com\\\/en\\\/author\\\/arhiladmin\\\/\"}]}<\/script>\n<!-- \/ Yoast SEO plugin. -->","yoast_head_json":{"title":"Un proyecto de la CRC - Archila Abogados","robots":{"index":"index","follow":"follow","max-snippet":"max-snippet:-1","max-image-preview":"max-image-preview:large","max-video-preview":"max-video-preview:-1"},"canonical":"https:\/\/archilaabogados.com\/en\/2018\/07\/26\/un-proyecto-de-la-crc\/","og_locale":"en_US","og_type":"article","og_title":"Un proyecto de la CRC - Archila Abogados","og_description":"La Comisi\u00f3n de Regulaci\u00f3n de Comunicaciones public\u00f3 un proyecto de resoluci\u00f3n que busca flexibilizar las condiciones regulatorias de comercializaci\u00f3n...","og_url":"https:\/\/archilaabogados.com\/en\/2018\/07\/26\/un-proyecto-de-la-crc\/","og_site_name":"Archila Abogados","article_published_time":"2018-07-26T23:29:29+00:00","article_modified_time":"2022-05-27T05:55:05+00:00","og_image":[{"width":240,"height":290,"url":"http:\/\/archilaabogados.com\/wp-content\/uploads\/2018\/07\/crc_240.jpg","type":"image\/jpeg"}],"author":"ArhilAdmin","twitter_card":"summary_large_image","twitter_misc":{"Written by":"ArhilAdmin","Est. reading time":"2 minutes"},"schema":{"@context":"https:\/\/schema.org","@graph":[{"@type":"Article","@id":"https:\/\/archilaabogados.com\/2018\/07\/26\/un-proyecto-de-la-crc\/#article","isPartOf":{"@id":"https:\/\/archilaabogados.com\/2018\/07\/26\/un-proyecto-de-la-crc\/"},"author":{"name":"ArhilAdmin","@id":"https:\/\/archilaabogados.com\/#\/schema\/person\/2ebc59f80cf35317c2a9f16341ee7883"},"headline":"Un proyecto de la CRC","datePublished":"2018-07-26T23:29:29+00:00","dateModified":"2022-05-27T05:55:05+00:00","mainEntityOfPage":{"@id":"https:\/\/archilaabogados.com\/2018\/07\/26\/un-proyecto-de-la-crc\/"},"wordCount":485,"image":{"@id":"https:\/\/archilaabogados.com\/2018\/07\/26\/un-proyecto-de-la-crc\/#primaryimage"},"thumbnailUrl":"https:\/\/archilaabogados.com\/wp-content\/uploads\/2018\/07\/crc_240.jpg","keywords":["Asuntos Legales"],"articleSection":["Diario La Rep\u00fablica"],"inLanguage":"en-US"},{"@type":"WebPage","@id":"https:\/\/archilaabogados.com\/2018\/07\/26\/un-proyecto-de-la-crc\/","url":"https:\/\/archilaabogados.com\/2018\/07\/26\/un-proyecto-de-la-crc\/","name":"Un proyecto de la CRC - Archila Abogados","isPartOf":{"@id":"https:\/\/archilaabogados.com\/#website"},"primaryImageOfPage":{"@id":"https:\/\/archilaabogados.com\/2018\/07\/26\/un-proyecto-de-la-crc\/#primaryimage"},"image":{"@id":"https:\/\/archilaabogados.com\/2018\/07\/26\/un-proyecto-de-la-crc\/#primaryimage"},"thumbnailUrl":"https:\/\/archilaabogados.com\/wp-content\/uploads\/2018\/07\/crc_240.jpg","datePublished":"2018-07-26T23:29:29+00:00","dateModified":"2022-05-27T05:55:05+00:00","author":{"@id":"https:\/\/archilaabogados.com\/#\/schema\/person\/2ebc59f80cf35317c2a9f16341ee7883"},"breadcrumb":{"@id":"https:\/\/archilaabogados.com\/2018\/07\/26\/un-proyecto-de-la-crc\/#breadcrumb"},"inLanguage":"en-US","potentialAction":[{"@type":"ReadAction","target":["https:\/\/archilaabogados.com\/2018\/07\/26\/un-proyecto-de-la-crc\/"]}]},{"@type":"ImageObject","inLanguage":"en-US","@id":"https:\/\/archilaabogados.com\/2018\/07\/26\/un-proyecto-de-la-crc\/#primaryimage","url":"https:\/\/archilaabogados.com\/wp-content\/uploads\/2018\/07\/crc_240.jpg","contentUrl":"https:\/\/archilaabogados.com\/wp-content\/uploads\/2018\/07\/crc_240.jpg","width":240,"height":290},{"@type":"BreadcrumbList","@id":"https:\/\/archilaabogados.com\/2018\/07\/26\/un-proyecto-de-la-crc\/#breadcrumb","itemListElement":[{"@type":"ListItem","position":1,"name":"Home","item":"https:\/\/archilaabogados.com\/"},{"@type":"ListItem","position":2,"name":"Un proyecto de la CRC"}]},{"@type":"WebSite","@id":"https:\/\/archilaabogados.com\/#website","url":"https:\/\/archilaabogados.com\/","name":"Archila Abogados","description":"Servicios legales","potentialAction":[{"@type":"SearchAction","target":{"@type":"EntryPoint","urlTemplate":"https:\/\/archilaabogados.com\/?s={search_term_string}"},"query-input":{"@type":"PropertyValueSpecification","valueRequired":true,"valueName":"search_term_string"}}],"inLanguage":"en-US"},{"@type":"Person","@id":"https:\/\/archilaabogados.com\/#\/schema\/person\/2ebc59f80cf35317c2a9f16341ee7883","name":"ArhilAdmin","image":{"@type":"ImageObject","inLanguage":"en-US","@id":"https:\/\/secure.gravatar.com\/avatar\/9dcaf3f4e6ece3ae0c14ad443b5883bafd050ab345f218cf32465ef4c68ec5f4?s=96&d=mm&r=g","url":"https:\/\/secure.gravatar.com\/avatar\/9dcaf3f4e6ece3ae0c14ad443b5883bafd050ab345f218cf32465ef4c68ec5f4?s=96&d=mm&r=g","contentUrl":"https:\/\/secure.gravatar.com\/avatar\/9dcaf3f4e6ece3ae0c14ad443b5883bafd050ab345f218cf32465ef4c68ec5f4?s=96&d=mm&r=g","caption":"ArhilAdmin"},"sameAs":["https:\/\/archilaabogados.com"],"url":"https:\/\/archilaabogados.com\/en\/author\/arhiladmin\/"}]}},"_links":{"self":[{"href":"https:\/\/archilaabogados.com\/en\/wp-json\/wp\/v2\/posts\/1131","targetHints":{"allow":["GET"]}}],"collection":[{"href":"https:\/\/archilaabogados.com\/en\/wp-json\/wp\/v2\/posts"}],"about":[{"href":"https:\/\/archilaabogados.com\/en\/wp-json\/wp\/v2\/types\/post"}],"author":[{"embeddable":true,"href":"https:\/\/archilaabogados.com\/en\/wp-json\/wp\/v2\/users\/1"}],"replies":[{"embeddable":true,"href":"https:\/\/archilaabogados.com\/en\/wp-json\/wp\/v2\/comments?post=1131"}],"version-history":[{"count":1,"href":"https:\/\/archilaabogados.com\/en\/wp-json\/wp\/v2\/posts\/1131\/revisions"}],"predecessor-version":[{"id":1650,"href":"https:\/\/archilaabogados.com\/en\/wp-json\/wp\/v2\/posts\/1131\/revisions\/1650"}],"wp:featuredmedia":[{"embeddable":true,"href":"https:\/\/archilaabogados.com\/en\/wp-json\/wp\/v2\/media\/1133"}],"wp:attachment":[{"href":"https:\/\/archilaabogados.com\/en\/wp-json\/wp\/v2\/media?parent=1131"}],"wp:term":[{"taxonomy":"category","embeddable":true,"href":"https:\/\/archilaabogados.com\/en\/wp-json\/wp\/v2\/categories?post=1131"},{"taxonomy":"post_tag","embeddable":true,"href":"https:\/\/archilaabogados.com\/en\/wp-json\/wp\/v2\/tags?post=1131"}],"curies":[{"name":"wp","href":"https:\/\/api.w.org\/{rel}","templated":true}]}}