{"id":1217,"date":"2017-12-22T11:06:38","date_gmt":"2017-12-22T11:06:38","guid":{"rendered":"https:\/\/archilaabogados.com\/?p=1007"},"modified":"2022-05-27T05:55:27","modified_gmt":"2022-05-27T05:55:27","slug":"la-orden-de-obama-para-promover-la-competencia","status":"publish","type":"post","link":"https:\/\/archilaabogados.com\/en\/2017\/12\/22\/la-orden-de-obama-para-promover-la-competencia\/","title":{"rendered":"La orden de Obama para promover la Competencia"},"content":{"rendered":"<p><strong>Bogot\u00e1. (25\/04\/2016)<br \/>\n<\/strong><strong>Art\u00edculo escrito por el Dr. Emilio Jos\u00e9 Archila. <\/strong><\/p>\n<p>El Presidente norteamericano Barack Obama expidi\u00f3 una orden ejecutiva para \u201cincrementar la competencia y mejorar la informaci\u00f3n a los consumidores y trabajadores\u201d el pasado 15 de abril. Uno de los elementos para destacar aparece en la secci\u00f3n 2, en la cual se ordena a las agencias y entidades de la rama ejecutiva eliminar las regulaciones que restrinjan la competencia, cuando dicha restricci\u00f3n no sea compensada con beneficios para la poblaci\u00f3n norteamericana. Claro, \u00e9ste no ha sido el \u00fanico esfuerzo de esta administraci\u00f3n para mejorar la regulaci\u00f3n estatal: En 2011, mientras Cass Sunstein era Director de la Oficina de Informaci\u00f3n y Asuntos Regulatorios, se expidi\u00f3 la orden ejecutiva 13563 (Improving Regulation and Regulatory Review).<\/p>\n<p>Sin embargo, esta misma administraci\u00f3n de los Estados Unidos de Am\u00e9rica se ha opuesto a proyectos de ley que procuraban limitar la discrecionalidad que tiene el Ejecutivo para determinar el alcance del proceso de mejora regulatoria . En esos proyectos de ley se extra\u00eda de la \u00f3rbita de las \u00f3rdenes ejecutivas presidenciales ese asunto para que fuera el Congreso quien forjara un marco que no dependiera de la misma rama que ver\u00e1 limitada sus actividades.<\/p>\n<p>Por lo anterior, las cr\u00edticas a esta nueva orden ejecutiva no se han hecho esperar: El Director del Competitive Enterprise Institute reclam\u00f3 por la incoherencia que, en su opini\u00f3n, evidencia que la orden ejecutiva no es un paso adelante sino palabras sin dientes, pues en su mismo texto aparece que la orden presidencial \u201cno pretende crear ning\u00fan derecho o beneficio, sustantivo o procesal, ejecutable en derecho o en equidad en contra de los Estados Unidos, sus departamentos, organismos o entidades, sus funcionarios, empleados o agentes, o cualquier otra persona\u201d.<\/p>\n<p>Colombia ha transitado un camino parecido. El proceso de mejora regulatoria ha aparecido mayormente en la misma rama ejecutiva: En el decreto 1 de 1989, posteriormente reemplazado por el decreto 1345 de 2010 (por el cual se establecen directrices de t\u00e9cnica normativa) y terminando en el documento Conpes 3816 de 2014 (Mejora normativa: An\u00e1lisis de impacto), el marco para determinar c\u00f3mo se debe hacer un estudio de impacto regulatorio, las variables para analizar los costos y beneficios de una medida y la asignaci\u00f3n de las personas que har\u00e1n la evaluaci\u00f3n, dependen de la misma Rama Ejecutiva.<\/p>\n<p>Sin desconocer los valientes esfuerzos que algunas administraciones han hecho para mejorar la regulaci\u00f3n, es v\u00e1lido recordar que constitucionalmente existe una confianza en que el mercado opera de manera eficiente, y que s\u00f3lo podr\u00e1 intervenir el Estado (i) en presencia de fallas del mercado o fallas de equidad; (ii) cuando se vea afectado otro inter\u00e9s constitucionalmente valioso; (iii) restringiendo las libertades econ\u00f3micas s\u00f3lo lo necesario y en todo caso sin afectar su n\u00facleo esencial; (iv) siempre con fundamento en la ley; y (v) que la intervenci\u00f3n de la rama ejecutiva resulte mejor que la \u201cenfermedad\u201d -an\u00e1lisis costo beneficio-.<\/p>\n<p>Adem\u00e1s de ese contenido constitucional, los colombianos tenemos un valioso aliado en la Superintendencia de Industria y Comercio, que cada vez debe ser m\u00e1s vigilante y poderosa, para que en curso del procedimiento de Abogac\u00eda de la Competencia se materialicen los postulados antes mencionados y se evite que entren en vigor regulaciones anticompetitivas e inconstitucionales.<\/p>\n<p><strong><a href=\"http:\/\/www.larepublica.co\/la-orden-de-obama-para-promover-la-competencia_372341\" target=\"_blank\" rel=\"noopener\">*Ac\u00e1 tambi\u00e9n puedes leer el art\u00edculo en el diario La Rep\u00fablica.<\/a><\/strong><\/p>","protected":false},"excerpt":{"rendered":"<p>Bogot\u00e1. (25\/04\/2016) Art\u00edculo escrito por el Dr. Emilio Jos\u00e9 Archila. El Presidente norteamericano Barack Obama expidi\u00f3 una orden ejecutiva&#8230;<\/p>","protected":false},"author":1,"featured_media":1218,"comment_status":"closed","ping_status":"open","sticky":false,"template":"","format":"standard","meta":{"_kad_post_transparent":"","_kad_post_title":"","_kad_post_layout":"","_kad_post_sidebar_id":"","_kad_post_content_style":"","_kad_post_vertical_padding":"","_kad_post_feature":"","_kad_post_feature_position":"","_kad_post_header":false,"_kad_post_footer":false,"footnotes":""},"categories":[15],"tags":[51],"class_list":["post-1217","post","type-post","status-publish","format-standard","has-post-thumbnail","hentry","category-diario-la-republica","tag-asuntos-legales"],"yoast_head":"<!-- This site is optimized with the Yoast SEO plugin v27.4 - https:\/\/yoast.com\/product\/yoast-seo-wordpress\/ -->\n<title>La orden de Obama para promover la Competencia - Archila Abogados<\/title>\n<meta name=\"robots\" content=\"index, follow, max-snippet:-1, max-image-preview:large, max-video-preview:-1\" \/>\n<link rel=\"canonical\" href=\"https:\/\/archilaabogados.com\/en\/2017\/12\/22\/la-orden-de-obama-para-promover-la-competencia\/\" \/>\n<meta property=\"og:locale\" content=\"en_US\" \/>\n<meta property=\"og:type\" content=\"article\" \/>\n<meta property=\"og:title\" content=\"La orden de Obama para promover la Competencia - Archila Abogados\" \/>\n<meta property=\"og:description\" content=\"Bogot\u00e1. (25\/04\/2016) Art\u00edculo escrito por el Dr. Emilio Jos\u00e9 Archila. El Presidente norteamericano Barack Obama expidi\u00f3 una orden ejecutiva...\" \/>\n<meta property=\"og:url\" content=\"https:\/\/archilaabogados.com\/en\/2017\/12\/22\/la-orden-de-obama-para-promover-la-competencia\/\" \/>\n<meta property=\"og:site_name\" content=\"Archila Abogados\" \/>\n<meta property=\"article:published_time\" content=\"2017-12-22T11:06:38+00:00\" \/>\n<meta property=\"article:modified_time\" content=\"2022-05-27T05:55:27+00:00\" \/>\n<meta property=\"og:image\" content=\"http:\/\/archilaabogados.com\/wp-content\/uploads\/2017\/12\/barack_obama.jpg\" \/>\n\t<meta property=\"og:image:width\" content=\"240\" \/>\n\t<meta property=\"og:image:height\" content=\"290\" \/>\n\t<meta property=\"og:image:type\" content=\"image\/jpeg\" \/>\n<meta name=\"author\" content=\"ArhilAdmin\" \/>\n<meta name=\"twitter:card\" content=\"summary_large_image\" \/>\n<meta name=\"twitter:label1\" content=\"Written by\" \/>\n\t<meta name=\"twitter:data1\" content=\"ArhilAdmin\" \/>\n\t<meta name=\"twitter:label2\" content=\"Est. reading time\" \/>\n\t<meta name=\"twitter:data2\" content=\"3 minutes\" \/>\n<script type=\"application\/ld+json\" class=\"yoast-schema-graph\">{\"@context\":\"https:\\\/\\\/schema.org\",\"@graph\":[{\"@type\":\"Article\",\"@id\":\"https:\\\/\\\/archilaabogados.com\\\/2017\\\/12\\\/22\\\/la-orden-de-obama-para-promover-la-competencia\\\/#article\",\"isPartOf\":{\"@id\":\"https:\\\/\\\/archilaabogados.com\\\/2017\\\/12\\\/22\\\/la-orden-de-obama-para-promover-la-competencia\\\/\"},\"author\":{\"name\":\"ArhilAdmin\",\"@id\":\"https:\\\/\\\/archilaabogados.com\\\/#\\\/schema\\\/person\\\/2ebc59f80cf35317c2a9f16341ee7883\"},\"headline\":\"La orden de Obama para promover la Competencia\",\"datePublished\":\"2017-12-22T11:06:38+00:00\",\"dateModified\":\"2022-05-27T05:55:27+00:00\",\"mainEntityOfPage\":{\"@id\":\"https:\\\/\\\/archilaabogados.com\\\/2017\\\/12\\\/22\\\/la-orden-de-obama-para-promover-la-competencia\\\/\"},\"wordCount\":578,\"image\":{\"@id\":\"https:\\\/\\\/archilaabogados.com\\\/2017\\\/12\\\/22\\\/la-orden-de-obama-para-promover-la-competencia\\\/#primaryimage\"},\"thumbnailUrl\":\"https:\\\/\\\/archilaabogados.com\\\/wp-content\\\/uploads\\\/2017\\\/12\\\/barack_obama.jpg\",\"keywords\":[\"Asuntos Legales\"],\"articleSection\":[\"Diario La Rep\u00fablica\"],\"inLanguage\":\"en-US\"},{\"@type\":\"WebPage\",\"@id\":\"https:\\\/\\\/archilaabogados.com\\\/2017\\\/12\\\/22\\\/la-orden-de-obama-para-promover-la-competencia\\\/\",\"url\":\"https:\\\/\\\/archilaabogados.com\\\/2017\\\/12\\\/22\\\/la-orden-de-obama-para-promover-la-competencia\\\/\",\"name\":\"La orden de Obama para promover la Competencia - Archila Abogados\",\"isPartOf\":{\"@id\":\"https:\\\/\\\/archilaabogados.com\\\/#website\"},\"primaryImageOfPage\":{\"@id\":\"https:\\\/\\\/archilaabogados.com\\\/2017\\\/12\\\/22\\\/la-orden-de-obama-para-promover-la-competencia\\\/#primaryimage\"},\"image\":{\"@id\":\"https:\\\/\\\/archilaabogados.com\\\/2017\\\/12\\\/22\\\/la-orden-de-obama-para-promover-la-competencia\\\/#primaryimage\"},\"thumbnailUrl\":\"https:\\\/\\\/archilaabogados.com\\\/wp-content\\\/uploads\\\/2017\\\/12\\\/barack_obama.jpg\",\"datePublished\":\"2017-12-22T11:06:38+00:00\",\"dateModified\":\"2022-05-27T05:55:27+00:00\",\"author\":{\"@id\":\"https:\\\/\\\/archilaabogados.com\\\/#\\\/schema\\\/person\\\/2ebc59f80cf35317c2a9f16341ee7883\"},\"breadcrumb\":{\"@id\":\"https:\\\/\\\/archilaabogados.com\\\/2017\\\/12\\\/22\\\/la-orden-de-obama-para-promover-la-competencia\\\/#breadcrumb\"},\"inLanguage\":\"en-US\",\"potentialAction\":[{\"@type\":\"ReadAction\",\"target\":[\"https:\\\/\\\/archilaabogados.com\\\/2017\\\/12\\\/22\\\/la-orden-de-obama-para-promover-la-competencia\\\/\"]}]},{\"@type\":\"ImageObject\",\"inLanguage\":\"en-US\",\"@id\":\"https:\\\/\\\/archilaabogados.com\\\/2017\\\/12\\\/22\\\/la-orden-de-obama-para-promover-la-competencia\\\/#primaryimage\",\"url\":\"https:\\\/\\\/archilaabogados.com\\\/wp-content\\\/uploads\\\/2017\\\/12\\\/barack_obama.jpg\",\"contentUrl\":\"https:\\\/\\\/archilaabogados.com\\\/wp-content\\\/uploads\\\/2017\\\/12\\\/barack_obama.jpg\",\"width\":240,\"height\":290},{\"@type\":\"BreadcrumbList\",\"@id\":\"https:\\\/\\\/archilaabogados.com\\\/2017\\\/12\\\/22\\\/la-orden-de-obama-para-promover-la-competencia\\\/#breadcrumb\",\"itemListElement\":[{\"@type\":\"ListItem\",\"position\":1,\"name\":\"Home\",\"item\":\"https:\\\/\\\/archilaabogados.com\\\/\"},{\"@type\":\"ListItem\",\"position\":2,\"name\":\"La orden de Obama para promover la Competencia\"}]},{\"@type\":\"WebSite\",\"@id\":\"https:\\\/\\\/archilaabogados.com\\\/#website\",\"url\":\"https:\\\/\\\/archilaabogados.com\\\/\",\"name\":\"Archila Abogados\",\"description\":\"Servicios legales\",\"potentialAction\":[{\"@type\":\"SearchAction\",\"target\":{\"@type\":\"EntryPoint\",\"urlTemplate\":\"https:\\\/\\\/archilaabogados.com\\\/?s={search_term_string}\"},\"query-input\":{\"@type\":\"PropertyValueSpecification\",\"valueRequired\":true,\"valueName\":\"search_term_string\"}}],\"inLanguage\":\"en-US\"},{\"@type\":\"Person\",\"@id\":\"https:\\\/\\\/archilaabogados.com\\\/#\\\/schema\\\/person\\\/2ebc59f80cf35317c2a9f16341ee7883\",\"name\":\"ArhilAdmin\",\"image\":{\"@type\":\"ImageObject\",\"inLanguage\":\"en-US\",\"@id\":\"https:\\\/\\\/secure.gravatar.com\\\/avatar\\\/9dcaf3f4e6ece3ae0c14ad443b5883bafd050ab345f218cf32465ef4c68ec5f4?s=96&d=mm&r=g\",\"url\":\"https:\\\/\\\/secure.gravatar.com\\\/avatar\\\/9dcaf3f4e6ece3ae0c14ad443b5883bafd050ab345f218cf32465ef4c68ec5f4?s=96&d=mm&r=g\",\"contentUrl\":\"https:\\\/\\\/secure.gravatar.com\\\/avatar\\\/9dcaf3f4e6ece3ae0c14ad443b5883bafd050ab345f218cf32465ef4c68ec5f4?s=96&d=mm&r=g\",\"caption\":\"ArhilAdmin\"},\"sameAs\":[\"https:\\\/\\\/archilaabogados.com\"],\"url\":\"https:\\\/\\\/archilaabogados.com\\\/en\\\/author\\\/arhiladmin\\\/\"}]}<\/script>\n<!-- \/ Yoast SEO plugin. -->","yoast_head_json":{"title":"La orden de Obama para promover la Competencia - Archila Abogados","robots":{"index":"index","follow":"follow","max-snippet":"max-snippet:-1","max-image-preview":"max-image-preview:large","max-video-preview":"max-video-preview:-1"},"canonical":"https:\/\/archilaabogados.com\/en\/2017\/12\/22\/la-orden-de-obama-para-promover-la-competencia\/","og_locale":"en_US","og_type":"article","og_title":"La orden de Obama para promover la Competencia - Archila Abogados","og_description":"Bogot\u00e1. (25\/04\/2016) Art\u00edculo escrito por el Dr. Emilio Jos\u00e9 Archila. El Presidente norteamericano Barack Obama expidi\u00f3 una orden ejecutiva...","og_url":"https:\/\/archilaabogados.com\/en\/2017\/12\/22\/la-orden-de-obama-para-promover-la-competencia\/","og_site_name":"Archila Abogados","article_published_time":"2017-12-22T11:06:38+00:00","article_modified_time":"2022-05-27T05:55:27+00:00","og_image":[{"width":240,"height":290,"url":"http:\/\/archilaabogados.com\/wp-content\/uploads\/2017\/12\/barack_obama.jpg","type":"image\/jpeg"}],"author":"ArhilAdmin","twitter_card":"summary_large_image","twitter_misc":{"Written by":"ArhilAdmin","Est. reading time":"3 minutes"},"schema":{"@context":"https:\/\/schema.org","@graph":[{"@type":"Article","@id":"https:\/\/archilaabogados.com\/2017\/12\/22\/la-orden-de-obama-para-promover-la-competencia\/#article","isPartOf":{"@id":"https:\/\/archilaabogados.com\/2017\/12\/22\/la-orden-de-obama-para-promover-la-competencia\/"},"author":{"name":"ArhilAdmin","@id":"https:\/\/archilaabogados.com\/#\/schema\/person\/2ebc59f80cf35317c2a9f16341ee7883"},"headline":"La orden de Obama para promover la Competencia","datePublished":"2017-12-22T11:06:38+00:00","dateModified":"2022-05-27T05:55:27+00:00","mainEntityOfPage":{"@id":"https:\/\/archilaabogados.com\/2017\/12\/22\/la-orden-de-obama-para-promover-la-competencia\/"},"wordCount":578,"image":{"@id":"https:\/\/archilaabogados.com\/2017\/12\/22\/la-orden-de-obama-para-promover-la-competencia\/#primaryimage"},"thumbnailUrl":"https:\/\/archilaabogados.com\/wp-content\/uploads\/2017\/12\/barack_obama.jpg","keywords":["Asuntos Legales"],"articleSection":["Diario La Rep\u00fablica"],"inLanguage":"en-US"},{"@type":"WebPage","@id":"https:\/\/archilaabogados.com\/2017\/12\/22\/la-orden-de-obama-para-promover-la-competencia\/","url":"https:\/\/archilaabogados.com\/2017\/12\/22\/la-orden-de-obama-para-promover-la-competencia\/","name":"La orden de Obama para promover la Competencia - Archila Abogados","isPartOf":{"@id":"https:\/\/archilaabogados.com\/#website"},"primaryImageOfPage":{"@id":"https:\/\/archilaabogados.com\/2017\/12\/22\/la-orden-de-obama-para-promover-la-competencia\/#primaryimage"},"image":{"@id":"https:\/\/archilaabogados.com\/2017\/12\/22\/la-orden-de-obama-para-promover-la-competencia\/#primaryimage"},"thumbnailUrl":"https:\/\/archilaabogados.com\/wp-content\/uploads\/2017\/12\/barack_obama.jpg","datePublished":"2017-12-22T11:06:38+00:00","dateModified":"2022-05-27T05:55:27+00:00","author":{"@id":"https:\/\/archilaabogados.com\/#\/schema\/person\/2ebc59f80cf35317c2a9f16341ee7883"},"breadcrumb":{"@id":"https:\/\/archilaabogados.com\/2017\/12\/22\/la-orden-de-obama-para-promover-la-competencia\/#breadcrumb"},"inLanguage":"en-US","potentialAction":[{"@type":"ReadAction","target":["https:\/\/archilaabogados.com\/2017\/12\/22\/la-orden-de-obama-para-promover-la-competencia\/"]}]},{"@type":"ImageObject","inLanguage":"en-US","@id":"https:\/\/archilaabogados.com\/2017\/12\/22\/la-orden-de-obama-para-promover-la-competencia\/#primaryimage","url":"https:\/\/archilaabogados.com\/wp-content\/uploads\/2017\/12\/barack_obama.jpg","contentUrl":"https:\/\/archilaabogados.com\/wp-content\/uploads\/2017\/12\/barack_obama.jpg","width":240,"height":290},{"@type":"BreadcrumbList","@id":"https:\/\/archilaabogados.com\/2017\/12\/22\/la-orden-de-obama-para-promover-la-competencia\/#breadcrumb","itemListElement":[{"@type":"ListItem","position":1,"name":"Home","item":"https:\/\/archilaabogados.com\/"},{"@type":"ListItem","position":2,"name":"La orden de Obama para promover la Competencia"}]},{"@type":"WebSite","@id":"https:\/\/archilaabogados.com\/#website","url":"https:\/\/archilaabogados.com\/","name":"Archila Abogados","description":"Servicios legales","potentialAction":[{"@type":"SearchAction","target":{"@type":"EntryPoint","urlTemplate":"https:\/\/archilaabogados.com\/?s={search_term_string}"},"query-input":{"@type":"PropertyValueSpecification","valueRequired":true,"valueName":"search_term_string"}}],"inLanguage":"en-US"},{"@type":"Person","@id":"https:\/\/archilaabogados.com\/#\/schema\/person\/2ebc59f80cf35317c2a9f16341ee7883","name":"ArhilAdmin","image":{"@type":"ImageObject","inLanguage":"en-US","@id":"https:\/\/secure.gravatar.com\/avatar\/9dcaf3f4e6ece3ae0c14ad443b5883bafd050ab345f218cf32465ef4c68ec5f4?s=96&d=mm&r=g","url":"https:\/\/secure.gravatar.com\/avatar\/9dcaf3f4e6ece3ae0c14ad443b5883bafd050ab345f218cf32465ef4c68ec5f4?s=96&d=mm&r=g","contentUrl":"https:\/\/secure.gravatar.com\/avatar\/9dcaf3f4e6ece3ae0c14ad443b5883bafd050ab345f218cf32465ef4c68ec5f4?s=96&d=mm&r=g","caption":"ArhilAdmin"},"sameAs":["https:\/\/archilaabogados.com"],"url":"https:\/\/archilaabogados.com\/en\/author\/arhiladmin\/"}]}},"_links":{"self":[{"href":"https:\/\/archilaabogados.com\/en\/wp-json\/wp\/v2\/posts\/1217","targetHints":{"allow":["GET"]}}],"collection":[{"href":"https:\/\/archilaabogados.com\/en\/wp-json\/wp\/v2\/posts"}],"about":[{"href":"https:\/\/archilaabogados.com\/en\/wp-json\/wp\/v2\/types\/post"}],"author":[{"embeddable":true,"href":"https:\/\/archilaabogados.com\/en\/wp-json\/wp\/v2\/users\/1"}],"replies":[{"embeddable":true,"href":"https:\/\/archilaabogados.com\/en\/wp-json\/wp\/v2\/comments?post=1217"}],"version-history":[{"count":1,"href":"https:\/\/archilaabogados.com\/en\/wp-json\/wp\/v2\/posts\/1217\/revisions"}],"predecessor-version":[{"id":1688,"href":"https:\/\/archilaabogados.com\/en\/wp-json\/wp\/v2\/posts\/1217\/revisions\/1688"}],"wp:featuredmedia":[{"embeddable":true,"href":"https:\/\/archilaabogados.com\/en\/wp-json\/wp\/v2\/media\/1218"}],"wp:attachment":[{"href":"https:\/\/archilaabogados.com\/en\/wp-json\/wp\/v2\/media?parent=1217"}],"wp:term":[{"taxonomy":"category","embeddable":true,"href":"https:\/\/archilaabogados.com\/en\/wp-json\/wp\/v2\/categories?post=1217"},{"taxonomy":"post_tag","embeddable":true,"href":"https:\/\/archilaabogados.com\/en\/wp-json\/wp\/v2\/tags?post=1217"}],"curies":[{"name":"wp","href":"https:\/\/api.w.org\/{rel}","templated":true}]}}