{"id":1232,"date":"2017-12-22T10:19:04","date_gmt":"2017-12-22T10:19:04","guid":{"rendered":"https:\/\/archilaabogados.com\/?p=986"},"modified":"2022-05-27T05:55:27","modified_gmt":"2022-05-27T05:55:27","slug":"a-proposito-de-informar","status":"publish","type":"post","link":"https:\/\/archilaabogados.com\/en\/2017\/12\/22\/a-proposito-de-informar\/","title":{"rendered":"A prop\u00f3sito de informar"},"content":{"rendered":"<p><strong>Bogot\u00e1. (26\/09\/2016)<\/strong><br \/>\n<strong>Art\u00edculo escrito por el Dr. Emilio Jos\u00e9 Archila.<\/strong><\/p>\n<p>Incluso objetivos tan loables como la protecci\u00f3n de los consumidores a trav\u00e9s de campa\u00f1as masivas que pretenden informarlo sobre los riesgos de la ingesta de ciertos ingredientes, deben cumplir con la ley para no desinformar.<\/p>\n<p>Nos referimos a la reciente decisi\u00f3n de la Superintendencia de Industria y Comercio en la que orden\u00f3 retirar unos comerciales de televisi\u00f3n en los que se informaba sobre los \u201csupuestos efectos nocivos de consumo de bebidas azucaradas\u201d.<\/p>\n<p>Si bien, \u201cla libertad de expresi\u00f3n, al igual que las libertades de informaci\u00f3n y opini\u00f3n son piedras angulares de cualquier sociedad democr\u00e1tica. Detr\u00e1s de ellas se encuentra el pluralismo, la contingencia del debate y la posibilidad de que las personas se formen una posici\u00f3n propia frente a su entorno social, art\u00edstico, ambiental, econ\u00f3mico, cient\u00edfico y pol\u00edtico. Es por esto que cada una de las mencionadas libertades cuenta con un lugar privilegiado dentro del ordenamiento jur\u00eddico nacional e internacional\u201d (Corte Constitucional Sentencia T-263 DE 2010. M.P. Juan Carlos Henao.), tambi\u00e9n lo es que la libertad de expresi\u00f3n, una de cuyas expresiones es la publicidad, debe enmarcarse en la ley.<\/p>\n<p>En estos casos, el estatuto del consumidor (ley 1480 de 2011), estableci\u00f3 que si bien el consumidor tiene derecho a recibir informaci\u00f3n respecto a los riesgos que se puedan derivar de los productos puestos en circulaci\u00f3n, esta informaci\u00f3n debe ser \u201ccompleta, veraz, transparente, oportuna, verificable, comprensible, precisa e id\u00f3nea\u201d.<\/p>\n<p>De un lado, est\u00e1 el derecho del consumidor respecto a conocer los riesgos que se derivan de los productos que se ofrecen en el mercado, por virtud de su fabricaci\u00f3n o por uso, y del otro, el derecho a informarse s\u00f3lo puede considerarse cumplido en toda su extensi\u00f3n cuando la informaci\u00f3n que se ofrece le permite tomar una decisi\u00f3n informada.<\/p>\n<p>En este sentido, los adjetivos que trae la ley deben interpretarse como un elemento necesario para que el consumidor elija libremente, esto es, con informaci\u00f3n objetivamente comprobable.<\/p>\n<p>As\u00ed, si bien los problemas a la salud que se derivan del consumo del az\u00facar son conocidos, se encuentran cient\u00edficamente demostrados y constituyen el principal dolor de cabeza para el dise\u00f1o de las pol\u00edticas de salud de los pa\u00edses, habida cuenta del gran n\u00famero de enfermedades desastrosas asociadas a la ingesta de este producto, no podemos caer en la tentaci\u00f3n de generalizar y satanizar los productos que generan enfermedades, que adem\u00e1s, en exceso, podr\u00e1n ser todos.<\/p>\n<p>La decisi\u00f3n que comentamos de la Superintendencia me hace pensar inevitablemente, en que en la polarizaci\u00f3n que vivimos, ser\u00eda bienvenida la aplicaci\u00f3n de las normas de protecci\u00f3n al consumidor a ver si tenemos informaci\u00f3n \u201ccompleta, veraz, transparente, oportuna, verificable, comprensible, precisa e id\u00f3nea\u201d, para el plebiscito.<\/p>\n<p><strong><a href=\"https:\/\/www.asuntoslegales.com.co\/analisis\/emilio-jose-archila-533671\/a-proposito-de-informar-2424256\" target=\"_blank\" rel=\"noopener\">*Ac\u00e1 tambi\u00e9n puedes leer el art\u00edculo en el diario La Rep\u00fablica.<\/a><\/strong><\/p>\n<p>&nbsp;<\/p>","protected":false},"excerpt":{"rendered":"<p>Bogot\u00e1. (26\/09\/2016) Art\u00edculo escrito por el Dr. Emilio Jos\u00e9 Archila. Incluso objetivos tan loables como la protecci\u00f3n de los&#8230;<\/p>","protected":false},"author":1,"featured_media":1233,"comment_status":"closed","ping_status":"open","sticky":false,"template":"","format":"standard","meta":{"_kad_post_transparent":"","_kad_post_title":"","_kad_post_layout":"","_kad_post_sidebar_id":"","_kad_post_content_style":"","_kad_post_vertical_padding":"","_kad_post_feature":"","_kad_post_feature_position":"","_kad_post_header":false,"_kad_post_footer":false,"footnotes":""},"categories":[15],"tags":[51],"class_list":["post-1232","post","type-post","status-publish","format-standard","has-post-thumbnail","hentry","category-diario-la-republica","tag-asuntos-legales"],"yoast_head":"<!-- This site is optimized with the Yoast SEO plugin v27.4 - https:\/\/yoast.com\/product\/yoast-seo-wordpress\/ -->\n<title>A prop\u00f3sito de informar - Archila Abogados<\/title>\n<meta name=\"robots\" content=\"index, follow, max-snippet:-1, max-image-preview:large, max-video-preview:-1\" \/>\n<link rel=\"canonical\" href=\"https:\/\/archilaabogados.com\/en\/2017\/12\/22\/a-proposito-de-informar\/\" \/>\n<meta property=\"og:locale\" content=\"en_US\" \/>\n<meta property=\"og:type\" content=\"article\" \/>\n<meta property=\"og:title\" content=\"A prop\u00f3sito de informar - Archila Abogados\" \/>\n<meta property=\"og:description\" content=\"Bogot\u00e1. (26\/09\/2016) Art\u00edculo escrito por el Dr. Emilio Jos\u00e9 Archila. Incluso objetivos tan loables como la protecci\u00f3n de los...\" \/>\n<meta property=\"og:url\" content=\"https:\/\/archilaabogados.com\/en\/2017\/12\/22\/a-proposito-de-informar\/\" \/>\n<meta property=\"og:site_name\" content=\"Archila Abogados\" \/>\n<meta property=\"article:published_time\" content=\"2017-12-22T10:19:04+00:00\" \/>\n<meta property=\"article:modified_time\" content=\"2022-05-27T05:55:27+00:00\" \/>\n<meta property=\"og:image\" content=\"http:\/\/archilaabogados.com\/wp-content\/uploads\/2017\/12\/archila_ej240.jpg\" \/>\n\t<meta property=\"og:image:width\" content=\"240\" \/>\n\t<meta property=\"og:image:height\" content=\"290\" \/>\n\t<meta property=\"og:image:type\" content=\"image\/jpeg\" \/>\n<meta name=\"author\" content=\"ArhilAdmin\" \/>\n<meta name=\"twitter:card\" content=\"summary_large_image\" \/>\n<meta name=\"twitter:label1\" content=\"Written by\" \/>\n\t<meta name=\"twitter:data1\" content=\"ArhilAdmin\" \/>\n\t<meta name=\"twitter:label2\" content=\"Est. reading time\" \/>\n\t<meta name=\"twitter:data2\" content=\"3 minutes\" \/>\n<script type=\"application\/ld+json\" class=\"yoast-schema-graph\">{\"@context\":\"https:\\\/\\\/schema.org\",\"@graph\":[{\"@type\":\"Article\",\"@id\":\"https:\\\/\\\/archilaabogados.com\\\/2017\\\/12\\\/22\\\/a-proposito-de-informar\\\/#article\",\"isPartOf\":{\"@id\":\"https:\\\/\\\/archilaabogados.com\\\/2017\\\/12\\\/22\\\/a-proposito-de-informar\\\/\"},\"author\":{\"name\":\"ArhilAdmin\",\"@id\":\"https:\\\/\\\/archilaabogados.com\\\/#\\\/schema\\\/person\\\/2ebc59f80cf35317c2a9f16341ee7883\"},\"headline\":\"A prop\u00f3sito de informar\",\"datePublished\":\"2017-12-22T10:19:04+00:00\",\"dateModified\":\"2022-05-27T05:55:27+00:00\",\"mainEntityOfPage\":{\"@id\":\"https:\\\/\\\/archilaabogados.com\\\/2017\\\/12\\\/22\\\/a-proposito-de-informar\\\/\"},\"wordCount\":510,\"image\":{\"@id\":\"https:\\\/\\\/archilaabogados.com\\\/2017\\\/12\\\/22\\\/a-proposito-de-informar\\\/#primaryimage\"},\"thumbnailUrl\":\"https:\\\/\\\/archilaabogados.com\\\/wp-content\\\/uploads\\\/2017\\\/12\\\/archila_ej240.jpg\",\"keywords\":[\"Asuntos Legales\"],\"articleSection\":[\"Diario La Rep\u00fablica\"],\"inLanguage\":\"en-US\"},{\"@type\":\"WebPage\",\"@id\":\"https:\\\/\\\/archilaabogados.com\\\/2017\\\/12\\\/22\\\/a-proposito-de-informar\\\/\",\"url\":\"https:\\\/\\\/archilaabogados.com\\\/2017\\\/12\\\/22\\\/a-proposito-de-informar\\\/\",\"name\":\"A prop\u00f3sito de informar - Archila Abogados\",\"isPartOf\":{\"@id\":\"https:\\\/\\\/archilaabogados.com\\\/#website\"},\"primaryImageOfPage\":{\"@id\":\"https:\\\/\\\/archilaabogados.com\\\/2017\\\/12\\\/22\\\/a-proposito-de-informar\\\/#primaryimage\"},\"image\":{\"@id\":\"https:\\\/\\\/archilaabogados.com\\\/2017\\\/12\\\/22\\\/a-proposito-de-informar\\\/#primaryimage\"},\"thumbnailUrl\":\"https:\\\/\\\/archilaabogados.com\\\/wp-content\\\/uploads\\\/2017\\\/12\\\/archila_ej240.jpg\",\"datePublished\":\"2017-12-22T10:19:04+00:00\",\"dateModified\":\"2022-05-27T05:55:27+00:00\",\"author\":{\"@id\":\"https:\\\/\\\/archilaabogados.com\\\/#\\\/schema\\\/person\\\/2ebc59f80cf35317c2a9f16341ee7883\"},\"breadcrumb\":{\"@id\":\"https:\\\/\\\/archilaabogados.com\\\/2017\\\/12\\\/22\\\/a-proposito-de-informar\\\/#breadcrumb\"},\"inLanguage\":\"en-US\",\"potentialAction\":[{\"@type\":\"ReadAction\",\"target\":[\"https:\\\/\\\/archilaabogados.com\\\/2017\\\/12\\\/22\\\/a-proposito-de-informar\\\/\"]}]},{\"@type\":\"ImageObject\",\"inLanguage\":\"en-US\",\"@id\":\"https:\\\/\\\/archilaabogados.com\\\/2017\\\/12\\\/22\\\/a-proposito-de-informar\\\/#primaryimage\",\"url\":\"https:\\\/\\\/archilaabogados.com\\\/wp-content\\\/uploads\\\/2017\\\/12\\\/archila_ej240.jpg\",\"contentUrl\":\"https:\\\/\\\/archilaabogados.com\\\/wp-content\\\/uploads\\\/2017\\\/12\\\/archila_ej240.jpg\",\"width\":240,\"height\":290},{\"@type\":\"BreadcrumbList\",\"@id\":\"https:\\\/\\\/archilaabogados.com\\\/2017\\\/12\\\/22\\\/a-proposito-de-informar\\\/#breadcrumb\",\"itemListElement\":[{\"@type\":\"ListItem\",\"position\":1,\"name\":\"Home\",\"item\":\"https:\\\/\\\/archilaabogados.com\\\/\"},{\"@type\":\"ListItem\",\"position\":2,\"name\":\"A prop\u00f3sito de informar\"}]},{\"@type\":\"WebSite\",\"@id\":\"https:\\\/\\\/archilaabogados.com\\\/#website\",\"url\":\"https:\\\/\\\/archilaabogados.com\\\/\",\"name\":\"Archila Abogados\",\"description\":\"Servicios legales\",\"potentialAction\":[{\"@type\":\"SearchAction\",\"target\":{\"@type\":\"EntryPoint\",\"urlTemplate\":\"https:\\\/\\\/archilaabogados.com\\\/?s={search_term_string}\"},\"query-input\":{\"@type\":\"PropertyValueSpecification\",\"valueRequired\":true,\"valueName\":\"search_term_string\"}}],\"inLanguage\":\"en-US\"},{\"@type\":\"Person\",\"@id\":\"https:\\\/\\\/archilaabogados.com\\\/#\\\/schema\\\/person\\\/2ebc59f80cf35317c2a9f16341ee7883\",\"name\":\"ArhilAdmin\",\"image\":{\"@type\":\"ImageObject\",\"inLanguage\":\"en-US\",\"@id\":\"https:\\\/\\\/secure.gravatar.com\\\/avatar\\\/9dcaf3f4e6ece3ae0c14ad443b5883bafd050ab345f218cf32465ef4c68ec5f4?s=96&d=mm&r=g\",\"url\":\"https:\\\/\\\/secure.gravatar.com\\\/avatar\\\/9dcaf3f4e6ece3ae0c14ad443b5883bafd050ab345f218cf32465ef4c68ec5f4?s=96&d=mm&r=g\",\"contentUrl\":\"https:\\\/\\\/secure.gravatar.com\\\/avatar\\\/9dcaf3f4e6ece3ae0c14ad443b5883bafd050ab345f218cf32465ef4c68ec5f4?s=96&d=mm&r=g\",\"caption\":\"ArhilAdmin\"},\"sameAs\":[\"https:\\\/\\\/archilaabogados.com\"],\"url\":\"https:\\\/\\\/archilaabogados.com\\\/en\\\/author\\\/arhiladmin\\\/\"}]}<\/script>\n<!-- \/ Yoast SEO plugin. -->","yoast_head_json":{"title":"A prop\u00f3sito de informar - Archila Abogados","robots":{"index":"index","follow":"follow","max-snippet":"max-snippet:-1","max-image-preview":"max-image-preview:large","max-video-preview":"max-video-preview:-1"},"canonical":"https:\/\/archilaabogados.com\/en\/2017\/12\/22\/a-proposito-de-informar\/","og_locale":"en_US","og_type":"article","og_title":"A prop\u00f3sito de informar - Archila Abogados","og_description":"Bogot\u00e1. (26\/09\/2016) Art\u00edculo escrito por el Dr. Emilio Jos\u00e9 Archila. Incluso objetivos tan loables como la protecci\u00f3n de los...","og_url":"https:\/\/archilaabogados.com\/en\/2017\/12\/22\/a-proposito-de-informar\/","og_site_name":"Archila Abogados","article_published_time":"2017-12-22T10:19:04+00:00","article_modified_time":"2022-05-27T05:55:27+00:00","og_image":[{"width":240,"height":290,"url":"http:\/\/archilaabogados.com\/wp-content\/uploads\/2017\/12\/archila_ej240.jpg","type":"image\/jpeg"}],"author":"ArhilAdmin","twitter_card":"summary_large_image","twitter_misc":{"Written by":"ArhilAdmin","Est. reading time":"3 minutes"},"schema":{"@context":"https:\/\/schema.org","@graph":[{"@type":"Article","@id":"https:\/\/archilaabogados.com\/2017\/12\/22\/a-proposito-de-informar\/#article","isPartOf":{"@id":"https:\/\/archilaabogados.com\/2017\/12\/22\/a-proposito-de-informar\/"},"author":{"name":"ArhilAdmin","@id":"https:\/\/archilaabogados.com\/#\/schema\/person\/2ebc59f80cf35317c2a9f16341ee7883"},"headline":"A prop\u00f3sito de informar","datePublished":"2017-12-22T10:19:04+00:00","dateModified":"2022-05-27T05:55:27+00:00","mainEntityOfPage":{"@id":"https:\/\/archilaabogados.com\/2017\/12\/22\/a-proposito-de-informar\/"},"wordCount":510,"image":{"@id":"https:\/\/archilaabogados.com\/2017\/12\/22\/a-proposito-de-informar\/#primaryimage"},"thumbnailUrl":"https:\/\/archilaabogados.com\/wp-content\/uploads\/2017\/12\/archila_ej240.jpg","keywords":["Asuntos Legales"],"articleSection":["Diario La Rep\u00fablica"],"inLanguage":"en-US"},{"@type":"WebPage","@id":"https:\/\/archilaabogados.com\/2017\/12\/22\/a-proposito-de-informar\/","url":"https:\/\/archilaabogados.com\/2017\/12\/22\/a-proposito-de-informar\/","name":"A prop\u00f3sito de informar - Archila Abogados","isPartOf":{"@id":"https:\/\/archilaabogados.com\/#website"},"primaryImageOfPage":{"@id":"https:\/\/archilaabogados.com\/2017\/12\/22\/a-proposito-de-informar\/#primaryimage"},"image":{"@id":"https:\/\/archilaabogados.com\/2017\/12\/22\/a-proposito-de-informar\/#primaryimage"},"thumbnailUrl":"https:\/\/archilaabogados.com\/wp-content\/uploads\/2017\/12\/archila_ej240.jpg","datePublished":"2017-12-22T10:19:04+00:00","dateModified":"2022-05-27T05:55:27+00:00","author":{"@id":"https:\/\/archilaabogados.com\/#\/schema\/person\/2ebc59f80cf35317c2a9f16341ee7883"},"breadcrumb":{"@id":"https:\/\/archilaabogados.com\/2017\/12\/22\/a-proposito-de-informar\/#breadcrumb"},"inLanguage":"en-US","potentialAction":[{"@type":"ReadAction","target":["https:\/\/archilaabogados.com\/2017\/12\/22\/a-proposito-de-informar\/"]}]},{"@type":"ImageObject","inLanguage":"en-US","@id":"https:\/\/archilaabogados.com\/2017\/12\/22\/a-proposito-de-informar\/#primaryimage","url":"https:\/\/archilaabogados.com\/wp-content\/uploads\/2017\/12\/archila_ej240.jpg","contentUrl":"https:\/\/archilaabogados.com\/wp-content\/uploads\/2017\/12\/archila_ej240.jpg","width":240,"height":290},{"@type":"BreadcrumbList","@id":"https:\/\/archilaabogados.com\/2017\/12\/22\/a-proposito-de-informar\/#breadcrumb","itemListElement":[{"@type":"ListItem","position":1,"name":"Home","item":"https:\/\/archilaabogados.com\/"},{"@type":"ListItem","position":2,"name":"A prop\u00f3sito de informar"}]},{"@type":"WebSite","@id":"https:\/\/archilaabogados.com\/#website","url":"https:\/\/archilaabogados.com\/","name":"Archila Abogados","description":"Servicios legales","potentialAction":[{"@type":"SearchAction","target":{"@type":"EntryPoint","urlTemplate":"https:\/\/archilaabogados.com\/?s={search_term_string}"},"query-input":{"@type":"PropertyValueSpecification","valueRequired":true,"valueName":"search_term_string"}}],"inLanguage":"en-US"},{"@type":"Person","@id":"https:\/\/archilaabogados.com\/#\/schema\/person\/2ebc59f80cf35317c2a9f16341ee7883","name":"ArhilAdmin","image":{"@type":"ImageObject","inLanguage":"en-US","@id":"https:\/\/secure.gravatar.com\/avatar\/9dcaf3f4e6ece3ae0c14ad443b5883bafd050ab345f218cf32465ef4c68ec5f4?s=96&d=mm&r=g","url":"https:\/\/secure.gravatar.com\/avatar\/9dcaf3f4e6ece3ae0c14ad443b5883bafd050ab345f218cf32465ef4c68ec5f4?s=96&d=mm&r=g","contentUrl":"https:\/\/secure.gravatar.com\/avatar\/9dcaf3f4e6ece3ae0c14ad443b5883bafd050ab345f218cf32465ef4c68ec5f4?s=96&d=mm&r=g","caption":"ArhilAdmin"},"sameAs":["https:\/\/archilaabogados.com"],"url":"https:\/\/archilaabogados.com\/en\/author\/arhiladmin\/"}]}},"_links":{"self":[{"href":"https:\/\/archilaabogados.com\/en\/wp-json\/wp\/v2\/posts\/1232","targetHints":{"allow":["GET"]}}],"collection":[{"href":"https:\/\/archilaabogados.com\/en\/wp-json\/wp\/v2\/posts"}],"about":[{"href":"https:\/\/archilaabogados.com\/en\/wp-json\/wp\/v2\/types\/post"}],"author":[{"embeddable":true,"href":"https:\/\/archilaabogados.com\/en\/wp-json\/wp\/v2\/users\/1"}],"replies":[{"embeddable":true,"href":"https:\/\/archilaabogados.com\/en\/wp-json\/wp\/v2\/comments?post=1232"}],"version-history":[{"count":1,"href":"https:\/\/archilaabogados.com\/en\/wp-json\/wp\/v2\/posts\/1232\/revisions"}],"predecessor-version":[{"id":1695,"href":"https:\/\/archilaabogados.com\/en\/wp-json\/wp\/v2\/posts\/1232\/revisions\/1695"}],"wp:featuredmedia":[{"embeddable":true,"href":"https:\/\/archilaabogados.com\/en\/wp-json\/wp\/v2\/media\/1233"}],"wp:attachment":[{"href":"https:\/\/archilaabogados.com\/en\/wp-json\/wp\/v2\/media?parent=1232"}],"wp:term":[{"taxonomy":"category","embeddable":true,"href":"https:\/\/archilaabogados.com\/en\/wp-json\/wp\/v2\/categories?post=1232"},{"taxonomy":"post_tag","embeddable":true,"href":"https:\/\/archilaabogados.com\/en\/wp-json\/wp\/v2\/tags?post=1232"}],"curies":[{"name":"wp","href":"https:\/\/api.w.org\/{rel}","templated":true}]}}