{"id":1323,"date":"2017-12-17T12:37:51","date_gmt":"2017-12-17T12:37:51","guid":{"rendered":"https:\/\/archilaabogados.com\/?p=788"},"modified":"2022-05-27T05:57:22","modified_gmt":"2022-05-27T05:57:22","slug":"transporte-colfecar","status":"publish","type":"post","link":"https:\/\/archilaabogados.com\/en\/2017\/12\/17\/transporte-colfecar\/","title":{"rendered":"Foro de Transporte de carga y servicios postales de COLFECAR"},"content":{"rendered":"<p>En la CP se prev\u00e9 un modelo de econom\u00eda social de mercado. As\u00ed, existen libertad de empresa y libre competencia. Pero, bajo la posible intervenci\u00f3n del Estado. Dentro de las variables que el Estado puede intervenir est\u00e1 el precio. Esa intervenci\u00f3n se puede dar en uno de los esquemas previstos en la ley 81 de 1988.<\/p>\n<p><strong><a href=\"http:\/\/archilaabogados.com\/wp-content\/uploads\/2017\/12\/foro_colfecar.pdf\" target=\"_blank\" rel=\"noopener\">Descarga ac\u00e1 material completo<\/a><\/strong><\/p>\n<p>&nbsp;<\/p>","protected":false},"excerpt":{"rendered":"<p>En la CP se prev\u00e9 un modelo de econom\u00eda social de mercado. As\u00ed, existen libertad de empresa y libre&#8230;<\/p>","protected":false},"author":1,"featured_media":1161,"comment_status":"closed","ping_status":"open","sticky":false,"template":"","format":"standard","meta":{"_kad_post_transparent":"","_kad_post_title":"","_kad_post_layout":"","_kad_post_sidebar_id":"","_kad_post_content_style":"","_kad_post_vertical_padding":"","_kad_post_feature":"","_kad_post_feature_position":"","_kad_post_header":false,"_kad_post_footer":false,"footnotes":""},"categories":[16],"tags":[53],"class_list":["post-1323","post","type-post","status-publish","format-standard","has-post-thumbnail","hentry","category-otras-publicaciones","tag-otras-publicaciones"],"yoast_head":"<!-- This site is optimized with the Yoast SEO plugin v27.4 - https:\/\/yoast.com\/product\/yoast-seo-wordpress\/ -->\n<title>Foro de Transporte de carga y servicios postales de COLFECAR - Archila Abogados<\/title>\n<meta name=\"robots\" content=\"index, follow, max-snippet:-1, max-image-preview:large, max-video-preview:-1\" \/>\n<link rel=\"canonical\" href=\"https:\/\/archilaabogados.com\/en\/2017\/12\/17\/transporte-colfecar\/\" \/>\n<meta property=\"og:locale\" content=\"en_US\" \/>\n<meta property=\"og:type\" content=\"article\" \/>\n<meta property=\"og:title\" content=\"Foro de Transporte de carga y servicios postales de COLFECAR - Archila Abogados\" \/>\n<meta property=\"og:description\" content=\"En la CP se prev\u00e9 un modelo de econom\u00eda social de mercado. As\u00ed, existen libertad de empresa y libre...\" \/>\n<meta property=\"og:url\" content=\"https:\/\/archilaabogados.com\/en\/2017\/12\/17\/transporte-colfecar\/\" \/>\n<meta property=\"og:site_name\" content=\"Archila Abogados\" \/>\n<meta property=\"article:published_time\" content=\"2017-12-17T12:37:51+00:00\" \/>\n<meta property=\"article:modified_time\" content=\"2022-05-27T05:57:22+00:00\" \/>\n<meta property=\"og:image\" content=\"http:\/\/archilaabogados.com\/wp-content\/uploads\/2017\/12\/archila_publicaciones.jpg\" \/>\n\t<meta property=\"og:image:width\" content=\"240\" \/>\n\t<meta property=\"og:image:height\" content=\"290\" \/>\n\t<meta property=\"og:image:type\" content=\"image\/jpeg\" \/>\n<meta name=\"author\" content=\"ArhilAdmin\" \/>\n<meta name=\"twitter:card\" content=\"summary_large_image\" \/>\n<meta name=\"twitter:label1\" content=\"Written by\" \/>\n\t<meta name=\"twitter:data1\" content=\"ArhilAdmin\" \/>\n<script type=\"application\/ld+json\" class=\"yoast-schema-graph\">{\"@context\":\"https:\\\/\\\/schema.org\",\"@graph\":[{\"@type\":\"Article\",\"@id\":\"https:\\\/\\\/archilaabogados.com\\\/2017\\\/12\\\/17\\\/transporte-colfecar\\\/#article\",\"isPartOf\":{\"@id\":\"https:\\\/\\\/archilaabogados.com\\\/2017\\\/12\\\/17\\\/transporte-colfecar\\\/\"},\"author\":{\"name\":\"ArhilAdmin\",\"@id\":\"https:\\\/\\\/archilaabogados.com\\\/#\\\/schema\\\/person\\\/2ebc59f80cf35317c2a9f16341ee7883\"},\"headline\":\"Foro de Transporte de carga y servicios postales de COLFECAR\",\"datePublished\":\"2017-12-17T12:37:51+00:00\",\"dateModified\":\"2022-05-27T05:57:22+00:00\",\"mainEntityOfPage\":{\"@id\":\"https:\\\/\\\/archilaabogados.com\\\/2017\\\/12\\\/17\\\/transporte-colfecar\\\/\"},\"wordCount\":72,\"image\":{\"@id\":\"https:\\\/\\\/archilaabogados.com\\\/2017\\\/12\\\/17\\\/transporte-colfecar\\\/#primaryimage\"},\"thumbnailUrl\":\"https:\\\/\\\/archilaabogados.com\\\/wp-content\\\/uploads\\\/2017\\\/12\\\/archila_publicaciones.jpg\",\"keywords\":[\"Otras publicaciones\"],\"articleSection\":[\"Otras Publicaciones\"],\"inLanguage\":\"en-US\"},{\"@type\":\"WebPage\",\"@id\":\"https:\\\/\\\/archilaabogados.com\\\/2017\\\/12\\\/17\\\/transporte-colfecar\\\/\",\"url\":\"https:\\\/\\\/archilaabogados.com\\\/2017\\\/12\\\/17\\\/transporte-colfecar\\\/\",\"name\":\"Foro de Transporte de carga y servicios postales de COLFECAR - Archila Abogados\",\"isPartOf\":{\"@id\":\"https:\\\/\\\/archilaabogados.com\\\/#website\"},\"primaryImageOfPage\":{\"@id\":\"https:\\\/\\\/archilaabogados.com\\\/2017\\\/12\\\/17\\\/transporte-colfecar\\\/#primaryimage\"},\"image\":{\"@id\":\"https:\\\/\\\/archilaabogados.com\\\/2017\\\/12\\\/17\\\/transporte-colfecar\\\/#primaryimage\"},\"thumbnailUrl\":\"https:\\\/\\\/archilaabogados.com\\\/wp-content\\\/uploads\\\/2017\\\/12\\\/archila_publicaciones.jpg\",\"datePublished\":\"2017-12-17T12:37:51+00:00\",\"dateModified\":\"2022-05-27T05:57:22+00:00\",\"author\":{\"@id\":\"https:\\\/\\\/archilaabogados.com\\\/#\\\/schema\\\/person\\\/2ebc59f80cf35317c2a9f16341ee7883\"},\"breadcrumb\":{\"@id\":\"https:\\\/\\\/archilaabogados.com\\\/2017\\\/12\\\/17\\\/transporte-colfecar\\\/#breadcrumb\"},\"inLanguage\":\"en-US\",\"potentialAction\":[{\"@type\":\"ReadAction\",\"target\":[\"https:\\\/\\\/archilaabogados.com\\\/2017\\\/12\\\/17\\\/transporte-colfecar\\\/\"]}]},{\"@type\":\"ImageObject\",\"inLanguage\":\"en-US\",\"@id\":\"https:\\\/\\\/archilaabogados.com\\\/2017\\\/12\\\/17\\\/transporte-colfecar\\\/#primaryimage\",\"url\":\"https:\\\/\\\/archilaabogados.com\\\/wp-content\\\/uploads\\\/2017\\\/12\\\/archila_publicaciones.jpg\",\"contentUrl\":\"https:\\\/\\\/archilaabogados.com\\\/wp-content\\\/uploads\\\/2017\\\/12\\\/archila_publicaciones.jpg\",\"width\":240,\"height\":290},{\"@type\":\"BreadcrumbList\",\"@id\":\"https:\\\/\\\/archilaabogados.com\\\/2017\\\/12\\\/17\\\/transporte-colfecar\\\/#breadcrumb\",\"itemListElement\":[{\"@type\":\"ListItem\",\"position\":1,\"name\":\"Home\",\"item\":\"https:\\\/\\\/archilaabogados.com\\\/\"},{\"@type\":\"ListItem\",\"position\":2,\"name\":\"Foro de Transporte de carga y servicios postales de COLFECAR\"}]},{\"@type\":\"WebSite\",\"@id\":\"https:\\\/\\\/archilaabogados.com\\\/#website\",\"url\":\"https:\\\/\\\/archilaabogados.com\\\/\",\"name\":\"Archila Abogados\",\"description\":\"Servicios legales\",\"potentialAction\":[{\"@type\":\"SearchAction\",\"target\":{\"@type\":\"EntryPoint\",\"urlTemplate\":\"https:\\\/\\\/archilaabogados.com\\\/?s={search_term_string}\"},\"query-input\":{\"@type\":\"PropertyValueSpecification\",\"valueRequired\":true,\"valueName\":\"search_term_string\"}}],\"inLanguage\":\"en-US\"},{\"@type\":\"Person\",\"@id\":\"https:\\\/\\\/archilaabogados.com\\\/#\\\/schema\\\/person\\\/2ebc59f80cf35317c2a9f16341ee7883\",\"name\":\"ArhilAdmin\",\"image\":{\"@type\":\"ImageObject\",\"inLanguage\":\"en-US\",\"@id\":\"https:\\\/\\\/secure.gravatar.com\\\/avatar\\\/9dcaf3f4e6ece3ae0c14ad443b5883bafd050ab345f218cf32465ef4c68ec5f4?s=96&d=mm&r=g\",\"url\":\"https:\\\/\\\/secure.gravatar.com\\\/avatar\\\/9dcaf3f4e6ece3ae0c14ad443b5883bafd050ab345f218cf32465ef4c68ec5f4?s=96&d=mm&r=g\",\"contentUrl\":\"https:\\\/\\\/secure.gravatar.com\\\/avatar\\\/9dcaf3f4e6ece3ae0c14ad443b5883bafd050ab345f218cf32465ef4c68ec5f4?s=96&d=mm&r=g\",\"caption\":\"ArhilAdmin\"},\"sameAs\":[\"https:\\\/\\\/archilaabogados.com\"],\"url\":\"https:\\\/\\\/archilaabogados.com\\\/en\\\/author\\\/arhiladmin\\\/\"}]}<\/script>\n<!-- \/ Yoast SEO plugin. -->","yoast_head_json":{"title":"Foro de Transporte de carga y servicios postales de COLFECAR - Archila Abogados","robots":{"index":"index","follow":"follow","max-snippet":"max-snippet:-1","max-image-preview":"max-image-preview:large","max-video-preview":"max-video-preview:-1"},"canonical":"https:\/\/archilaabogados.com\/en\/2017\/12\/17\/transporte-colfecar\/","og_locale":"en_US","og_type":"article","og_title":"Foro de Transporte de carga y servicios postales de COLFECAR - Archila Abogados","og_description":"En la CP se prev\u00e9 un modelo de econom\u00eda social de mercado. As\u00ed, existen libertad de empresa y libre...","og_url":"https:\/\/archilaabogados.com\/en\/2017\/12\/17\/transporte-colfecar\/","og_site_name":"Archila Abogados","article_published_time":"2017-12-17T12:37:51+00:00","article_modified_time":"2022-05-27T05:57:22+00:00","og_image":[{"width":240,"height":290,"url":"http:\/\/archilaabogados.com\/wp-content\/uploads\/2017\/12\/archila_publicaciones.jpg","type":"image\/jpeg"}],"author":"ArhilAdmin","twitter_card":"summary_large_image","twitter_misc":{"Written by":"ArhilAdmin"},"schema":{"@context":"https:\/\/schema.org","@graph":[{"@type":"Article","@id":"https:\/\/archilaabogados.com\/2017\/12\/17\/transporte-colfecar\/#article","isPartOf":{"@id":"https:\/\/archilaabogados.com\/2017\/12\/17\/transporte-colfecar\/"},"author":{"name":"ArhilAdmin","@id":"https:\/\/archilaabogados.com\/#\/schema\/person\/2ebc59f80cf35317c2a9f16341ee7883"},"headline":"Foro de Transporte de carga y servicios postales de COLFECAR","datePublished":"2017-12-17T12:37:51+00:00","dateModified":"2022-05-27T05:57:22+00:00","mainEntityOfPage":{"@id":"https:\/\/archilaabogados.com\/2017\/12\/17\/transporte-colfecar\/"},"wordCount":72,"image":{"@id":"https:\/\/archilaabogados.com\/2017\/12\/17\/transporte-colfecar\/#primaryimage"},"thumbnailUrl":"https:\/\/archilaabogados.com\/wp-content\/uploads\/2017\/12\/archila_publicaciones.jpg","keywords":["Otras publicaciones"],"articleSection":["Otras Publicaciones"],"inLanguage":"en-US"},{"@type":"WebPage","@id":"https:\/\/archilaabogados.com\/2017\/12\/17\/transporte-colfecar\/","url":"https:\/\/archilaabogados.com\/2017\/12\/17\/transporte-colfecar\/","name":"Foro de Transporte de carga y servicios postales de COLFECAR - Archila Abogados","isPartOf":{"@id":"https:\/\/archilaabogados.com\/#website"},"primaryImageOfPage":{"@id":"https:\/\/archilaabogados.com\/2017\/12\/17\/transporte-colfecar\/#primaryimage"},"image":{"@id":"https:\/\/archilaabogados.com\/2017\/12\/17\/transporte-colfecar\/#primaryimage"},"thumbnailUrl":"https:\/\/archilaabogados.com\/wp-content\/uploads\/2017\/12\/archila_publicaciones.jpg","datePublished":"2017-12-17T12:37:51+00:00","dateModified":"2022-05-27T05:57:22+00:00","author":{"@id":"https:\/\/archilaabogados.com\/#\/schema\/person\/2ebc59f80cf35317c2a9f16341ee7883"},"breadcrumb":{"@id":"https:\/\/archilaabogados.com\/2017\/12\/17\/transporte-colfecar\/#breadcrumb"},"inLanguage":"en-US","potentialAction":[{"@type":"ReadAction","target":["https:\/\/archilaabogados.com\/2017\/12\/17\/transporte-colfecar\/"]}]},{"@type":"ImageObject","inLanguage":"en-US","@id":"https:\/\/archilaabogados.com\/2017\/12\/17\/transporte-colfecar\/#primaryimage","url":"https:\/\/archilaabogados.com\/wp-content\/uploads\/2017\/12\/archila_publicaciones.jpg","contentUrl":"https:\/\/archilaabogados.com\/wp-content\/uploads\/2017\/12\/archila_publicaciones.jpg","width":240,"height":290},{"@type":"BreadcrumbList","@id":"https:\/\/archilaabogados.com\/2017\/12\/17\/transporte-colfecar\/#breadcrumb","itemListElement":[{"@type":"ListItem","position":1,"name":"Home","item":"https:\/\/archilaabogados.com\/"},{"@type":"ListItem","position":2,"name":"Foro de Transporte de carga y servicios postales de COLFECAR"}]},{"@type":"WebSite","@id":"https:\/\/archilaabogados.com\/#website","url":"https:\/\/archilaabogados.com\/","name":"Archila Abogados","description":"Servicios legales","potentialAction":[{"@type":"SearchAction","target":{"@type":"EntryPoint","urlTemplate":"https:\/\/archilaabogados.com\/?s={search_term_string}"},"query-input":{"@type":"PropertyValueSpecification","valueRequired":true,"valueName":"search_term_string"}}],"inLanguage":"en-US"},{"@type":"Person","@id":"https:\/\/archilaabogados.com\/#\/schema\/person\/2ebc59f80cf35317c2a9f16341ee7883","name":"ArhilAdmin","image":{"@type":"ImageObject","inLanguage":"en-US","@id":"https:\/\/secure.gravatar.com\/avatar\/9dcaf3f4e6ece3ae0c14ad443b5883bafd050ab345f218cf32465ef4c68ec5f4?s=96&d=mm&r=g","url":"https:\/\/secure.gravatar.com\/avatar\/9dcaf3f4e6ece3ae0c14ad443b5883bafd050ab345f218cf32465ef4c68ec5f4?s=96&d=mm&r=g","contentUrl":"https:\/\/secure.gravatar.com\/avatar\/9dcaf3f4e6ece3ae0c14ad443b5883bafd050ab345f218cf32465ef4c68ec5f4?s=96&d=mm&r=g","caption":"ArhilAdmin"},"sameAs":["https:\/\/archilaabogados.com"],"url":"https:\/\/archilaabogados.com\/en\/author\/arhiladmin\/"}]}},"_links":{"self":[{"href":"https:\/\/archilaabogados.com\/en\/wp-json\/wp\/v2\/posts\/1323","targetHints":{"allow":["GET"]}}],"collection":[{"href":"https:\/\/archilaabogados.com\/en\/wp-json\/wp\/v2\/posts"}],"about":[{"href":"https:\/\/archilaabogados.com\/en\/wp-json\/wp\/v2\/types\/post"}],"author":[{"embeddable":true,"href":"https:\/\/archilaabogados.com\/en\/wp-json\/wp\/v2\/users\/1"}],"replies":[{"embeddable":true,"href":"https:\/\/archilaabogados.com\/en\/wp-json\/wp\/v2\/comments?post=1323"}],"version-history":[{"count":1,"href":"https:\/\/archilaabogados.com\/en\/wp-json\/wp\/v2\/posts\/1323\/revisions"}],"predecessor-version":[{"id":1739,"href":"https:\/\/archilaabogados.com\/en\/wp-json\/wp\/v2\/posts\/1323\/revisions\/1739"}],"wp:featuredmedia":[{"embeddable":true,"href":"https:\/\/archilaabogados.com\/en\/wp-json\/wp\/v2\/media\/1161"}],"wp:attachment":[{"href":"https:\/\/archilaabogados.com\/en\/wp-json\/wp\/v2\/media?parent=1323"}],"wp:term":[{"taxonomy":"category","embeddable":true,"href":"https:\/\/archilaabogados.com\/en\/wp-json\/wp\/v2\/categories?post=1323"},{"taxonomy":"post_tag","embeddable":true,"href":"https:\/\/archilaabogados.com\/en\/wp-json\/wp\/v2\/tags?post=1323"}],"curies":[{"name":"wp","href":"https:\/\/api.w.org\/{rel}","templated":true}]}}