{"id":1332,"date":"2017-12-17T12:09:51","date_gmt":"2017-12-17T12:09:51","guid":{"rendered":"https:\/\/archilaabogados.com\/?p=771"},"modified":"2022-05-27T05:57:22","modified_gmt":"2022-05-27T05:57:22","slug":"colombia-avanza-en-la-proteccion-de-los-usuarios-tic","status":"publish","type":"post","link":"https:\/\/archilaabogados.com\/en\/2017\/12\/17\/colombia-avanza-en-la-proteccion-de-los-usuarios-tic\/","title":{"rendered":"Colombia avanza en la protecci\u00f3n de los usuarios TIC"},"content":{"rendered":"<p>En el panel de protecci\u00f3n de los usuarios del sector de las telecomunicaciones, la primera intervenci\u00f3n estuvo a cargo de la coordinadora de Regulaci\u00f3n y Protecci\u00f3n a Usuarios de la Comisi\u00f3n de Regulaci\u00f3n de Comunicaciones (CRC), Camila Guti\u00e9rrez, quien en su presentacci\u00f3n referente a la normatividad de la digitalizaci\u00f3n, expuso que la Resoluci\u00f3n 3066 de 2011 plantea entre sus objetivos la masificaci\u00f3n del acceso y uso de las TIC, el fortalecimiento de los deberes de ofrecer informaci\u00f3n, una protecci\u00f3n m\u00e1s rigurosa de datos personales (Ley Habeas Data), mejorar la calidad en atenci\u00f3n, protecci\u00f3n del medio ambiente y reglas de compensaci\u00f3n.<\/p>\n<p>Para leer el an\u00e1lisis completo, <a href=\"http:\/\/archilaabogados.com\/wp-content\/uploads\/2017\/12\/colombia_usuarios_tic.pdf\" target=\"_blank\" rel=\"noopener\"><strong>dar clic ac\u00e1<\/strong><\/a><\/p>\n<p>&nbsp;<\/p>","protected":false},"excerpt":{"rendered":"<p>En el panel de protecci\u00f3n de los usuarios del sector de las telecomunicaciones, la primera intervenci\u00f3n estuvo a cargo&#8230;<\/p>","protected":false},"author":1,"featured_media":1161,"comment_status":"closed","ping_status":"open","sticky":false,"template":"","format":"standard","meta":{"_kad_post_transparent":"","_kad_post_title":"","_kad_post_layout":"","_kad_post_sidebar_id":"","_kad_post_content_style":"","_kad_post_vertical_padding":"","_kad_post_feature":"","_kad_post_feature_position":"","_kad_post_header":false,"_kad_post_footer":false,"footnotes":""},"categories":[16],"tags":[53],"class_list":["post-1332","post","type-post","status-publish","format-standard","has-post-thumbnail","hentry","category-otras-publicaciones","tag-otras-publicaciones"],"yoast_head":"<!-- This site is optimized with the Yoast SEO plugin v27.4 - https:\/\/yoast.com\/product\/yoast-seo-wordpress\/ -->\n<title>Colombia avanza en la protecci\u00f3n de los usuarios TIC - Archila Abogados<\/title>\n<meta name=\"robots\" content=\"index, follow, max-snippet:-1, max-image-preview:large, max-video-preview:-1\" \/>\n<link rel=\"canonical\" href=\"https:\/\/archilaabogados.com\/en\/2017\/12\/17\/colombia-avanza-en-la-proteccion-de-los-usuarios-tic\/\" \/>\n<meta property=\"og:locale\" content=\"en_US\" \/>\n<meta property=\"og:type\" content=\"article\" \/>\n<meta property=\"og:title\" content=\"Colombia avanza en la protecci\u00f3n de los usuarios TIC - Archila Abogados\" \/>\n<meta property=\"og:description\" content=\"En el panel de protecci\u00f3n de los usuarios del sector de las telecomunicaciones, la primera intervenci\u00f3n estuvo a cargo...\" \/>\n<meta property=\"og:url\" content=\"https:\/\/archilaabogados.com\/en\/2017\/12\/17\/colombia-avanza-en-la-proteccion-de-los-usuarios-tic\/\" \/>\n<meta property=\"og:site_name\" content=\"Archila Abogados\" \/>\n<meta property=\"article:published_time\" content=\"2017-12-17T12:09:51+00:00\" \/>\n<meta property=\"article:modified_time\" content=\"2022-05-27T05:57:22+00:00\" \/>\n<meta property=\"og:image\" content=\"http:\/\/archilaabogados.com\/wp-content\/uploads\/2017\/12\/archila_publicaciones.jpg\" \/>\n\t<meta property=\"og:image:width\" content=\"240\" \/>\n\t<meta property=\"og:image:height\" content=\"290\" \/>\n\t<meta property=\"og:image:type\" content=\"image\/jpeg\" \/>\n<meta name=\"author\" content=\"ArhilAdmin\" \/>\n<meta name=\"twitter:card\" content=\"summary_large_image\" \/>\n<meta name=\"twitter:label1\" content=\"Written by\" \/>\n\t<meta name=\"twitter:data1\" content=\"ArhilAdmin\" \/>\n\t<meta name=\"twitter:label2\" content=\"Est. reading time\" \/>\n\t<meta name=\"twitter:data2\" content=\"1 minute\" \/>\n<script type=\"application\/ld+json\" class=\"yoast-schema-graph\">{\"@context\":\"https:\\\/\\\/schema.org\",\"@graph\":[{\"@type\":\"Article\",\"@id\":\"https:\\\/\\\/archilaabogados.com\\\/2017\\\/12\\\/17\\\/colombia-avanza-en-la-proteccion-de-los-usuarios-tic\\\/#article\",\"isPartOf\":{\"@id\":\"https:\\\/\\\/archilaabogados.com\\\/2017\\\/12\\\/17\\\/colombia-avanza-en-la-proteccion-de-los-usuarios-tic\\\/\"},\"author\":{\"name\":\"ArhilAdmin\",\"@id\":\"https:\\\/\\\/archilaabogados.com\\\/#\\\/schema\\\/person\\\/2ebc59f80cf35317c2a9f16341ee7883\"},\"headline\":\"Colombia avanza en la protecci\u00f3n de los usuarios TIC\",\"datePublished\":\"2017-12-17T12:09:51+00:00\",\"dateModified\":\"2022-05-27T05:57:22+00:00\",\"mainEntityOfPage\":{\"@id\":\"https:\\\/\\\/archilaabogados.com\\\/2017\\\/12\\\/17\\\/colombia-avanza-en-la-proteccion-de-los-usuarios-tic\\\/\"},\"wordCount\":135,\"image\":{\"@id\":\"https:\\\/\\\/archilaabogados.com\\\/2017\\\/12\\\/17\\\/colombia-avanza-en-la-proteccion-de-los-usuarios-tic\\\/#primaryimage\"},\"thumbnailUrl\":\"https:\\\/\\\/archilaabogados.com\\\/wp-content\\\/uploads\\\/2017\\\/12\\\/archila_publicaciones.jpg\",\"keywords\":[\"Otras publicaciones\"],\"articleSection\":[\"Otras Publicaciones\"],\"inLanguage\":\"en-US\"},{\"@type\":\"WebPage\",\"@id\":\"https:\\\/\\\/archilaabogados.com\\\/2017\\\/12\\\/17\\\/colombia-avanza-en-la-proteccion-de-los-usuarios-tic\\\/\",\"url\":\"https:\\\/\\\/archilaabogados.com\\\/2017\\\/12\\\/17\\\/colombia-avanza-en-la-proteccion-de-los-usuarios-tic\\\/\",\"name\":\"Colombia avanza en la protecci\u00f3n de los usuarios TIC - Archila Abogados\",\"isPartOf\":{\"@id\":\"https:\\\/\\\/archilaabogados.com\\\/#website\"},\"primaryImageOfPage\":{\"@id\":\"https:\\\/\\\/archilaabogados.com\\\/2017\\\/12\\\/17\\\/colombia-avanza-en-la-proteccion-de-los-usuarios-tic\\\/#primaryimage\"},\"image\":{\"@id\":\"https:\\\/\\\/archilaabogados.com\\\/2017\\\/12\\\/17\\\/colombia-avanza-en-la-proteccion-de-los-usuarios-tic\\\/#primaryimage\"},\"thumbnailUrl\":\"https:\\\/\\\/archilaabogados.com\\\/wp-content\\\/uploads\\\/2017\\\/12\\\/archila_publicaciones.jpg\",\"datePublished\":\"2017-12-17T12:09:51+00:00\",\"dateModified\":\"2022-05-27T05:57:22+00:00\",\"author\":{\"@id\":\"https:\\\/\\\/archilaabogados.com\\\/#\\\/schema\\\/person\\\/2ebc59f80cf35317c2a9f16341ee7883\"},\"breadcrumb\":{\"@id\":\"https:\\\/\\\/archilaabogados.com\\\/2017\\\/12\\\/17\\\/colombia-avanza-en-la-proteccion-de-los-usuarios-tic\\\/#breadcrumb\"},\"inLanguage\":\"en-US\",\"potentialAction\":[{\"@type\":\"ReadAction\",\"target\":[\"https:\\\/\\\/archilaabogados.com\\\/2017\\\/12\\\/17\\\/colombia-avanza-en-la-proteccion-de-los-usuarios-tic\\\/\"]}]},{\"@type\":\"ImageObject\",\"inLanguage\":\"en-US\",\"@id\":\"https:\\\/\\\/archilaabogados.com\\\/2017\\\/12\\\/17\\\/colombia-avanza-en-la-proteccion-de-los-usuarios-tic\\\/#primaryimage\",\"url\":\"https:\\\/\\\/archilaabogados.com\\\/wp-content\\\/uploads\\\/2017\\\/12\\\/archila_publicaciones.jpg\",\"contentUrl\":\"https:\\\/\\\/archilaabogados.com\\\/wp-content\\\/uploads\\\/2017\\\/12\\\/archila_publicaciones.jpg\",\"width\":240,\"height\":290},{\"@type\":\"BreadcrumbList\",\"@id\":\"https:\\\/\\\/archilaabogados.com\\\/2017\\\/12\\\/17\\\/colombia-avanza-en-la-proteccion-de-los-usuarios-tic\\\/#breadcrumb\",\"itemListElement\":[{\"@type\":\"ListItem\",\"position\":1,\"name\":\"Home\",\"item\":\"https:\\\/\\\/archilaabogados.com\\\/\"},{\"@type\":\"ListItem\",\"position\":2,\"name\":\"Colombia avanza en la protecci\u00f3n de los usuarios TIC\"}]},{\"@type\":\"WebSite\",\"@id\":\"https:\\\/\\\/archilaabogados.com\\\/#website\",\"url\":\"https:\\\/\\\/archilaabogados.com\\\/\",\"name\":\"Archila Abogados\",\"description\":\"Servicios legales\",\"potentialAction\":[{\"@type\":\"SearchAction\",\"target\":{\"@type\":\"EntryPoint\",\"urlTemplate\":\"https:\\\/\\\/archilaabogados.com\\\/?s={search_term_string}\"},\"query-input\":{\"@type\":\"PropertyValueSpecification\",\"valueRequired\":true,\"valueName\":\"search_term_string\"}}],\"inLanguage\":\"en-US\"},{\"@type\":\"Person\",\"@id\":\"https:\\\/\\\/archilaabogados.com\\\/#\\\/schema\\\/person\\\/2ebc59f80cf35317c2a9f16341ee7883\",\"name\":\"ArhilAdmin\",\"image\":{\"@type\":\"ImageObject\",\"inLanguage\":\"en-US\",\"@id\":\"https:\\\/\\\/secure.gravatar.com\\\/avatar\\\/9dcaf3f4e6ece3ae0c14ad443b5883bafd050ab345f218cf32465ef4c68ec5f4?s=96&d=mm&r=g\",\"url\":\"https:\\\/\\\/secure.gravatar.com\\\/avatar\\\/9dcaf3f4e6ece3ae0c14ad443b5883bafd050ab345f218cf32465ef4c68ec5f4?s=96&d=mm&r=g\",\"contentUrl\":\"https:\\\/\\\/secure.gravatar.com\\\/avatar\\\/9dcaf3f4e6ece3ae0c14ad443b5883bafd050ab345f218cf32465ef4c68ec5f4?s=96&d=mm&r=g\",\"caption\":\"ArhilAdmin\"},\"sameAs\":[\"https:\\\/\\\/archilaabogados.com\"],\"url\":\"https:\\\/\\\/archilaabogados.com\\\/en\\\/author\\\/arhiladmin\\\/\"}]}<\/script>\n<!-- \/ Yoast SEO plugin. -->","yoast_head_json":{"title":"Colombia avanza en la protecci\u00f3n de los usuarios TIC - Archila Abogados","robots":{"index":"index","follow":"follow","max-snippet":"max-snippet:-1","max-image-preview":"max-image-preview:large","max-video-preview":"max-video-preview:-1"},"canonical":"https:\/\/archilaabogados.com\/en\/2017\/12\/17\/colombia-avanza-en-la-proteccion-de-los-usuarios-tic\/","og_locale":"en_US","og_type":"article","og_title":"Colombia avanza en la protecci\u00f3n de los usuarios TIC - Archila Abogados","og_description":"En el panel de protecci\u00f3n de los usuarios del sector de las telecomunicaciones, la primera intervenci\u00f3n estuvo a cargo...","og_url":"https:\/\/archilaabogados.com\/en\/2017\/12\/17\/colombia-avanza-en-la-proteccion-de-los-usuarios-tic\/","og_site_name":"Archila Abogados","article_published_time":"2017-12-17T12:09:51+00:00","article_modified_time":"2022-05-27T05:57:22+00:00","og_image":[{"width":240,"height":290,"url":"http:\/\/archilaabogados.com\/wp-content\/uploads\/2017\/12\/archila_publicaciones.jpg","type":"image\/jpeg"}],"author":"ArhilAdmin","twitter_card":"summary_large_image","twitter_misc":{"Written by":"ArhilAdmin","Est. reading time":"1 minute"},"schema":{"@context":"https:\/\/schema.org","@graph":[{"@type":"Article","@id":"https:\/\/archilaabogados.com\/2017\/12\/17\/colombia-avanza-en-la-proteccion-de-los-usuarios-tic\/#article","isPartOf":{"@id":"https:\/\/archilaabogados.com\/2017\/12\/17\/colombia-avanza-en-la-proteccion-de-los-usuarios-tic\/"},"author":{"name":"ArhilAdmin","@id":"https:\/\/archilaabogados.com\/#\/schema\/person\/2ebc59f80cf35317c2a9f16341ee7883"},"headline":"Colombia avanza en la protecci\u00f3n de los usuarios TIC","datePublished":"2017-12-17T12:09:51+00:00","dateModified":"2022-05-27T05:57:22+00:00","mainEntityOfPage":{"@id":"https:\/\/archilaabogados.com\/2017\/12\/17\/colombia-avanza-en-la-proteccion-de-los-usuarios-tic\/"},"wordCount":135,"image":{"@id":"https:\/\/archilaabogados.com\/2017\/12\/17\/colombia-avanza-en-la-proteccion-de-los-usuarios-tic\/#primaryimage"},"thumbnailUrl":"https:\/\/archilaabogados.com\/wp-content\/uploads\/2017\/12\/archila_publicaciones.jpg","keywords":["Otras publicaciones"],"articleSection":["Otras Publicaciones"],"inLanguage":"en-US"},{"@type":"WebPage","@id":"https:\/\/archilaabogados.com\/2017\/12\/17\/colombia-avanza-en-la-proteccion-de-los-usuarios-tic\/","url":"https:\/\/archilaabogados.com\/2017\/12\/17\/colombia-avanza-en-la-proteccion-de-los-usuarios-tic\/","name":"Colombia avanza en la protecci\u00f3n de los usuarios TIC - Archila Abogados","isPartOf":{"@id":"https:\/\/archilaabogados.com\/#website"},"primaryImageOfPage":{"@id":"https:\/\/archilaabogados.com\/2017\/12\/17\/colombia-avanza-en-la-proteccion-de-los-usuarios-tic\/#primaryimage"},"image":{"@id":"https:\/\/archilaabogados.com\/2017\/12\/17\/colombia-avanza-en-la-proteccion-de-los-usuarios-tic\/#primaryimage"},"thumbnailUrl":"https:\/\/archilaabogados.com\/wp-content\/uploads\/2017\/12\/archila_publicaciones.jpg","datePublished":"2017-12-17T12:09:51+00:00","dateModified":"2022-05-27T05:57:22+00:00","author":{"@id":"https:\/\/archilaabogados.com\/#\/schema\/person\/2ebc59f80cf35317c2a9f16341ee7883"},"breadcrumb":{"@id":"https:\/\/archilaabogados.com\/2017\/12\/17\/colombia-avanza-en-la-proteccion-de-los-usuarios-tic\/#breadcrumb"},"inLanguage":"en-US","potentialAction":[{"@type":"ReadAction","target":["https:\/\/archilaabogados.com\/2017\/12\/17\/colombia-avanza-en-la-proteccion-de-los-usuarios-tic\/"]}]},{"@type":"ImageObject","inLanguage":"en-US","@id":"https:\/\/archilaabogados.com\/2017\/12\/17\/colombia-avanza-en-la-proteccion-de-los-usuarios-tic\/#primaryimage","url":"https:\/\/archilaabogados.com\/wp-content\/uploads\/2017\/12\/archila_publicaciones.jpg","contentUrl":"https:\/\/archilaabogados.com\/wp-content\/uploads\/2017\/12\/archila_publicaciones.jpg","width":240,"height":290},{"@type":"BreadcrumbList","@id":"https:\/\/archilaabogados.com\/2017\/12\/17\/colombia-avanza-en-la-proteccion-de-los-usuarios-tic\/#breadcrumb","itemListElement":[{"@type":"ListItem","position":1,"name":"Home","item":"https:\/\/archilaabogados.com\/"},{"@type":"ListItem","position":2,"name":"Colombia avanza en la protecci\u00f3n de los usuarios TIC"}]},{"@type":"WebSite","@id":"https:\/\/archilaabogados.com\/#website","url":"https:\/\/archilaabogados.com\/","name":"Archila Abogados","description":"Servicios legales","potentialAction":[{"@type":"SearchAction","target":{"@type":"EntryPoint","urlTemplate":"https:\/\/archilaabogados.com\/?s={search_term_string}"},"query-input":{"@type":"PropertyValueSpecification","valueRequired":true,"valueName":"search_term_string"}}],"inLanguage":"en-US"},{"@type":"Person","@id":"https:\/\/archilaabogados.com\/#\/schema\/person\/2ebc59f80cf35317c2a9f16341ee7883","name":"ArhilAdmin","image":{"@type":"ImageObject","inLanguage":"en-US","@id":"https:\/\/secure.gravatar.com\/avatar\/9dcaf3f4e6ece3ae0c14ad443b5883bafd050ab345f218cf32465ef4c68ec5f4?s=96&d=mm&r=g","url":"https:\/\/secure.gravatar.com\/avatar\/9dcaf3f4e6ece3ae0c14ad443b5883bafd050ab345f218cf32465ef4c68ec5f4?s=96&d=mm&r=g","contentUrl":"https:\/\/secure.gravatar.com\/avatar\/9dcaf3f4e6ece3ae0c14ad443b5883bafd050ab345f218cf32465ef4c68ec5f4?s=96&d=mm&r=g","caption":"ArhilAdmin"},"sameAs":["https:\/\/archilaabogados.com"],"url":"https:\/\/archilaabogados.com\/en\/author\/arhiladmin\/"}]}},"_links":{"self":[{"href":"https:\/\/archilaabogados.com\/en\/wp-json\/wp\/v2\/posts\/1332","targetHints":{"allow":["GET"]}}],"collection":[{"href":"https:\/\/archilaabogados.com\/en\/wp-json\/wp\/v2\/posts"}],"about":[{"href":"https:\/\/archilaabogados.com\/en\/wp-json\/wp\/v2\/types\/post"}],"author":[{"embeddable":true,"href":"https:\/\/archilaabogados.com\/en\/wp-json\/wp\/v2\/users\/1"}],"replies":[{"embeddable":true,"href":"https:\/\/archilaabogados.com\/en\/wp-json\/wp\/v2\/comments?post=1332"}],"version-history":[{"count":1,"href":"https:\/\/archilaabogados.com\/en\/wp-json\/wp\/v2\/posts\/1332\/revisions"}],"predecessor-version":[{"id":1744,"href":"https:\/\/archilaabogados.com\/en\/wp-json\/wp\/v2\/posts\/1332\/revisions\/1744"}],"wp:featuredmedia":[{"embeddable":true,"href":"https:\/\/archilaabogados.com\/en\/wp-json\/wp\/v2\/media\/1161"}],"wp:attachment":[{"href":"https:\/\/archilaabogados.com\/en\/wp-json\/wp\/v2\/media?parent=1332"}],"wp:term":[{"taxonomy":"category","embeddable":true,"href":"https:\/\/archilaabogados.com\/en\/wp-json\/wp\/v2\/categories?post=1332"},{"taxonomy":"post_tag","embeddable":true,"href":"https:\/\/archilaabogados.com\/en\/wp-json\/wp\/v2\/tags?post=1332"}],"curies":[{"name":"wp","href":"https:\/\/api.w.org\/{rel}","templated":true}]}}