{"id":1451,"date":"2017-12-14T07:00:52","date_gmt":"2017-12-14T07:00:52","guid":{"rendered":"https:\/\/archilaabogados.com\/?p=501"},"modified":"2022-05-27T05:55:52","modified_gmt":"2022-05-27T05:55:52","slug":"se-necesita-mas-competencia","status":"publish","type":"post","link":"https:\/\/archilaabogados.com\/en\/2017\/12\/14\/se-necesita-mas-competencia\/","title":{"rendered":"Se necesita m\u00e1s competencia"},"content":{"rendered":"<p><strong>Bogot\u00e1. 07\/10\/2017.<\/strong><br \/>\n<strong>Art\u00edculo escrito por el Dr. Emilio Jos\u00e9 Archila<\/strong><\/p>\n<p>\u00bfA qui\u00e9n se le ocurrir\u00eda que despu\u00e9s de un terremoto, de un hurac\u00e1n, o de cualquier cat\u00e1strofe, es el momento perfecto para conformar carteles y realizar maniobras anticompetitivas?<\/p>\n<p>El infortunio que sufren las comunidades afectadas por estas cat\u00e1strofes se refleja, no solo en la p\u00e9rdida de vidas humanas, sino tambi\u00e9n en destrucci\u00f3n de infraestructura p\u00fablica, escasez de productos de primera necesidad, dificultad para comunicarse, dificultad para viajar, interrupci\u00f3n de servicios p\u00fablicos, problemas en prestaci\u00f3n de servicios de salud, de alojamiento, entre otras consecuencias.<\/p>\n<p>En ese contexto, \u00bfqu\u00e9 decisi\u00f3n tomar\u00e1n los empresarios constructores que trabajar\u00e1n en la reconstrucci\u00f3n las obras p\u00fablicas, los productores de bienes de primera necesidad\u2026?<\/p>\n<p>Una decisi\u00f3n puede ser, ante la escasez, incrementar los precios de los bienes o servicios que ofrece. M\u00e1s all\u00e1 de un problema de solidaridad, esa decisi\u00f3n no ser\u00eda reprochable desde el r\u00e9gimen de libre competencia, pues respecto de aquellos productos que haya libertad de precios, cada quien es libre de cobrar lo que crea conveniente dentro del mercado.<\/p>\n<p>Pero, de otro lado, est\u00e1n quienes aprovechan esa situaci\u00f3n de necesidad, as\u00ed como la inminente inyecci\u00f3n de recursos del Estado para reconstruir toda la infraestructura y proveer servicios p\u00fablicos. As\u00ed, aparecer\u00e1n interesados en conformar carteles y sacar r\u00e9ditos de las inversiones p\u00fablicas y privadas necesarias para restablecer la situaci\u00f3n de normalidad.<\/p>\n<p>Lejos de ser un hipot\u00e9tico, en EE.UU. ya ocurri\u00f3 esta situaci\u00f3n despu\u00e9s del hurac\u00e1n \u201cKatrina\u201d en 2005.<\/p>\n<p>Anticip\u00e1ndose a las estafas, los carteles y fraudes, con ocasi\u00f3n de los huracanes Harvey e Irma que acaban de pasar en EE.UU., el Departamento de Justicia (DOJ) y la Comisi\u00f3n Federal de Comercio (FTC) presentaron el pasado 12 de septiembre un comunicado conjunto, en el cual advierten que \u201cbajo las lecciones aprendidas del hurac\u00e1n Katrina, daremos un enfoque amplio a la aplicaci\u00f3n de la ley para combatir cualquier actividad criminal que surja de la tragedia del Hurac\u00e1n Harvey y los esfuerzos de reconstrucci\u00f3n en curso \u201c.<\/p>\n<p>Las agencias destacaron que \u201cresponsabilizar\u00e1n a aquellos que busquen subvertir ilegalmente la competencia y aprovecharse de los afectados por los huracanes Harvey e Irma. La Divisi\u00f3n Antitrust del Departamento de Justicia procesar\u00e1 penalmente a las empresas involucradas en acuerdos de fijaci\u00f3n de precios, colusi\u00f3n en licitaciones p\u00fablicas, o acuerdos de repartici\u00f3n de mercados\u201d. (cfr. www.competenciayconsumo.com)<\/p>\n<p>Es claro que las autoridades deben vigilar que los precios y las calidades en las que se contrata la reconstrucci\u00f3n de infraestructura y atenci\u00f3n para damnificados sea \u00f3ptima.<\/p>\n<p>Y, dicho lo anterior, cabe recordar tambi\u00e9n que en el estatuto de protecci\u00f3n del consumidor se tipificaron como conductas sancionables la especulaci\u00f3n (venta por encima de los precios regulados), el acaparamiento (la sustracci\u00f3n o retenci\u00f3n de productos para desabastecer el mercado, o presionar el alza de precios) y la usura.<\/p>\n<p>Por tanto, nuestra Autoridad de consumidor y de competencia -la SIC- tendr\u00e1 un importante rol para prevenir y reprochar cualquier intento de sacar beneficios il\u00edcitos en tiempos de cat\u00e1strofes naturales.<\/p>\n<p><strong><a href=\"https:\/\/archilaabogados.com\/en\/component\/content\/article\/36-se-necesita-mas-competencia\/298\/\" target=\"_blank\" rel=\"noopener\">*Ac\u00e1 tambi\u00e9n puedes leer el art\u00edculo en el diario La Rep\u00fablica.<\/a><\/strong><\/p>\n<p>&nbsp;<\/p>","protected":false},"excerpt":{"rendered":"<p>Bogot\u00e1. 07\/10\/2017. Art\u00edculo escrito por el Dr. Emilio Jos\u00e9 Archila \u00bfA qui\u00e9n se le ocurrir\u00eda que despu\u00e9s de un&#8230;<\/p>","protected":false},"author":1,"featured_media":1233,"comment_status":"closed","ping_status":"open","sticky":false,"template":"","format":"standard","meta":{"_kad_post_transparent":"","_kad_post_title":"","_kad_post_layout":"","_kad_post_sidebar_id":"","_kad_post_content_style":"","_kad_post_vertical_padding":"","_kad_post_feature":"","_kad_post_feature_position":"","_kad_post_header":false,"_kad_post_footer":false,"footnotes":""},"categories":[15],"tags":[51],"class_list":["post-1451","post","type-post","status-publish","format-standard","has-post-thumbnail","hentry","category-diario-la-republica","tag-asuntos-legales"],"yoast_head":"<!-- This site is optimized with the Yoast SEO plugin v27.4 - https:\/\/yoast.com\/product\/yoast-seo-wordpress\/ -->\n<title>Se necesita m\u00e1s competencia - Archila Abogados<\/title>\n<meta name=\"robots\" content=\"index, follow, max-snippet:-1, max-image-preview:large, max-video-preview:-1\" \/>\n<link rel=\"canonical\" href=\"https:\/\/archilaabogados.com\/en\/2017\/12\/14\/se-necesita-mas-competencia\/\" \/>\n<meta property=\"og:locale\" content=\"en_US\" \/>\n<meta property=\"og:type\" content=\"article\" \/>\n<meta property=\"og:title\" content=\"Se necesita m\u00e1s competencia - Archila Abogados\" \/>\n<meta property=\"og:description\" content=\"Bogot\u00e1. 07\/10\/2017. Art\u00edculo escrito por el Dr. Emilio Jos\u00e9 Archila \u00bfA qui\u00e9n se le ocurrir\u00eda que despu\u00e9s de un...\" \/>\n<meta property=\"og:url\" content=\"https:\/\/archilaabogados.com\/en\/2017\/12\/14\/se-necesita-mas-competencia\/\" \/>\n<meta property=\"og:site_name\" content=\"Archila Abogados\" \/>\n<meta property=\"article:published_time\" content=\"2017-12-14T07:00:52+00:00\" \/>\n<meta property=\"article:modified_time\" content=\"2022-05-27T05:55:52+00:00\" \/>\n<meta property=\"og:image\" content=\"http:\/\/archilaabogados.com\/wp-content\/uploads\/2017\/12\/archila_ej240.jpg\" \/>\n\t<meta property=\"og:image:width\" content=\"240\" \/>\n\t<meta property=\"og:image:height\" content=\"290\" \/>\n\t<meta property=\"og:image:type\" content=\"image\/jpeg\" \/>\n<meta name=\"author\" content=\"ArhilAdmin\" \/>\n<meta name=\"twitter:card\" content=\"summary_large_image\" \/>\n<meta name=\"twitter:label1\" content=\"Written by\" \/>\n\t<meta name=\"twitter:data1\" content=\"ArhilAdmin\" \/>\n\t<meta name=\"twitter:label2\" content=\"Est. reading time\" \/>\n\t<meta name=\"twitter:data2\" content=\"3 minutes\" \/>\n<script type=\"application\/ld+json\" class=\"yoast-schema-graph\">{\"@context\":\"https:\\\/\\\/schema.org\",\"@graph\":[{\"@type\":\"Article\",\"@id\":\"https:\\\/\\\/archilaabogados.com\\\/2017\\\/12\\\/14\\\/se-necesita-mas-competencia\\\/#article\",\"isPartOf\":{\"@id\":\"https:\\\/\\\/archilaabogados.com\\\/2017\\\/12\\\/14\\\/se-necesita-mas-competencia\\\/\"},\"author\":{\"name\":\"ArhilAdmin\",\"@id\":\"https:\\\/\\\/archilaabogados.com\\\/#\\\/schema\\\/person\\\/2ebc59f80cf35317c2a9f16341ee7883\"},\"headline\":\"Se necesita m\u00e1s competencia\",\"datePublished\":\"2017-12-14T07:00:52+00:00\",\"dateModified\":\"2022-05-27T05:55:52+00:00\",\"mainEntityOfPage\":{\"@id\":\"https:\\\/\\\/archilaabogados.com\\\/2017\\\/12\\\/14\\\/se-necesita-mas-competencia\\\/\"},\"wordCount\":570,\"image\":{\"@id\":\"https:\\\/\\\/archilaabogados.com\\\/2017\\\/12\\\/14\\\/se-necesita-mas-competencia\\\/#primaryimage\"},\"thumbnailUrl\":\"https:\\\/\\\/archilaabogados.com\\\/wp-content\\\/uploads\\\/2017\\\/12\\\/archila_ej240.jpg\",\"keywords\":[\"Asuntos Legales\"],\"articleSection\":[\"Diario La Rep\u00fablica\"],\"inLanguage\":\"en-US\"},{\"@type\":\"WebPage\",\"@id\":\"https:\\\/\\\/archilaabogados.com\\\/2017\\\/12\\\/14\\\/se-necesita-mas-competencia\\\/\",\"url\":\"https:\\\/\\\/archilaabogados.com\\\/2017\\\/12\\\/14\\\/se-necesita-mas-competencia\\\/\",\"name\":\"Se necesita m\u00e1s competencia - Archila Abogados\",\"isPartOf\":{\"@id\":\"https:\\\/\\\/archilaabogados.com\\\/#website\"},\"primaryImageOfPage\":{\"@id\":\"https:\\\/\\\/archilaabogados.com\\\/2017\\\/12\\\/14\\\/se-necesita-mas-competencia\\\/#primaryimage\"},\"image\":{\"@id\":\"https:\\\/\\\/archilaabogados.com\\\/2017\\\/12\\\/14\\\/se-necesita-mas-competencia\\\/#primaryimage\"},\"thumbnailUrl\":\"https:\\\/\\\/archilaabogados.com\\\/wp-content\\\/uploads\\\/2017\\\/12\\\/archila_ej240.jpg\",\"datePublished\":\"2017-12-14T07:00:52+00:00\",\"dateModified\":\"2022-05-27T05:55:52+00:00\",\"author\":{\"@id\":\"https:\\\/\\\/archilaabogados.com\\\/#\\\/schema\\\/person\\\/2ebc59f80cf35317c2a9f16341ee7883\"},\"breadcrumb\":{\"@id\":\"https:\\\/\\\/archilaabogados.com\\\/2017\\\/12\\\/14\\\/se-necesita-mas-competencia\\\/#breadcrumb\"},\"inLanguage\":\"en-US\",\"potentialAction\":[{\"@type\":\"ReadAction\",\"target\":[\"https:\\\/\\\/archilaabogados.com\\\/2017\\\/12\\\/14\\\/se-necesita-mas-competencia\\\/\"]}]},{\"@type\":\"ImageObject\",\"inLanguage\":\"en-US\",\"@id\":\"https:\\\/\\\/archilaabogados.com\\\/2017\\\/12\\\/14\\\/se-necesita-mas-competencia\\\/#primaryimage\",\"url\":\"https:\\\/\\\/archilaabogados.com\\\/wp-content\\\/uploads\\\/2017\\\/12\\\/archila_ej240.jpg\",\"contentUrl\":\"https:\\\/\\\/archilaabogados.com\\\/wp-content\\\/uploads\\\/2017\\\/12\\\/archila_ej240.jpg\",\"width\":240,\"height\":290},{\"@type\":\"BreadcrumbList\",\"@id\":\"https:\\\/\\\/archilaabogados.com\\\/2017\\\/12\\\/14\\\/se-necesita-mas-competencia\\\/#breadcrumb\",\"itemListElement\":[{\"@type\":\"ListItem\",\"position\":1,\"name\":\"Home\",\"item\":\"https:\\\/\\\/archilaabogados.com\\\/\"},{\"@type\":\"ListItem\",\"position\":2,\"name\":\"Se necesita m\u00e1s competencia\"}]},{\"@type\":\"WebSite\",\"@id\":\"https:\\\/\\\/archilaabogados.com\\\/#website\",\"url\":\"https:\\\/\\\/archilaabogados.com\\\/\",\"name\":\"Archila Abogados\",\"description\":\"Servicios legales\",\"potentialAction\":[{\"@type\":\"SearchAction\",\"target\":{\"@type\":\"EntryPoint\",\"urlTemplate\":\"https:\\\/\\\/archilaabogados.com\\\/?s={search_term_string}\"},\"query-input\":{\"@type\":\"PropertyValueSpecification\",\"valueRequired\":true,\"valueName\":\"search_term_string\"}}],\"inLanguage\":\"en-US\"},{\"@type\":\"Person\",\"@id\":\"https:\\\/\\\/archilaabogados.com\\\/#\\\/schema\\\/person\\\/2ebc59f80cf35317c2a9f16341ee7883\",\"name\":\"ArhilAdmin\",\"image\":{\"@type\":\"ImageObject\",\"inLanguage\":\"en-US\",\"@id\":\"https:\\\/\\\/secure.gravatar.com\\\/avatar\\\/9dcaf3f4e6ece3ae0c14ad443b5883bafd050ab345f218cf32465ef4c68ec5f4?s=96&d=mm&r=g\",\"url\":\"https:\\\/\\\/secure.gravatar.com\\\/avatar\\\/9dcaf3f4e6ece3ae0c14ad443b5883bafd050ab345f218cf32465ef4c68ec5f4?s=96&d=mm&r=g\",\"contentUrl\":\"https:\\\/\\\/secure.gravatar.com\\\/avatar\\\/9dcaf3f4e6ece3ae0c14ad443b5883bafd050ab345f218cf32465ef4c68ec5f4?s=96&d=mm&r=g\",\"caption\":\"ArhilAdmin\"},\"sameAs\":[\"https:\\\/\\\/archilaabogados.com\"],\"url\":\"https:\\\/\\\/archilaabogados.com\\\/en\\\/author\\\/arhiladmin\\\/\"}]}<\/script>\n<!-- \/ Yoast SEO plugin. -->","yoast_head_json":{"title":"Se necesita m\u00e1s competencia - Archila Abogados","robots":{"index":"index","follow":"follow","max-snippet":"max-snippet:-1","max-image-preview":"max-image-preview:large","max-video-preview":"max-video-preview:-1"},"canonical":"https:\/\/archilaabogados.com\/en\/2017\/12\/14\/se-necesita-mas-competencia\/","og_locale":"en_US","og_type":"article","og_title":"Se necesita m\u00e1s competencia - Archila Abogados","og_description":"Bogot\u00e1. 07\/10\/2017. Art\u00edculo escrito por el Dr. Emilio Jos\u00e9 Archila \u00bfA qui\u00e9n se le ocurrir\u00eda que despu\u00e9s de un...","og_url":"https:\/\/archilaabogados.com\/en\/2017\/12\/14\/se-necesita-mas-competencia\/","og_site_name":"Archila Abogados","article_published_time":"2017-12-14T07:00:52+00:00","article_modified_time":"2022-05-27T05:55:52+00:00","og_image":[{"width":240,"height":290,"url":"http:\/\/archilaabogados.com\/wp-content\/uploads\/2017\/12\/archila_ej240.jpg","type":"image\/jpeg"}],"author":"ArhilAdmin","twitter_card":"summary_large_image","twitter_misc":{"Written by":"ArhilAdmin","Est. reading time":"3 minutes"},"schema":{"@context":"https:\/\/schema.org","@graph":[{"@type":"Article","@id":"https:\/\/archilaabogados.com\/2017\/12\/14\/se-necesita-mas-competencia\/#article","isPartOf":{"@id":"https:\/\/archilaabogados.com\/2017\/12\/14\/se-necesita-mas-competencia\/"},"author":{"name":"ArhilAdmin","@id":"https:\/\/archilaabogados.com\/#\/schema\/person\/2ebc59f80cf35317c2a9f16341ee7883"},"headline":"Se necesita m\u00e1s competencia","datePublished":"2017-12-14T07:00:52+00:00","dateModified":"2022-05-27T05:55:52+00:00","mainEntityOfPage":{"@id":"https:\/\/archilaabogados.com\/2017\/12\/14\/se-necesita-mas-competencia\/"},"wordCount":570,"image":{"@id":"https:\/\/archilaabogados.com\/2017\/12\/14\/se-necesita-mas-competencia\/#primaryimage"},"thumbnailUrl":"https:\/\/archilaabogados.com\/wp-content\/uploads\/2017\/12\/archila_ej240.jpg","keywords":["Asuntos Legales"],"articleSection":["Diario La Rep\u00fablica"],"inLanguage":"en-US"},{"@type":"WebPage","@id":"https:\/\/archilaabogados.com\/2017\/12\/14\/se-necesita-mas-competencia\/","url":"https:\/\/archilaabogados.com\/2017\/12\/14\/se-necesita-mas-competencia\/","name":"Se necesita m\u00e1s competencia - Archila Abogados","isPartOf":{"@id":"https:\/\/archilaabogados.com\/#website"},"primaryImageOfPage":{"@id":"https:\/\/archilaabogados.com\/2017\/12\/14\/se-necesita-mas-competencia\/#primaryimage"},"image":{"@id":"https:\/\/archilaabogados.com\/2017\/12\/14\/se-necesita-mas-competencia\/#primaryimage"},"thumbnailUrl":"https:\/\/archilaabogados.com\/wp-content\/uploads\/2017\/12\/archila_ej240.jpg","datePublished":"2017-12-14T07:00:52+00:00","dateModified":"2022-05-27T05:55:52+00:00","author":{"@id":"https:\/\/archilaabogados.com\/#\/schema\/person\/2ebc59f80cf35317c2a9f16341ee7883"},"breadcrumb":{"@id":"https:\/\/archilaabogados.com\/2017\/12\/14\/se-necesita-mas-competencia\/#breadcrumb"},"inLanguage":"en-US","potentialAction":[{"@type":"ReadAction","target":["https:\/\/archilaabogados.com\/2017\/12\/14\/se-necesita-mas-competencia\/"]}]},{"@type":"ImageObject","inLanguage":"en-US","@id":"https:\/\/archilaabogados.com\/2017\/12\/14\/se-necesita-mas-competencia\/#primaryimage","url":"https:\/\/archilaabogados.com\/wp-content\/uploads\/2017\/12\/archila_ej240.jpg","contentUrl":"https:\/\/archilaabogados.com\/wp-content\/uploads\/2017\/12\/archila_ej240.jpg","width":240,"height":290},{"@type":"BreadcrumbList","@id":"https:\/\/archilaabogados.com\/2017\/12\/14\/se-necesita-mas-competencia\/#breadcrumb","itemListElement":[{"@type":"ListItem","position":1,"name":"Home","item":"https:\/\/archilaabogados.com\/"},{"@type":"ListItem","position":2,"name":"Se necesita m\u00e1s competencia"}]},{"@type":"WebSite","@id":"https:\/\/archilaabogados.com\/#website","url":"https:\/\/archilaabogados.com\/","name":"Archila Abogados","description":"Servicios legales","potentialAction":[{"@type":"SearchAction","target":{"@type":"EntryPoint","urlTemplate":"https:\/\/archilaabogados.com\/?s={search_term_string}"},"query-input":{"@type":"PropertyValueSpecification","valueRequired":true,"valueName":"search_term_string"}}],"inLanguage":"en-US"},{"@type":"Person","@id":"https:\/\/archilaabogados.com\/#\/schema\/person\/2ebc59f80cf35317c2a9f16341ee7883","name":"ArhilAdmin","image":{"@type":"ImageObject","inLanguage":"en-US","@id":"https:\/\/secure.gravatar.com\/avatar\/9dcaf3f4e6ece3ae0c14ad443b5883bafd050ab345f218cf32465ef4c68ec5f4?s=96&d=mm&r=g","url":"https:\/\/secure.gravatar.com\/avatar\/9dcaf3f4e6ece3ae0c14ad443b5883bafd050ab345f218cf32465ef4c68ec5f4?s=96&d=mm&r=g","contentUrl":"https:\/\/secure.gravatar.com\/avatar\/9dcaf3f4e6ece3ae0c14ad443b5883bafd050ab345f218cf32465ef4c68ec5f4?s=96&d=mm&r=g","caption":"ArhilAdmin"},"sameAs":["https:\/\/archilaabogados.com"],"url":"https:\/\/archilaabogados.com\/en\/author\/arhiladmin\/"}]}},"_links":{"self":[{"href":"https:\/\/archilaabogados.com\/en\/wp-json\/wp\/v2\/posts\/1451","targetHints":{"allow":["GET"]}}],"collection":[{"href":"https:\/\/archilaabogados.com\/en\/wp-json\/wp\/v2\/posts"}],"about":[{"href":"https:\/\/archilaabogados.com\/en\/wp-json\/wp\/v2\/types\/post"}],"author":[{"embeddable":true,"href":"https:\/\/archilaabogados.com\/en\/wp-json\/wp\/v2\/users\/1"}],"replies":[{"embeddable":true,"href":"https:\/\/archilaabogados.com\/en\/wp-json\/wp\/v2\/comments?post=1451"}],"version-history":[{"count":1,"href":"https:\/\/archilaabogados.com\/en\/wp-json\/wp\/v2\/posts\/1451\/revisions"}],"predecessor-version":[{"id":1815,"href":"https:\/\/archilaabogados.com\/en\/wp-json\/wp\/v2\/posts\/1451\/revisions\/1815"}],"wp:featuredmedia":[{"embeddable":true,"href":"https:\/\/archilaabogados.com\/en\/wp-json\/wp\/v2\/media\/1233"}],"wp:attachment":[{"href":"https:\/\/archilaabogados.com\/en\/wp-json\/wp\/v2\/media?parent=1451"}],"wp:term":[{"taxonomy":"category","embeddable":true,"href":"https:\/\/archilaabogados.com\/en\/wp-json\/wp\/v2\/categories?post=1451"},{"taxonomy":"post_tag","embeddable":true,"href":"https:\/\/archilaabogados.com\/en\/wp-json\/wp\/v2\/tags?post=1451"}],"curies":[{"name":"wp","href":"https:\/\/api.w.org\/{rel}","templated":true}]}}