{"id":3454,"date":"2022-07-12T16:14:04","date_gmt":"2022-07-12T16:14:04","guid":{"rendered":"https:\/\/archilaabogados.com\/?p=3279"},"modified":"2023-09-24T22:51:00","modified_gmt":"2023-09-24T22:51:00","slug":"velar-por-la-seguridad-de-los-datos-personales-es-un-deber-de-todos","status":"publish","type":"post","link":"https:\/\/archilaabogados.com\/en\/2022\/07\/12\/velar-por-la-seguridad-de-los-datos-personales-es-un-deber-de-todos\/","title":{"rendered":"Velar por la seguridad de los datos personales, es un deber de todos"},"content":{"rendered":"<div data-elementor-type=\"wp-post\" data-elementor-id=\"3454\" class=\"elementor elementor-3454\" data-elementor-post-type=\"post\">\n\t\t\t\t\t\t<section class=\"elementor-section elementor-top-section elementor-element elementor-element-7066a144 elementor-section-boxed elementor-section-height-default elementor-section-height-default\" data-id=\"7066a144\" data-element_type=\"section\" data-e-type=\"section\">\n\t\t\t\t\t\t<div class=\"elementor-container elementor-column-gap-default\">\n\t\t\t\t\t<div class=\"elementor-column elementor-col-100 elementor-top-column elementor-element elementor-element-4fb704b0\" data-id=\"4fb704b0\" data-element_type=\"column\" data-e-type=\"column\">\n\t\t\t<div class=\"elementor-widget-wrap elementor-element-populated\">\n\t\t\t\t\t\t<div class=\"elementor-element elementor-element-13acbf06 elementor-widget elementor-widget-text-editor\" data-id=\"13acbf06\" data-element_type=\"widget\" data-e-type=\"widget\" data-widget_type=\"text-editor.default\">\n\t\t\t\t<div class=\"elementor-widget-container\">\n\t\t\t\t\t\t\t\t\t<p><strong>Por Dionisio de la Cruz Camargo (12\/07\/2022)<br \/>Abogado Asociado Archila Abogados LTDA.<\/strong><\/p><p>En estos d\u00edas nos hemos visto sorprendidos por incidentes de seguridad que han sacado de circulaci\u00f3n o por lo menos han afectado gravemente y por varios d\u00edas, p\u00e1ginas web de importantes entidades p\u00fablicas a nivel nacional e internacional poniendo nuevamente sobre la mesa la importancia, no s\u00f3lo de la seguridad en el manejo de la informaci\u00f3n de las empresas, sino tambi\u00e9n de los datos personales que se recolectan y se tratan a trav\u00e9s de las p\u00e1ginas web.<\/p><p>La legislaci\u00f3n colombiana de protecci\u00f3n de datos personales (Ley 1581 de 2012 y el decreto 1377 de 2013), establece el principio de seguridad que consagra la obligaci\u00f3n para los responsables y encargados del tratamiento de bases de datos, de establecer las medidas t\u00e9cnicas, humanas y administrativas necesarias \u201cpara otorgar seguridad a los registros evitando su adulteraci\u00f3n, p\u00e9rdida, consulta, uso o acceso no autorizado o fraudulento\u201d. El obedecimiento de este mandato implica destinar una estructura administrativa que se encargue de velar por el cumplimiento de la norma y, en lo que respecta a la seguridad de la informaci\u00f3n, garantizar que en el dise\u00f1o de procedimientos internos se tomen las medidas tecnol\u00f3gicas necesarias para proteger los datos personales que se manejan. Estas medidas preventivas van desde protocolos para la recolecci\u00f3n, almacenamiento y tratamiento de la informaci\u00f3n hasta la capacitaci\u00f3n permanente de las personas encargadas de estas tareas, con el objetivo de concientizarlas sobre la importancia de proteger los datos que se recolectan.<\/p><p>As\u00ed mismo, la ley establece c\u00f3mo se debe proceder, cuando, a pesar de las medidas que puedan tomarse, se produzcan incidentes de seguridad que pongan en riesgo la integridad de la informaci\u00f3n o haya habido sustracci\u00f3n de la misma. En estos casos, dentro de los 15 d\u00edas h\u00e1biles siguientes al momento que se detecte el incidente o se tenga conocimiento del mismo, debe darse aviso a la Superintendencia de industria y Comercio-SIC a trav\u00e9s del registro nacional de bases de datos.<\/p><p>El desobedecimiento de lo ordenado por la ley y las instrucciones que ha dado la SIC, expone a los responsables de cuidar la informaci\u00f3n a dr\u00e1sticas sanciones administrativas de hasta 2000 salarios m\u00ednimos vigentes y a los usurpadores de los datos, a sanciones penales por delitos como \u201cacceso abusivo a un sistema inform\u00e1tico\u201d, \u201cinterceptaci\u00f3n de datos inform\u00e1ticos\u201d, \u201cda\u00f1o inform\u00e1tico\u201d o \u201cviolaci\u00f3n de datos personales\u201d, con penas que van hasta los 96 meses de prisi\u00f3n<\/p><p>Al final, la protecci\u00f3n de los datos personales recae sobre todos, no s\u00f3lo de los responsables y encargados que los recolectan sino tambi\u00e9n nosotros quienes como titulares debemos velar por tomar todas las medidas para no entregar nuestros datos a cualquier persona sin indagar siquiera, si tiene una pol\u00edtica de tratamiento de datos o un aviso de privacidad, donde por lo menos nos informemos para qu\u00e9 vamos a entregar nuestros datos.<\/p><p><strong>Art\u00edculo publicado en el portal Asuntos Legales, <a href=\"https:\/\/www.asuntoslegales.com.co\/analisis\/dionisio-de-la-cruz-camargo-2765738\/velar-por-la-seguridad-de-los-datos-personales-es-un-deber-de-todos-3401300\" target=\"_blank\" rel=\"noopener\">clic ac\u00e1:<\/a><\/strong><\/p>\t\t\t\t\t\t\t\t<\/div>\n\t\t\t\t<\/div>\n\t\t\t\t\t<\/div>\n\t\t<\/div>\n\t\t\t\t\t<\/div>\n\t\t<\/section>\n\t\t\t\t<\/div>","protected":false},"excerpt":{"rendered":"<p>Por Dionisio de la Cruz Camargo (12\/07\/2022)Abogado Asociado Archila Abogados LTDA. En estos d\u00edas nos hemos visto sorprendidos por&#8230;<\/p>","protected":false},"author":1,"featured_media":887,"comment_status":"open","ping_status":"open","sticky":false,"template":"","format":"standard","meta":{"_kad_post_transparent":"","_kad_post_title":"","_kad_post_layout":"","_kad_post_sidebar_id":"","_kad_post_content_style":"","_kad_post_vertical_padding":"","_kad_post_feature":"","_kad_post_feature_position":"","_kad_post_header":false,"_kad_post_footer":false,"footnotes":""},"categories":[15],"tags":[51],"class_list":["post-3454","post","type-post","status-publish","format-standard","has-post-thumbnail","hentry","category-diario-la-republica","tag-asuntos-legales"],"yoast_head":"<!-- This site is optimized with the Yoast SEO plugin v27.4 - https:\/\/yoast.com\/product\/yoast-seo-wordpress\/ -->\n<title>Velar por la seguridad de los datos personales, es un deber de todos - Archila Abogados<\/title>\n<meta name=\"robots\" content=\"index, follow, max-snippet:-1, max-image-preview:large, max-video-preview:-1\" \/>\n<link rel=\"canonical\" href=\"https:\/\/archilaabogados.com\/en\/2022\/07\/12\/velar-por-la-seguridad-de-los-datos-personales-es-un-deber-de-todos\/\" \/>\n<meta property=\"og:locale\" content=\"en_US\" \/>\n<meta property=\"og:type\" content=\"article\" \/>\n<meta property=\"og:title\" content=\"Velar por la seguridad de los datos personales, es un deber de todos - Archila Abogados\" \/>\n<meta property=\"og:description\" content=\"Por Dionisio de la Cruz Camargo (12\/07\/2022)Abogado Asociado Archila Abogados LTDA. En estos d\u00edas nos hemos visto sorprendidos por...\" \/>\n<meta property=\"og:url\" content=\"https:\/\/archilaabogados.com\/en\/2022\/07\/12\/velar-por-la-seguridad-de-los-datos-personales-es-un-deber-de-todos\/\" \/>\n<meta property=\"og:site_name\" content=\"Archila Abogados\" \/>\n<meta property=\"article:published_time\" content=\"2022-07-12T16:14:04+00:00\" \/>\n<meta property=\"article:modified_time\" content=\"2023-09-24T22:51:00+00:00\" \/>\n<meta property=\"og:image\" content=\"http:\/\/archilaabogados.com\/wp-content\/uploads\/2019\/08\/dionisio_asuntos.jpg\" \/>\n\t<meta property=\"og:image:width\" content=\"240\" \/>\n\t<meta property=\"og:image:height\" content=\"290\" \/>\n\t<meta property=\"og:image:type\" content=\"image\/jpeg\" \/>\n<meta name=\"author\" content=\"ArhilAdmin\" \/>\n<meta name=\"twitter:card\" content=\"summary_large_image\" \/>\n<meta name=\"twitter:label1\" content=\"Written by\" \/>\n\t<meta name=\"twitter:data1\" content=\"ArhilAdmin\" \/>\n\t<meta name=\"twitter:label2\" content=\"Est. reading time\" \/>\n\t<meta name=\"twitter:data2\" content=\"3 minutes\" \/>\n<script type=\"application\/ld+json\" class=\"yoast-schema-graph\">{\"@context\":\"https:\\\/\\\/schema.org\",\"@graph\":[{\"@type\":\"Article\",\"@id\":\"https:\\\/\\\/archilaabogados.com\\\/2022\\\/07\\\/12\\\/velar-por-la-seguridad-de-los-datos-personales-es-un-deber-de-todos\\\/#article\",\"isPartOf\":{\"@id\":\"https:\\\/\\\/archilaabogados.com\\\/2022\\\/07\\\/12\\\/velar-por-la-seguridad-de-los-datos-personales-es-un-deber-de-todos\\\/\"},\"author\":{\"name\":\"ArhilAdmin\",\"@id\":\"https:\\\/\\\/archilaabogados.com\\\/#\\\/schema\\\/person\\\/2ebc59f80cf35317c2a9f16341ee7883\"},\"headline\":\"Velar por la seguridad de los datos personales, es un deber de todos\",\"datePublished\":\"2022-07-12T16:14:04+00:00\",\"dateModified\":\"2023-09-24T22:51:00+00:00\",\"mainEntityOfPage\":{\"@id\":\"https:\\\/\\\/archilaabogados.com\\\/2022\\\/07\\\/12\\\/velar-por-la-seguridad-de-los-datos-personales-es-un-deber-de-todos\\\/\"},\"wordCount\":532,\"commentCount\":0,\"image\":{\"@id\":\"https:\\\/\\\/archilaabogados.com\\\/2022\\\/07\\\/12\\\/velar-por-la-seguridad-de-los-datos-personales-es-un-deber-de-todos\\\/#primaryimage\"},\"thumbnailUrl\":\"https:\\\/\\\/archilaabogados.com\\\/wp-content\\\/uploads\\\/2019\\\/08\\\/dionisio_asuntos.jpg\",\"keywords\":[\"Asuntos Legales\"],\"articleSection\":[\"Diario La Rep\u00fablica\"],\"inLanguage\":\"en-US\",\"potentialAction\":[{\"@type\":\"CommentAction\",\"name\":\"Comment\",\"target\":[\"https:\\\/\\\/archilaabogados.com\\\/2022\\\/07\\\/12\\\/velar-por-la-seguridad-de-los-datos-personales-es-un-deber-de-todos\\\/#respond\"]}]},{\"@type\":\"WebPage\",\"@id\":\"https:\\\/\\\/archilaabogados.com\\\/2022\\\/07\\\/12\\\/velar-por-la-seguridad-de-los-datos-personales-es-un-deber-de-todos\\\/\",\"url\":\"https:\\\/\\\/archilaabogados.com\\\/2022\\\/07\\\/12\\\/velar-por-la-seguridad-de-los-datos-personales-es-un-deber-de-todos\\\/\",\"name\":\"Velar por la seguridad de los datos personales, es un deber de todos - Archila Abogados\",\"isPartOf\":{\"@id\":\"https:\\\/\\\/archilaabogados.com\\\/#website\"},\"primaryImageOfPage\":{\"@id\":\"https:\\\/\\\/archilaabogados.com\\\/2022\\\/07\\\/12\\\/velar-por-la-seguridad-de-los-datos-personales-es-un-deber-de-todos\\\/#primaryimage\"},\"image\":{\"@id\":\"https:\\\/\\\/archilaabogados.com\\\/2022\\\/07\\\/12\\\/velar-por-la-seguridad-de-los-datos-personales-es-un-deber-de-todos\\\/#primaryimage\"},\"thumbnailUrl\":\"https:\\\/\\\/archilaabogados.com\\\/wp-content\\\/uploads\\\/2019\\\/08\\\/dionisio_asuntos.jpg\",\"datePublished\":\"2022-07-12T16:14:04+00:00\",\"dateModified\":\"2023-09-24T22:51:00+00:00\",\"author\":{\"@id\":\"https:\\\/\\\/archilaabogados.com\\\/#\\\/schema\\\/person\\\/2ebc59f80cf35317c2a9f16341ee7883\"},\"breadcrumb\":{\"@id\":\"https:\\\/\\\/archilaabogados.com\\\/2022\\\/07\\\/12\\\/velar-por-la-seguridad-de-los-datos-personales-es-un-deber-de-todos\\\/#breadcrumb\"},\"inLanguage\":\"en-US\",\"potentialAction\":[{\"@type\":\"ReadAction\",\"target\":[\"https:\\\/\\\/archilaabogados.com\\\/2022\\\/07\\\/12\\\/velar-por-la-seguridad-de-los-datos-personales-es-un-deber-de-todos\\\/\"]}]},{\"@type\":\"ImageObject\",\"inLanguage\":\"en-US\",\"@id\":\"https:\\\/\\\/archilaabogados.com\\\/2022\\\/07\\\/12\\\/velar-por-la-seguridad-de-los-datos-personales-es-un-deber-de-todos\\\/#primaryimage\",\"url\":\"https:\\\/\\\/archilaabogados.com\\\/wp-content\\\/uploads\\\/2019\\\/08\\\/dionisio_asuntos.jpg\",\"contentUrl\":\"https:\\\/\\\/archilaabogados.com\\\/wp-content\\\/uploads\\\/2019\\\/08\\\/dionisio_asuntos.jpg\",\"width\":240,\"height\":290},{\"@type\":\"BreadcrumbList\",\"@id\":\"https:\\\/\\\/archilaabogados.com\\\/2022\\\/07\\\/12\\\/velar-por-la-seguridad-de-los-datos-personales-es-un-deber-de-todos\\\/#breadcrumb\",\"itemListElement\":[{\"@type\":\"ListItem\",\"position\":1,\"name\":\"Home\",\"item\":\"https:\\\/\\\/archilaabogados.com\\\/\"},{\"@type\":\"ListItem\",\"position\":2,\"name\":\"Velar por la seguridad de los datos personales, es un deber de todos\"}]},{\"@type\":\"WebSite\",\"@id\":\"https:\\\/\\\/archilaabogados.com\\\/#website\",\"url\":\"https:\\\/\\\/archilaabogados.com\\\/\",\"name\":\"Archila Abogados\",\"description\":\"Servicios legales\",\"potentialAction\":[{\"@type\":\"SearchAction\",\"target\":{\"@type\":\"EntryPoint\",\"urlTemplate\":\"https:\\\/\\\/archilaabogados.com\\\/?s={search_term_string}\"},\"query-input\":{\"@type\":\"PropertyValueSpecification\",\"valueRequired\":true,\"valueName\":\"search_term_string\"}}],\"inLanguage\":\"en-US\"},{\"@type\":\"Person\",\"@id\":\"https:\\\/\\\/archilaabogados.com\\\/#\\\/schema\\\/person\\\/2ebc59f80cf35317c2a9f16341ee7883\",\"name\":\"ArhilAdmin\",\"image\":{\"@type\":\"ImageObject\",\"inLanguage\":\"en-US\",\"@id\":\"https:\\\/\\\/secure.gravatar.com\\\/avatar\\\/9dcaf3f4e6ece3ae0c14ad443b5883bafd050ab345f218cf32465ef4c68ec5f4?s=96&d=mm&r=g\",\"url\":\"https:\\\/\\\/secure.gravatar.com\\\/avatar\\\/9dcaf3f4e6ece3ae0c14ad443b5883bafd050ab345f218cf32465ef4c68ec5f4?s=96&d=mm&r=g\",\"contentUrl\":\"https:\\\/\\\/secure.gravatar.com\\\/avatar\\\/9dcaf3f4e6ece3ae0c14ad443b5883bafd050ab345f218cf32465ef4c68ec5f4?s=96&d=mm&r=g\",\"caption\":\"ArhilAdmin\"},\"sameAs\":[\"https:\\\/\\\/archilaabogados.com\"],\"url\":\"https:\\\/\\\/archilaabogados.com\\\/en\\\/author\\\/arhiladmin\\\/\"}]}<\/script>\n<!-- \/ Yoast SEO plugin. -->","yoast_head_json":{"title":"Velar por la seguridad de los datos personales, es un deber de todos - Archila Abogados","robots":{"index":"index","follow":"follow","max-snippet":"max-snippet:-1","max-image-preview":"max-image-preview:large","max-video-preview":"max-video-preview:-1"},"canonical":"https:\/\/archilaabogados.com\/en\/2022\/07\/12\/velar-por-la-seguridad-de-los-datos-personales-es-un-deber-de-todos\/","og_locale":"en_US","og_type":"article","og_title":"Velar por la seguridad de los datos personales, es un deber de todos - Archila Abogados","og_description":"Por Dionisio de la Cruz Camargo (12\/07\/2022)Abogado Asociado Archila Abogados LTDA. En estos d\u00edas nos hemos visto sorprendidos por...","og_url":"https:\/\/archilaabogados.com\/en\/2022\/07\/12\/velar-por-la-seguridad-de-los-datos-personales-es-un-deber-de-todos\/","og_site_name":"Archila Abogados","article_published_time":"2022-07-12T16:14:04+00:00","article_modified_time":"2023-09-24T22:51:00+00:00","og_image":[{"width":240,"height":290,"url":"http:\/\/archilaabogados.com\/wp-content\/uploads\/2019\/08\/dionisio_asuntos.jpg","type":"image\/jpeg"}],"author":"ArhilAdmin","twitter_card":"summary_large_image","twitter_misc":{"Written by":"ArhilAdmin","Est. reading time":"3 minutes"},"schema":{"@context":"https:\/\/schema.org","@graph":[{"@type":"Article","@id":"https:\/\/archilaabogados.com\/2022\/07\/12\/velar-por-la-seguridad-de-los-datos-personales-es-un-deber-de-todos\/#article","isPartOf":{"@id":"https:\/\/archilaabogados.com\/2022\/07\/12\/velar-por-la-seguridad-de-los-datos-personales-es-un-deber-de-todos\/"},"author":{"name":"ArhilAdmin","@id":"https:\/\/archilaabogados.com\/#\/schema\/person\/2ebc59f80cf35317c2a9f16341ee7883"},"headline":"Velar por la seguridad de los datos personales, es un deber de todos","datePublished":"2022-07-12T16:14:04+00:00","dateModified":"2023-09-24T22:51:00+00:00","mainEntityOfPage":{"@id":"https:\/\/archilaabogados.com\/2022\/07\/12\/velar-por-la-seguridad-de-los-datos-personales-es-un-deber-de-todos\/"},"wordCount":532,"commentCount":0,"image":{"@id":"https:\/\/archilaabogados.com\/2022\/07\/12\/velar-por-la-seguridad-de-los-datos-personales-es-un-deber-de-todos\/#primaryimage"},"thumbnailUrl":"https:\/\/archilaabogados.com\/wp-content\/uploads\/2019\/08\/dionisio_asuntos.jpg","keywords":["Asuntos Legales"],"articleSection":["Diario La Rep\u00fablica"],"inLanguage":"en-US","potentialAction":[{"@type":"CommentAction","name":"Comment","target":["https:\/\/archilaabogados.com\/2022\/07\/12\/velar-por-la-seguridad-de-los-datos-personales-es-un-deber-de-todos\/#respond"]}]},{"@type":"WebPage","@id":"https:\/\/archilaabogados.com\/2022\/07\/12\/velar-por-la-seguridad-de-los-datos-personales-es-un-deber-de-todos\/","url":"https:\/\/archilaabogados.com\/2022\/07\/12\/velar-por-la-seguridad-de-los-datos-personales-es-un-deber-de-todos\/","name":"Velar por la seguridad de los datos personales, es un deber de todos - Archila Abogados","isPartOf":{"@id":"https:\/\/archilaabogados.com\/#website"},"primaryImageOfPage":{"@id":"https:\/\/archilaabogados.com\/2022\/07\/12\/velar-por-la-seguridad-de-los-datos-personales-es-un-deber-de-todos\/#primaryimage"},"image":{"@id":"https:\/\/archilaabogados.com\/2022\/07\/12\/velar-por-la-seguridad-de-los-datos-personales-es-un-deber-de-todos\/#primaryimage"},"thumbnailUrl":"https:\/\/archilaabogados.com\/wp-content\/uploads\/2019\/08\/dionisio_asuntos.jpg","datePublished":"2022-07-12T16:14:04+00:00","dateModified":"2023-09-24T22:51:00+00:00","author":{"@id":"https:\/\/archilaabogados.com\/#\/schema\/person\/2ebc59f80cf35317c2a9f16341ee7883"},"breadcrumb":{"@id":"https:\/\/archilaabogados.com\/2022\/07\/12\/velar-por-la-seguridad-de-los-datos-personales-es-un-deber-de-todos\/#breadcrumb"},"inLanguage":"en-US","potentialAction":[{"@type":"ReadAction","target":["https:\/\/archilaabogados.com\/2022\/07\/12\/velar-por-la-seguridad-de-los-datos-personales-es-un-deber-de-todos\/"]}]},{"@type":"ImageObject","inLanguage":"en-US","@id":"https:\/\/archilaabogados.com\/2022\/07\/12\/velar-por-la-seguridad-de-los-datos-personales-es-un-deber-de-todos\/#primaryimage","url":"https:\/\/archilaabogados.com\/wp-content\/uploads\/2019\/08\/dionisio_asuntos.jpg","contentUrl":"https:\/\/archilaabogados.com\/wp-content\/uploads\/2019\/08\/dionisio_asuntos.jpg","width":240,"height":290},{"@type":"BreadcrumbList","@id":"https:\/\/archilaabogados.com\/2022\/07\/12\/velar-por-la-seguridad-de-los-datos-personales-es-un-deber-de-todos\/#breadcrumb","itemListElement":[{"@type":"ListItem","position":1,"name":"Home","item":"https:\/\/archilaabogados.com\/"},{"@type":"ListItem","position":2,"name":"Velar por la seguridad de los datos personales, es un deber de todos"}]},{"@type":"WebSite","@id":"https:\/\/archilaabogados.com\/#website","url":"https:\/\/archilaabogados.com\/","name":"Archila Abogados","description":"Servicios legales","potentialAction":[{"@type":"SearchAction","target":{"@type":"EntryPoint","urlTemplate":"https:\/\/archilaabogados.com\/?s={search_term_string}"},"query-input":{"@type":"PropertyValueSpecification","valueRequired":true,"valueName":"search_term_string"}}],"inLanguage":"en-US"},{"@type":"Person","@id":"https:\/\/archilaabogados.com\/#\/schema\/person\/2ebc59f80cf35317c2a9f16341ee7883","name":"ArhilAdmin","image":{"@type":"ImageObject","inLanguage":"en-US","@id":"https:\/\/secure.gravatar.com\/avatar\/9dcaf3f4e6ece3ae0c14ad443b5883bafd050ab345f218cf32465ef4c68ec5f4?s=96&d=mm&r=g","url":"https:\/\/secure.gravatar.com\/avatar\/9dcaf3f4e6ece3ae0c14ad443b5883bafd050ab345f218cf32465ef4c68ec5f4?s=96&d=mm&r=g","contentUrl":"https:\/\/secure.gravatar.com\/avatar\/9dcaf3f4e6ece3ae0c14ad443b5883bafd050ab345f218cf32465ef4c68ec5f4?s=96&d=mm&r=g","caption":"ArhilAdmin"},"sameAs":["https:\/\/archilaabogados.com"],"url":"https:\/\/archilaabogados.com\/en\/author\/arhiladmin\/"}]}},"_links":{"self":[{"href":"https:\/\/archilaabogados.com\/en\/wp-json\/wp\/v2\/posts\/3454","targetHints":{"allow":["GET"]}}],"collection":[{"href":"https:\/\/archilaabogados.com\/en\/wp-json\/wp\/v2\/posts"}],"about":[{"href":"https:\/\/archilaabogados.com\/en\/wp-json\/wp\/v2\/types\/post"}],"author":[{"embeddable":true,"href":"https:\/\/archilaabogados.com\/en\/wp-json\/wp\/v2\/users\/1"}],"replies":[{"embeddable":true,"href":"https:\/\/archilaabogados.com\/en\/wp-json\/wp\/v2\/comments?post=3454"}],"version-history":[{"count":4,"href":"https:\/\/archilaabogados.com\/en\/wp-json\/wp\/v2\/posts\/3454\/revisions"}],"predecessor-version":[{"id":3922,"href":"https:\/\/archilaabogados.com\/en\/wp-json\/wp\/v2\/posts\/3454\/revisions\/3922"}],"wp:featuredmedia":[{"embeddable":true,"href":"https:\/\/archilaabogados.com\/en\/wp-json\/wp\/v2\/media\/887"}],"wp:attachment":[{"href":"https:\/\/archilaabogados.com\/en\/wp-json\/wp\/v2\/media?parent=3454"}],"wp:term":[{"taxonomy":"category","embeddable":true,"href":"https:\/\/archilaabogados.com\/en\/wp-json\/wp\/v2\/categories?post=3454"},{"taxonomy":"post_tag","embeddable":true,"href":"https:\/\/archilaabogados.com\/en\/wp-json\/wp\/v2\/tags?post=3454"}],"curies":[{"name":"wp","href":"https:\/\/api.w.org\/{rel}","templated":true}]}}