{"id":3455,"date":"2022-07-09T12:32:03","date_gmt":"2022-07-09T12:32:03","guid":{"rendered":"https:\/\/archilaabogados.com\/?p=3276"},"modified":"2022-07-14T00:17:14","modified_gmt":"2022-07-14T00:17:14","slug":"los-contratos-de-adhesion-y-la-proteccion-al-consumidor","status":"publish","type":"post","link":"https:\/\/archilaabogados.com\/en\/2022\/07\/09\/los-contratos-de-adhesion-y-la-proteccion-al-consumidor\/","title":{"rendered":"Los contratos de adhesi\u00f3n y la protecci\u00f3n al consumidor"},"content":{"rendered":"<p><strong>Por David Toro Ochoa (08\/07\/2022)<\/strong><\/p>\n<p>Los contratos bilaterales o sinalagm\u00e1ticos implican una negociaci\u00f3n de las partes para definir sus derechos y obligaciones. Se supone que ambas partes han de percibir beneficios del negocio jur\u00eddico concreto. Sin embargo, en muchas relaciones de consumo, no es posible hacer dicha negociaci\u00f3n. La parte fuerte de la relaci\u00f3n impone sus condiciones y el consumidor no tiene otra opci\u00f3n que adherirse a las estipulaciones contractuales que ha delineado la otra parte. Veamos en qu\u00e9 consisten estos contratos y cu\u00e1l es la protecci\u00f3n que las normas de consumidor traen para ellos.<\/p>\n<p><strong>\u00bfQu\u00e9 es un contrato de adhesi\u00f3n?<\/strong><\/p>\n<p>La Superintendencia de Industria y Comercio, en el concepto 17-030407 del 15 de marzo de 2017, ha decantado la definici\u00f3n de los contratos de adhesi\u00f3n y las obligaciones de informaci\u00f3n inherentes a ellos de la siguiente manera:<\/p>\n<p>\u201cPor lo general, la celebraci\u00f3n de un contrato, cualquiera que este sea, implica una discusi\u00f3n previa de las partes en relaci\u00f3n con las cl\u00e1usulas que lo integran, sin embargo, existen contratos en los que dicha discusi\u00f3n no se lleva a cabo, puesto que, en este evento, es la empresa que ofrece el bien o el servicio quien determina las condiciones sin que el usuario tenga lugar a discutirlas, estos son los denominados contratos de adhesi\u00f3n. En este tipo de negocios la parte que aprueba el texto de las cl\u00e1usulas redactadas por la otra no interviene en la discusi\u00f3n del contenido contractual y el v\u00ednculo jur\u00eddico se establece por el simple acto de aceptaci\u00f3n o adhesi\u00f3n al esquema predeterminado unilateralmente.<br \/>\n\u201cNo obstante lo anterior, es de anotar que toda venta de productos o servicios obliga al productor o proveedor a brindar al consumidor una informaci\u00f3n veraz y suficiente sobre el bien comercializado. Es as\u00ed como en la comercializaci\u00f3n de cualquier tipo bien o servicio, se deber\u00e1 respetar lo establecido por el estatuto del consumidor, el cual se\u00f1ala que toda la informaci\u00f3n que se de\u0301 al consumidor sobre las propiedades de los servicios ofrecidos deber\u00e1 ser veraz, suficiente y no inducir a error\u201d.<\/p>\n<p><strong>\u00bfC\u00f3mo se protegen los derechos de los consumidores en los contratos de adhesi\u00f3n?<\/strong><\/p>\n<p>En el art\u00edculo 37 de la Ley 1480 de 2011 se establecen los requisitos que deben tener los contratos de adhesi\u00f3n. En primer lugar, se debe \u201c\u2026(h)aber informado suficiente, anticipada y expresamente al adherente sobre la existencia efectos y alcance de las condiciones generales (\u2026)\u201d, en castellano. En segundo lugar, \u201c\u2026(l)as condiciones generales del contrato deben ser concretas, claras y completas\u201d. En tercer lugar, se establece que \u201c\u2026los caracteres deber\u00e1n ser legibles a simple vista y no incluir espacios en blanco (\u2026)\u201d. Las condiciones generales de los contratos que no re\u00fanan estos requisitos se tendr\u00e1n por no escritas.<\/p>\n<p>En el art\u00edculo 38 de la misma ley se proh\u00edbe a la parte fuerte de la relaci\u00f3n \u201c&#8230;incluir cl\u00e1usulas que permitan al productor y\/o proveedor modificar unilateralmente el contrato o sustraerse de sus obligaciones\u201d. Adicionalmente, en el art\u00edculo 39 del mencionado estatuto se establece que \u201c\u2026el productor y\/o proveedor est\u00e1 obligado a la entrega de constancia escrita y t\u00e9rminos de la operaci\u00f3n al consumidor a m\u00e1s tardar dentro de los tres (3) d\u00edas siguientes a la solicitud (\u2026)\u201d y que deber\u00e1 dejar constancia de la aceptaci\u00f3n.<\/p>\n<p>Como puede verse, las normas nos traen herramientas para solucionar la asimetr\u00eda de informaci\u00f3n en la que se ven inmersos los consumidores. Es importante resaltar que, en virtud de la ley, el hecho de que algunas cl\u00e1usulas de este tipo de contratos se negocien, no da lugar a que se desconozcan las protecciones que ac\u00e1 hemos mencionado.<\/p>","protected":false},"excerpt":{"rendered":"<p>Por David Toro Ochoa (08\/07\/2022) Los contratos bilaterales o sinalagm\u00e1ticos implican una negociaci\u00f3n de las partes para definir sus&#8230;<\/p>","protected":false},"author":1,"featured_media":862,"comment_status":"open","ping_status":"open","sticky":false,"template":"","format":"standard","meta":{"_kad_post_transparent":"","_kad_post_title":"","_kad_post_layout":"","_kad_post_sidebar_id":"","_kad_post_content_style":"","_kad_post_vertical_padding":"","_kad_post_feature":"","_kad_post_feature_position":"","_kad_post_header":false,"_kad_post_footer":false,"footnotes":""},"categories":[15],"tags":[51],"class_list":["post-3455","post","type-post","status-publish","format-standard","has-post-thumbnail","hentry","category-diario-la-republica","tag-asuntos-legales"],"yoast_head":"<!-- This site is optimized with the Yoast SEO plugin v27.4 - https:\/\/yoast.com\/product\/yoast-seo-wordpress\/ -->\n<title>Los contratos de adhesi\u00f3n y la protecci\u00f3n al consumidor - Archila Abogados<\/title>\n<meta name=\"robots\" content=\"index, follow, max-snippet:-1, max-image-preview:large, max-video-preview:-1\" \/>\n<link rel=\"canonical\" href=\"https:\/\/archilaabogados.com\/en\/2022\/07\/09\/los-contratos-de-adhesion-y-la-proteccion-al-consumidor\/\" \/>\n<meta property=\"og:locale\" content=\"en_US\" \/>\n<meta property=\"og:type\" content=\"article\" \/>\n<meta property=\"og:title\" content=\"Los contratos de adhesi\u00f3n y la protecci\u00f3n al consumidor - Archila Abogados\" \/>\n<meta property=\"og:description\" content=\"Por David Toro Ochoa (08\/07\/2022) Los contratos bilaterales o sinalagm\u00e1ticos implican una negociaci\u00f3n de las partes para definir sus...\" \/>\n<meta property=\"og:url\" content=\"https:\/\/archilaabogados.com\/en\/2022\/07\/09\/los-contratos-de-adhesion-y-la-proteccion-al-consumidor\/\" \/>\n<meta property=\"og:site_name\" content=\"Archila Abogados\" \/>\n<meta property=\"article:published_time\" content=\"2022-07-09T12:32:03+00:00\" \/>\n<meta property=\"article:modified_time\" content=\"2022-07-14T00:17:14+00:00\" \/>\n<meta property=\"og:image\" content=\"http:\/\/archilaabogados.com\/wp-content\/uploads\/2019\/07\/david_black_white.jpg\" \/>\n\t<meta property=\"og:image:width\" content=\"240\" \/>\n\t<meta property=\"og:image:height\" content=\"290\" \/>\n\t<meta property=\"og:image:type\" content=\"image\/jpeg\" \/>\n<meta name=\"author\" content=\"ArhilAdmin\" \/>\n<meta name=\"twitter:card\" content=\"summary_large_image\" \/>\n<meta name=\"twitter:label1\" content=\"Written by\" \/>\n\t<meta name=\"twitter:data1\" content=\"ArhilAdmin\" \/>\n\t<meta name=\"twitter:label2\" content=\"Est. reading time\" \/>\n\t<meta name=\"twitter:data2\" content=\"3 minutes\" \/>\n<script type=\"application\/ld+json\" class=\"yoast-schema-graph\">{\"@context\":\"https:\\\/\\\/schema.org\",\"@graph\":[{\"@type\":\"Article\",\"@id\":\"https:\\\/\\\/archilaabogados.com\\\/2022\\\/07\\\/09\\\/los-contratos-de-adhesion-y-la-proteccion-al-consumidor\\\/#article\",\"isPartOf\":{\"@id\":\"https:\\\/\\\/archilaabogados.com\\\/2022\\\/07\\\/09\\\/los-contratos-de-adhesion-y-la-proteccion-al-consumidor\\\/\"},\"author\":{\"name\":\"ArhilAdmin\",\"@id\":\"https:\\\/\\\/archilaabogados.com\\\/#\\\/schema\\\/person\\\/2ebc59f80cf35317c2a9f16341ee7883\"},\"headline\":\"Los contratos de adhesi\u00f3n y la protecci\u00f3n al consumidor\",\"datePublished\":\"2022-07-09T12:32:03+00:00\",\"dateModified\":\"2022-07-14T00:17:14+00:00\",\"mainEntityOfPage\":{\"@id\":\"https:\\\/\\\/archilaabogados.com\\\/2022\\\/07\\\/09\\\/los-contratos-de-adhesion-y-la-proteccion-al-consumidor\\\/\"},\"wordCount\":644,\"commentCount\":0,\"image\":{\"@id\":\"https:\\\/\\\/archilaabogados.com\\\/2022\\\/07\\\/09\\\/los-contratos-de-adhesion-y-la-proteccion-al-consumidor\\\/#primaryimage\"},\"thumbnailUrl\":\"https:\\\/\\\/archilaabogados.com\\\/wp-content\\\/uploads\\\/2019\\\/07\\\/david_black_white.jpg\",\"keywords\":[\"Asuntos Legales\"],\"articleSection\":[\"Diario La Rep\u00fablica\"],\"inLanguage\":\"en-US\",\"potentialAction\":[{\"@type\":\"CommentAction\",\"name\":\"Comment\",\"target\":[\"https:\\\/\\\/archilaabogados.com\\\/2022\\\/07\\\/09\\\/los-contratos-de-adhesion-y-la-proteccion-al-consumidor\\\/#respond\"]}]},{\"@type\":\"WebPage\",\"@id\":\"https:\\\/\\\/archilaabogados.com\\\/2022\\\/07\\\/09\\\/los-contratos-de-adhesion-y-la-proteccion-al-consumidor\\\/\",\"url\":\"https:\\\/\\\/archilaabogados.com\\\/2022\\\/07\\\/09\\\/los-contratos-de-adhesion-y-la-proteccion-al-consumidor\\\/\",\"name\":\"Los contratos de adhesi\u00f3n y la protecci\u00f3n al consumidor - Archila Abogados\",\"isPartOf\":{\"@id\":\"https:\\\/\\\/archilaabogados.com\\\/#website\"},\"primaryImageOfPage\":{\"@id\":\"https:\\\/\\\/archilaabogados.com\\\/2022\\\/07\\\/09\\\/los-contratos-de-adhesion-y-la-proteccion-al-consumidor\\\/#primaryimage\"},\"image\":{\"@id\":\"https:\\\/\\\/archilaabogados.com\\\/2022\\\/07\\\/09\\\/los-contratos-de-adhesion-y-la-proteccion-al-consumidor\\\/#primaryimage\"},\"thumbnailUrl\":\"https:\\\/\\\/archilaabogados.com\\\/wp-content\\\/uploads\\\/2019\\\/07\\\/david_black_white.jpg\",\"datePublished\":\"2022-07-09T12:32:03+00:00\",\"dateModified\":\"2022-07-14T00:17:14+00:00\",\"author\":{\"@id\":\"https:\\\/\\\/archilaabogados.com\\\/#\\\/schema\\\/person\\\/2ebc59f80cf35317c2a9f16341ee7883\"},\"breadcrumb\":{\"@id\":\"https:\\\/\\\/archilaabogados.com\\\/2022\\\/07\\\/09\\\/los-contratos-de-adhesion-y-la-proteccion-al-consumidor\\\/#breadcrumb\"},\"inLanguage\":\"en-US\",\"potentialAction\":[{\"@type\":\"ReadAction\",\"target\":[\"https:\\\/\\\/archilaabogados.com\\\/2022\\\/07\\\/09\\\/los-contratos-de-adhesion-y-la-proteccion-al-consumidor\\\/\"]}]},{\"@type\":\"ImageObject\",\"inLanguage\":\"en-US\",\"@id\":\"https:\\\/\\\/archilaabogados.com\\\/2022\\\/07\\\/09\\\/los-contratos-de-adhesion-y-la-proteccion-al-consumidor\\\/#primaryimage\",\"url\":\"https:\\\/\\\/archilaabogados.com\\\/wp-content\\\/uploads\\\/2019\\\/07\\\/david_black_white.jpg\",\"contentUrl\":\"https:\\\/\\\/archilaabogados.com\\\/wp-content\\\/uploads\\\/2019\\\/07\\\/david_black_white.jpg\",\"width\":240,\"height\":290},{\"@type\":\"BreadcrumbList\",\"@id\":\"https:\\\/\\\/archilaabogados.com\\\/2022\\\/07\\\/09\\\/los-contratos-de-adhesion-y-la-proteccion-al-consumidor\\\/#breadcrumb\",\"itemListElement\":[{\"@type\":\"ListItem\",\"position\":1,\"name\":\"Home\",\"item\":\"https:\\\/\\\/archilaabogados.com\\\/\"},{\"@type\":\"ListItem\",\"position\":2,\"name\":\"Los contratos de adhesi\u00f3n y la protecci\u00f3n al consumidor\"}]},{\"@type\":\"WebSite\",\"@id\":\"https:\\\/\\\/archilaabogados.com\\\/#website\",\"url\":\"https:\\\/\\\/archilaabogados.com\\\/\",\"name\":\"Archila Abogados\",\"description\":\"Servicios legales\",\"potentialAction\":[{\"@type\":\"SearchAction\",\"target\":{\"@type\":\"EntryPoint\",\"urlTemplate\":\"https:\\\/\\\/archilaabogados.com\\\/?s={search_term_string}\"},\"query-input\":{\"@type\":\"PropertyValueSpecification\",\"valueRequired\":true,\"valueName\":\"search_term_string\"}}],\"inLanguage\":\"en-US\"},{\"@type\":\"Person\",\"@id\":\"https:\\\/\\\/archilaabogados.com\\\/#\\\/schema\\\/person\\\/2ebc59f80cf35317c2a9f16341ee7883\",\"name\":\"ArhilAdmin\",\"image\":{\"@type\":\"ImageObject\",\"inLanguage\":\"en-US\",\"@id\":\"https:\\\/\\\/secure.gravatar.com\\\/avatar\\\/9dcaf3f4e6ece3ae0c14ad443b5883bafd050ab345f218cf32465ef4c68ec5f4?s=96&d=mm&r=g\",\"url\":\"https:\\\/\\\/secure.gravatar.com\\\/avatar\\\/9dcaf3f4e6ece3ae0c14ad443b5883bafd050ab345f218cf32465ef4c68ec5f4?s=96&d=mm&r=g\",\"contentUrl\":\"https:\\\/\\\/secure.gravatar.com\\\/avatar\\\/9dcaf3f4e6ece3ae0c14ad443b5883bafd050ab345f218cf32465ef4c68ec5f4?s=96&d=mm&r=g\",\"caption\":\"ArhilAdmin\"},\"sameAs\":[\"https:\\\/\\\/archilaabogados.com\"],\"url\":\"https:\\\/\\\/archilaabogados.com\\\/en\\\/author\\\/arhiladmin\\\/\"}]}<\/script>\n<!-- \/ Yoast SEO plugin. -->","yoast_head_json":{"title":"Los contratos de adhesi\u00f3n y la protecci\u00f3n al consumidor - Archila Abogados","robots":{"index":"index","follow":"follow","max-snippet":"max-snippet:-1","max-image-preview":"max-image-preview:large","max-video-preview":"max-video-preview:-1"},"canonical":"https:\/\/archilaabogados.com\/en\/2022\/07\/09\/los-contratos-de-adhesion-y-la-proteccion-al-consumidor\/","og_locale":"en_US","og_type":"article","og_title":"Los contratos de adhesi\u00f3n y la protecci\u00f3n al consumidor - Archila Abogados","og_description":"Por David Toro Ochoa (08\/07\/2022) Los contratos bilaterales o sinalagm\u00e1ticos implican una negociaci\u00f3n de las partes para definir sus...","og_url":"https:\/\/archilaabogados.com\/en\/2022\/07\/09\/los-contratos-de-adhesion-y-la-proteccion-al-consumidor\/","og_site_name":"Archila Abogados","article_published_time":"2022-07-09T12:32:03+00:00","article_modified_time":"2022-07-14T00:17:14+00:00","og_image":[{"width":240,"height":290,"url":"http:\/\/archilaabogados.com\/wp-content\/uploads\/2019\/07\/david_black_white.jpg","type":"image\/jpeg"}],"author":"ArhilAdmin","twitter_card":"summary_large_image","twitter_misc":{"Written by":"ArhilAdmin","Est. reading time":"3 minutes"},"schema":{"@context":"https:\/\/schema.org","@graph":[{"@type":"Article","@id":"https:\/\/archilaabogados.com\/2022\/07\/09\/los-contratos-de-adhesion-y-la-proteccion-al-consumidor\/#article","isPartOf":{"@id":"https:\/\/archilaabogados.com\/2022\/07\/09\/los-contratos-de-adhesion-y-la-proteccion-al-consumidor\/"},"author":{"name":"ArhilAdmin","@id":"https:\/\/archilaabogados.com\/#\/schema\/person\/2ebc59f80cf35317c2a9f16341ee7883"},"headline":"Los contratos de adhesi\u00f3n y la protecci\u00f3n al consumidor","datePublished":"2022-07-09T12:32:03+00:00","dateModified":"2022-07-14T00:17:14+00:00","mainEntityOfPage":{"@id":"https:\/\/archilaabogados.com\/2022\/07\/09\/los-contratos-de-adhesion-y-la-proteccion-al-consumidor\/"},"wordCount":644,"commentCount":0,"image":{"@id":"https:\/\/archilaabogados.com\/2022\/07\/09\/los-contratos-de-adhesion-y-la-proteccion-al-consumidor\/#primaryimage"},"thumbnailUrl":"https:\/\/archilaabogados.com\/wp-content\/uploads\/2019\/07\/david_black_white.jpg","keywords":["Asuntos Legales"],"articleSection":["Diario La Rep\u00fablica"],"inLanguage":"en-US","potentialAction":[{"@type":"CommentAction","name":"Comment","target":["https:\/\/archilaabogados.com\/2022\/07\/09\/los-contratos-de-adhesion-y-la-proteccion-al-consumidor\/#respond"]}]},{"@type":"WebPage","@id":"https:\/\/archilaabogados.com\/2022\/07\/09\/los-contratos-de-adhesion-y-la-proteccion-al-consumidor\/","url":"https:\/\/archilaabogados.com\/2022\/07\/09\/los-contratos-de-adhesion-y-la-proteccion-al-consumidor\/","name":"Los contratos de adhesi\u00f3n y la protecci\u00f3n al consumidor - Archila Abogados","isPartOf":{"@id":"https:\/\/archilaabogados.com\/#website"},"primaryImageOfPage":{"@id":"https:\/\/archilaabogados.com\/2022\/07\/09\/los-contratos-de-adhesion-y-la-proteccion-al-consumidor\/#primaryimage"},"image":{"@id":"https:\/\/archilaabogados.com\/2022\/07\/09\/los-contratos-de-adhesion-y-la-proteccion-al-consumidor\/#primaryimage"},"thumbnailUrl":"https:\/\/archilaabogados.com\/wp-content\/uploads\/2019\/07\/david_black_white.jpg","datePublished":"2022-07-09T12:32:03+00:00","dateModified":"2022-07-14T00:17:14+00:00","author":{"@id":"https:\/\/archilaabogados.com\/#\/schema\/person\/2ebc59f80cf35317c2a9f16341ee7883"},"breadcrumb":{"@id":"https:\/\/archilaabogados.com\/2022\/07\/09\/los-contratos-de-adhesion-y-la-proteccion-al-consumidor\/#breadcrumb"},"inLanguage":"en-US","potentialAction":[{"@type":"ReadAction","target":["https:\/\/archilaabogados.com\/2022\/07\/09\/los-contratos-de-adhesion-y-la-proteccion-al-consumidor\/"]}]},{"@type":"ImageObject","inLanguage":"en-US","@id":"https:\/\/archilaabogados.com\/2022\/07\/09\/los-contratos-de-adhesion-y-la-proteccion-al-consumidor\/#primaryimage","url":"https:\/\/archilaabogados.com\/wp-content\/uploads\/2019\/07\/david_black_white.jpg","contentUrl":"https:\/\/archilaabogados.com\/wp-content\/uploads\/2019\/07\/david_black_white.jpg","width":240,"height":290},{"@type":"BreadcrumbList","@id":"https:\/\/archilaabogados.com\/2022\/07\/09\/los-contratos-de-adhesion-y-la-proteccion-al-consumidor\/#breadcrumb","itemListElement":[{"@type":"ListItem","position":1,"name":"Home","item":"https:\/\/archilaabogados.com\/"},{"@type":"ListItem","position":2,"name":"Los contratos de adhesi\u00f3n y la protecci\u00f3n al consumidor"}]},{"@type":"WebSite","@id":"https:\/\/archilaabogados.com\/#website","url":"https:\/\/archilaabogados.com\/","name":"Archila Abogados","description":"Servicios legales","potentialAction":[{"@type":"SearchAction","target":{"@type":"EntryPoint","urlTemplate":"https:\/\/archilaabogados.com\/?s={search_term_string}"},"query-input":{"@type":"PropertyValueSpecification","valueRequired":true,"valueName":"search_term_string"}}],"inLanguage":"en-US"},{"@type":"Person","@id":"https:\/\/archilaabogados.com\/#\/schema\/person\/2ebc59f80cf35317c2a9f16341ee7883","name":"ArhilAdmin","image":{"@type":"ImageObject","inLanguage":"en-US","@id":"https:\/\/secure.gravatar.com\/avatar\/9dcaf3f4e6ece3ae0c14ad443b5883bafd050ab345f218cf32465ef4c68ec5f4?s=96&d=mm&r=g","url":"https:\/\/secure.gravatar.com\/avatar\/9dcaf3f4e6ece3ae0c14ad443b5883bafd050ab345f218cf32465ef4c68ec5f4?s=96&d=mm&r=g","contentUrl":"https:\/\/secure.gravatar.com\/avatar\/9dcaf3f4e6ece3ae0c14ad443b5883bafd050ab345f218cf32465ef4c68ec5f4?s=96&d=mm&r=g","caption":"ArhilAdmin"},"sameAs":["https:\/\/archilaabogados.com"],"url":"https:\/\/archilaabogados.com\/en\/author\/arhiladmin\/"}]}},"_links":{"self":[{"href":"https:\/\/archilaabogados.com\/en\/wp-json\/wp\/v2\/posts\/3455","targetHints":{"allow":["GET"]}}],"collection":[{"href":"https:\/\/archilaabogados.com\/en\/wp-json\/wp\/v2\/posts"}],"about":[{"href":"https:\/\/archilaabogados.com\/en\/wp-json\/wp\/v2\/types\/post"}],"author":[{"embeddable":true,"href":"https:\/\/archilaabogados.com\/en\/wp-json\/wp\/v2\/users\/1"}],"replies":[{"embeddable":true,"href":"https:\/\/archilaabogados.com\/en\/wp-json\/wp\/v2\/comments?post=3455"}],"version-history":[{"count":1,"href":"https:\/\/archilaabogados.com\/en\/wp-json\/wp\/v2\/posts\/3455\/revisions"}],"predecessor-version":[{"id":3459,"href":"https:\/\/archilaabogados.com\/en\/wp-json\/wp\/v2\/posts\/3455\/revisions\/3459"}],"wp:featuredmedia":[{"embeddable":true,"href":"https:\/\/archilaabogados.com\/en\/wp-json\/wp\/v2\/media\/862"}],"wp:attachment":[{"href":"https:\/\/archilaabogados.com\/en\/wp-json\/wp\/v2\/media?parent=3455"}],"wp:term":[{"taxonomy":"category","embeddable":true,"href":"https:\/\/archilaabogados.com\/en\/wp-json\/wp\/v2\/categories?post=3455"},{"taxonomy":"post_tag","embeddable":true,"href":"https:\/\/archilaabogados.com\/en\/wp-json\/wp\/v2\/tags?post=3455"}],"curies":[{"name":"wp","href":"https:\/\/api.w.org\/{rel}","templated":true}]}}