{"id":3456,"date":"2022-07-09T12:30:08","date_gmt":"2022-07-09T12:30:08","guid":{"rendered":"https:\/\/archilaabogados.com\/?p=3274"},"modified":"2022-07-14T00:17:15","modified_gmt":"2022-07-14T00:17:15","slug":"los-retos-regulatorios-de-la-transicion-energetica","status":"publish","type":"post","link":"https:\/\/archilaabogados.com\/en\/2022\/07\/09\/los-retos-regulatorios-de-la-transicion-energetica\/","title":{"rendered":"Los retos regulatorios de la transici\u00f3n energ\u00e9tica"},"content":{"rendered":"<p><strong>Por Dionisio de la Cruz Camargo (17\/06\/2022).<\/strong><\/p>\n<p>La transici\u00f3n energ\u00e9tica supone un gran desaf\u00edo para la regulaci\u00f3n. Cuando se plantea la necesidad de una regulaci\u00f3n es porque ya existe un fen\u00f3meno que por su importancia merece la intervenci\u00f3n del Estado.<\/p>\n<p>En este caso, la necesidad de transitar hacia energ\u00edas m\u00e1s limpias, pero adem\u00e1s renovables y de alguna forma inagotables, ha hecho florecer el desarrollo de tecnolog\u00edas capaces de transformar en energ\u00eda fuentes naturales sostenibles. Sin embargo, estamos en el punto en que esas iniciativas requieren de los est\u00edmulos legales necesarios que den confianza al mercado para que tengamos fuentes alternativas de producci\u00f3n de energ\u00eda, que en alg\u00fan momento remplace la producida por fuentes f\u00f3siles.<\/p>\n<p>La Ley 2099 de 2021 parece ir en esa direcci\u00f3n, aunque en su implementaci\u00f3n est\u00e1 la clave del \u00e9xito.<\/p>\n<p>En efecto, dicha ley propende por la promoci\u00f3n, desarrollo y utilizaci\u00f3n de las que llama \u201cfuentes no convencionales de energ\u00eda\u201d, las cuales deben converger para hacer parte del sistema energ\u00e9tico nacional, es decir, la energ\u00eda que se produzca por estas fuentes deber\u00edan alimentar o tributar el sistema energ\u00e9tico ya existente, que transporta y distribuye la energ\u00eda hasta nuestros hogares y empresas.<\/p>\n<p>Para esto, se declar\u00f3 de utilidad p\u00fablica y de inter\u00e9s social las actividades relacionadas con el desarrollo de estos proyectos de producci\u00f3n de energ\u00eda y se establecieron est\u00edmulos tributarios. As\u00ed mismo, el Gobierno Nacional ha expedido las hojas de ruta para promover la producci\u00f3n de energ\u00eda e\u00f3lica costa afuera y la captura del hidr\u00f3geno, am\u00e9n de granjas de energ\u00eda solar y de producci\u00f3n e\u00f3lica en tierra, que comienzan a desplegarse.<\/p>\n<p>Si las proyecciones se cumplen, en el mediano plazo deber\u00edamos tener un pa\u00eds con una variedad de fuentes de energ\u00eda que nos haga cada vez menos dependientes de las energ\u00edas f\u00f3siles y, en el largo plazo, para el a\u00f1o 2050 quiz\u00e1s, con los avances tecnol\u00f3gicos, en un pa\u00eds que dependa casi en su totalidad de fuentes no convencionales.<\/p>\n<p>Por lo menos tenemos las condiciones naturales adecuadas para ello. Mucho sol en La Guajira y gran parte del territorio nacional, con los vientos alisios al norte costa afuera desde Punta Gallinas hasta el frente de Cartagena; definitivamente el creador nos bendijo.<\/p>\n<p>Esto plantea la necesidad de establecer reglas claras que permitan a quienes pretendan producir energ\u00eda con estas nuevas tecnolog\u00edas, competir en costos con quienes ya producen energ\u00eda y hacen parte del sistema.<\/p>\n<p>En ese proceso se encuentran las comisiones de regulaci\u00f3n y los ministerios correspondientes. Normalmente, cuando surgen tecnolog\u00edas que abren nuevos mercados, es dif\u00edcil desmarcarse de lo establecido, pero la irrupci\u00f3n de estas nuevas formas de producci\u00f3n de energ\u00eda deber\u00eda originar la necesidad de pensar en dise\u00f1ar un nuevo orden en donde puedan converger todas estas fuentes y dejar la segmentaci\u00f3n actual que hace que las normas solo detecten una parte de los problemas y no piensen en soluciones integrales, que nos permitan asomar a un futuro energ\u00e9tico sostenible.<\/p>\n<p><strong>Art\u00edculo en el portal Asuntos Legales, <a href=\"https:\/\/www.asuntoslegales.com.co\/analisis\/dionisio-de-la-cruz-camargo-2765738\/los-retos-regulatorios-de-la-transicion-energetica-3385665\" target=\"_blank\" rel=\"noopener\">clic ac\u00e1.<\/a><\/strong><\/p>","protected":false},"excerpt":{"rendered":"<p>Por Dionisio de la Cruz Camargo (17\/06\/2022). La transici\u00f3n energ\u00e9tica supone un gran desaf\u00edo para la regulaci\u00f3n. Cuando se&#8230;<\/p>","protected":false},"author":1,"featured_media":868,"comment_status":"open","ping_status":"open","sticky":false,"template":"","format":"standard","meta":{"_kad_post_transparent":"","_kad_post_title":"","_kad_post_layout":"","_kad_post_sidebar_id":"","_kad_post_content_style":"","_kad_post_vertical_padding":"","_kad_post_feature":"","_kad_post_feature_position":"","_kad_post_header":false,"_kad_post_footer":false,"footnotes":""},"categories":[15],"tags":[51],"class_list":["post-3456","post","type-post","status-publish","format-standard","has-post-thumbnail","hentry","category-diario-la-republica","tag-asuntos-legales"],"yoast_head":"<!-- This site is optimized with the Yoast SEO plugin v27.4 - https:\/\/yoast.com\/product\/yoast-seo-wordpress\/ -->\n<title>Los retos regulatorios de la transici\u00f3n energ\u00e9tica - Archila Abogados<\/title>\n<meta name=\"robots\" content=\"index, follow, max-snippet:-1, max-image-preview:large, max-video-preview:-1\" \/>\n<link rel=\"canonical\" href=\"https:\/\/archilaabogados.com\/en\/2022\/07\/09\/los-retos-regulatorios-de-la-transicion-energetica\/\" \/>\n<meta property=\"og:locale\" content=\"en_US\" \/>\n<meta property=\"og:type\" content=\"article\" \/>\n<meta property=\"og:title\" content=\"Los retos regulatorios de la transici\u00f3n energ\u00e9tica - Archila Abogados\" \/>\n<meta property=\"og:description\" content=\"Por Dionisio de la Cruz Camargo (17\/06\/2022). La transici\u00f3n energ\u00e9tica supone un gran desaf\u00edo para la regulaci\u00f3n. Cuando se...\" \/>\n<meta property=\"og:url\" content=\"https:\/\/archilaabogados.com\/en\/2022\/07\/09\/los-retos-regulatorios-de-la-transicion-energetica\/\" \/>\n<meta property=\"og:site_name\" content=\"Archila Abogados\" \/>\n<meta property=\"article:published_time\" content=\"2022-07-09T12:30:08+00:00\" \/>\n<meta property=\"article:modified_time\" content=\"2022-07-14T00:17:15+00:00\" \/>\n<meta property=\"og:image\" content=\"http:\/\/archilaabogados.com\/wp-content\/uploads\/2020\/04\/dionisio_240.jpg\" \/>\n\t<meta property=\"og:image:width\" content=\"240\" \/>\n\t<meta property=\"og:image:height\" content=\"304\" \/>\n\t<meta property=\"og:image:type\" content=\"image\/jpeg\" \/>\n<meta name=\"author\" content=\"ArhilAdmin\" \/>\n<meta name=\"twitter:card\" content=\"summary_large_image\" \/>\n<meta name=\"twitter:label1\" content=\"Written by\" \/>\n\t<meta name=\"twitter:data1\" content=\"ArhilAdmin\" \/>\n\t<meta name=\"twitter:label2\" content=\"Est. reading time\" \/>\n\t<meta name=\"twitter:data2\" content=\"3 minutes\" \/>\n<script type=\"application\/ld+json\" class=\"yoast-schema-graph\">{\"@context\":\"https:\\\/\\\/schema.org\",\"@graph\":[{\"@type\":\"Article\",\"@id\":\"https:\\\/\\\/archilaabogados.com\\\/2022\\\/07\\\/09\\\/los-retos-regulatorios-de-la-transicion-energetica\\\/#article\",\"isPartOf\":{\"@id\":\"https:\\\/\\\/archilaabogados.com\\\/2022\\\/07\\\/09\\\/los-retos-regulatorios-de-la-transicion-energetica\\\/\"},\"author\":{\"name\":\"ArhilAdmin\",\"@id\":\"https:\\\/\\\/archilaabogados.com\\\/#\\\/schema\\\/person\\\/2ebc59f80cf35317c2a9f16341ee7883\"},\"headline\":\"Los retos regulatorios de la transici\u00f3n energ\u00e9tica\",\"datePublished\":\"2022-07-09T12:30:08+00:00\",\"dateModified\":\"2022-07-14T00:17:15+00:00\",\"mainEntityOfPage\":{\"@id\":\"https:\\\/\\\/archilaabogados.com\\\/2022\\\/07\\\/09\\\/los-retos-regulatorios-de-la-transicion-energetica\\\/\"},\"wordCount\":560,\"commentCount\":0,\"image\":{\"@id\":\"https:\\\/\\\/archilaabogados.com\\\/2022\\\/07\\\/09\\\/los-retos-regulatorios-de-la-transicion-energetica\\\/#primaryimage\"},\"thumbnailUrl\":\"https:\\\/\\\/archilaabogados.com\\\/wp-content\\\/uploads\\\/2020\\\/04\\\/dionisio_240.jpg\",\"keywords\":[\"Asuntos Legales\"],\"articleSection\":[\"Diario La Rep\u00fablica\"],\"inLanguage\":\"en-US\",\"potentialAction\":[{\"@type\":\"CommentAction\",\"name\":\"Comment\",\"target\":[\"https:\\\/\\\/archilaabogados.com\\\/2022\\\/07\\\/09\\\/los-retos-regulatorios-de-la-transicion-energetica\\\/#respond\"]}]},{\"@type\":\"WebPage\",\"@id\":\"https:\\\/\\\/archilaabogados.com\\\/2022\\\/07\\\/09\\\/los-retos-regulatorios-de-la-transicion-energetica\\\/\",\"url\":\"https:\\\/\\\/archilaabogados.com\\\/2022\\\/07\\\/09\\\/los-retos-regulatorios-de-la-transicion-energetica\\\/\",\"name\":\"Los retos regulatorios de la transici\u00f3n energ\u00e9tica - Archila Abogados\",\"isPartOf\":{\"@id\":\"https:\\\/\\\/archilaabogados.com\\\/#website\"},\"primaryImageOfPage\":{\"@id\":\"https:\\\/\\\/archilaabogados.com\\\/2022\\\/07\\\/09\\\/los-retos-regulatorios-de-la-transicion-energetica\\\/#primaryimage\"},\"image\":{\"@id\":\"https:\\\/\\\/archilaabogados.com\\\/2022\\\/07\\\/09\\\/los-retos-regulatorios-de-la-transicion-energetica\\\/#primaryimage\"},\"thumbnailUrl\":\"https:\\\/\\\/archilaabogados.com\\\/wp-content\\\/uploads\\\/2020\\\/04\\\/dionisio_240.jpg\",\"datePublished\":\"2022-07-09T12:30:08+00:00\",\"dateModified\":\"2022-07-14T00:17:15+00:00\",\"author\":{\"@id\":\"https:\\\/\\\/archilaabogados.com\\\/#\\\/schema\\\/person\\\/2ebc59f80cf35317c2a9f16341ee7883\"},\"breadcrumb\":{\"@id\":\"https:\\\/\\\/archilaabogados.com\\\/2022\\\/07\\\/09\\\/los-retos-regulatorios-de-la-transicion-energetica\\\/#breadcrumb\"},\"inLanguage\":\"en-US\",\"potentialAction\":[{\"@type\":\"ReadAction\",\"target\":[\"https:\\\/\\\/archilaabogados.com\\\/2022\\\/07\\\/09\\\/los-retos-regulatorios-de-la-transicion-energetica\\\/\"]}]},{\"@type\":\"ImageObject\",\"inLanguage\":\"en-US\",\"@id\":\"https:\\\/\\\/archilaabogados.com\\\/2022\\\/07\\\/09\\\/los-retos-regulatorios-de-la-transicion-energetica\\\/#primaryimage\",\"url\":\"https:\\\/\\\/archilaabogados.com\\\/wp-content\\\/uploads\\\/2020\\\/04\\\/dionisio_240.jpg\",\"contentUrl\":\"https:\\\/\\\/archilaabogados.com\\\/wp-content\\\/uploads\\\/2020\\\/04\\\/dionisio_240.jpg\",\"width\":240,\"height\":304},{\"@type\":\"BreadcrumbList\",\"@id\":\"https:\\\/\\\/archilaabogados.com\\\/2022\\\/07\\\/09\\\/los-retos-regulatorios-de-la-transicion-energetica\\\/#breadcrumb\",\"itemListElement\":[{\"@type\":\"ListItem\",\"position\":1,\"name\":\"Home\",\"item\":\"https:\\\/\\\/archilaabogados.com\\\/\"},{\"@type\":\"ListItem\",\"position\":2,\"name\":\"Los retos regulatorios de la transici\u00f3n energ\u00e9tica\"}]},{\"@type\":\"WebSite\",\"@id\":\"https:\\\/\\\/archilaabogados.com\\\/#website\",\"url\":\"https:\\\/\\\/archilaabogados.com\\\/\",\"name\":\"Archila Abogados\",\"description\":\"Servicios legales\",\"potentialAction\":[{\"@type\":\"SearchAction\",\"target\":{\"@type\":\"EntryPoint\",\"urlTemplate\":\"https:\\\/\\\/archilaabogados.com\\\/?s={search_term_string}\"},\"query-input\":{\"@type\":\"PropertyValueSpecification\",\"valueRequired\":true,\"valueName\":\"search_term_string\"}}],\"inLanguage\":\"en-US\"},{\"@type\":\"Person\",\"@id\":\"https:\\\/\\\/archilaabogados.com\\\/#\\\/schema\\\/person\\\/2ebc59f80cf35317c2a9f16341ee7883\",\"name\":\"ArhilAdmin\",\"image\":{\"@type\":\"ImageObject\",\"inLanguage\":\"en-US\",\"@id\":\"https:\\\/\\\/secure.gravatar.com\\\/avatar\\\/9dcaf3f4e6ece3ae0c14ad443b5883bafd050ab345f218cf32465ef4c68ec5f4?s=96&d=mm&r=g\",\"url\":\"https:\\\/\\\/secure.gravatar.com\\\/avatar\\\/9dcaf3f4e6ece3ae0c14ad443b5883bafd050ab345f218cf32465ef4c68ec5f4?s=96&d=mm&r=g\",\"contentUrl\":\"https:\\\/\\\/secure.gravatar.com\\\/avatar\\\/9dcaf3f4e6ece3ae0c14ad443b5883bafd050ab345f218cf32465ef4c68ec5f4?s=96&d=mm&r=g\",\"caption\":\"ArhilAdmin\"},\"sameAs\":[\"https:\\\/\\\/archilaabogados.com\"],\"url\":\"https:\\\/\\\/archilaabogados.com\\\/en\\\/author\\\/arhiladmin\\\/\"}]}<\/script>\n<!-- \/ Yoast SEO plugin. -->","yoast_head_json":{"title":"Los retos regulatorios de la transici\u00f3n energ\u00e9tica - Archila Abogados","robots":{"index":"index","follow":"follow","max-snippet":"max-snippet:-1","max-image-preview":"max-image-preview:large","max-video-preview":"max-video-preview:-1"},"canonical":"https:\/\/archilaabogados.com\/en\/2022\/07\/09\/los-retos-regulatorios-de-la-transicion-energetica\/","og_locale":"en_US","og_type":"article","og_title":"Los retos regulatorios de la transici\u00f3n energ\u00e9tica - Archila Abogados","og_description":"Por Dionisio de la Cruz Camargo (17\/06\/2022). La transici\u00f3n energ\u00e9tica supone un gran desaf\u00edo para la regulaci\u00f3n. Cuando se...","og_url":"https:\/\/archilaabogados.com\/en\/2022\/07\/09\/los-retos-regulatorios-de-la-transicion-energetica\/","og_site_name":"Archila Abogados","article_published_time":"2022-07-09T12:30:08+00:00","article_modified_time":"2022-07-14T00:17:15+00:00","og_image":[{"width":240,"height":304,"url":"http:\/\/archilaabogados.com\/wp-content\/uploads\/2020\/04\/dionisio_240.jpg","type":"image\/jpeg"}],"author":"ArhilAdmin","twitter_card":"summary_large_image","twitter_misc":{"Written by":"ArhilAdmin","Est. reading time":"3 minutes"},"schema":{"@context":"https:\/\/schema.org","@graph":[{"@type":"Article","@id":"https:\/\/archilaabogados.com\/2022\/07\/09\/los-retos-regulatorios-de-la-transicion-energetica\/#article","isPartOf":{"@id":"https:\/\/archilaabogados.com\/2022\/07\/09\/los-retos-regulatorios-de-la-transicion-energetica\/"},"author":{"name":"ArhilAdmin","@id":"https:\/\/archilaabogados.com\/#\/schema\/person\/2ebc59f80cf35317c2a9f16341ee7883"},"headline":"Los retos regulatorios de la transici\u00f3n energ\u00e9tica","datePublished":"2022-07-09T12:30:08+00:00","dateModified":"2022-07-14T00:17:15+00:00","mainEntityOfPage":{"@id":"https:\/\/archilaabogados.com\/2022\/07\/09\/los-retos-regulatorios-de-la-transicion-energetica\/"},"wordCount":560,"commentCount":0,"image":{"@id":"https:\/\/archilaabogados.com\/2022\/07\/09\/los-retos-regulatorios-de-la-transicion-energetica\/#primaryimage"},"thumbnailUrl":"https:\/\/archilaabogados.com\/wp-content\/uploads\/2020\/04\/dionisio_240.jpg","keywords":["Asuntos Legales"],"articleSection":["Diario La Rep\u00fablica"],"inLanguage":"en-US","potentialAction":[{"@type":"CommentAction","name":"Comment","target":["https:\/\/archilaabogados.com\/2022\/07\/09\/los-retos-regulatorios-de-la-transicion-energetica\/#respond"]}]},{"@type":"WebPage","@id":"https:\/\/archilaabogados.com\/2022\/07\/09\/los-retos-regulatorios-de-la-transicion-energetica\/","url":"https:\/\/archilaabogados.com\/2022\/07\/09\/los-retos-regulatorios-de-la-transicion-energetica\/","name":"Los retos regulatorios de la transici\u00f3n energ\u00e9tica - Archila Abogados","isPartOf":{"@id":"https:\/\/archilaabogados.com\/#website"},"primaryImageOfPage":{"@id":"https:\/\/archilaabogados.com\/2022\/07\/09\/los-retos-regulatorios-de-la-transicion-energetica\/#primaryimage"},"image":{"@id":"https:\/\/archilaabogados.com\/2022\/07\/09\/los-retos-regulatorios-de-la-transicion-energetica\/#primaryimage"},"thumbnailUrl":"https:\/\/archilaabogados.com\/wp-content\/uploads\/2020\/04\/dionisio_240.jpg","datePublished":"2022-07-09T12:30:08+00:00","dateModified":"2022-07-14T00:17:15+00:00","author":{"@id":"https:\/\/archilaabogados.com\/#\/schema\/person\/2ebc59f80cf35317c2a9f16341ee7883"},"breadcrumb":{"@id":"https:\/\/archilaabogados.com\/2022\/07\/09\/los-retos-regulatorios-de-la-transicion-energetica\/#breadcrumb"},"inLanguage":"en-US","potentialAction":[{"@type":"ReadAction","target":["https:\/\/archilaabogados.com\/2022\/07\/09\/los-retos-regulatorios-de-la-transicion-energetica\/"]}]},{"@type":"ImageObject","inLanguage":"en-US","@id":"https:\/\/archilaabogados.com\/2022\/07\/09\/los-retos-regulatorios-de-la-transicion-energetica\/#primaryimage","url":"https:\/\/archilaabogados.com\/wp-content\/uploads\/2020\/04\/dionisio_240.jpg","contentUrl":"https:\/\/archilaabogados.com\/wp-content\/uploads\/2020\/04\/dionisio_240.jpg","width":240,"height":304},{"@type":"BreadcrumbList","@id":"https:\/\/archilaabogados.com\/2022\/07\/09\/los-retos-regulatorios-de-la-transicion-energetica\/#breadcrumb","itemListElement":[{"@type":"ListItem","position":1,"name":"Home","item":"https:\/\/archilaabogados.com\/"},{"@type":"ListItem","position":2,"name":"Los retos regulatorios de la transici\u00f3n energ\u00e9tica"}]},{"@type":"WebSite","@id":"https:\/\/archilaabogados.com\/#website","url":"https:\/\/archilaabogados.com\/","name":"Archila Abogados","description":"Servicios legales","potentialAction":[{"@type":"SearchAction","target":{"@type":"EntryPoint","urlTemplate":"https:\/\/archilaabogados.com\/?s={search_term_string}"},"query-input":{"@type":"PropertyValueSpecification","valueRequired":true,"valueName":"search_term_string"}}],"inLanguage":"en-US"},{"@type":"Person","@id":"https:\/\/archilaabogados.com\/#\/schema\/person\/2ebc59f80cf35317c2a9f16341ee7883","name":"ArhilAdmin","image":{"@type":"ImageObject","inLanguage":"en-US","@id":"https:\/\/secure.gravatar.com\/avatar\/9dcaf3f4e6ece3ae0c14ad443b5883bafd050ab345f218cf32465ef4c68ec5f4?s=96&d=mm&r=g","url":"https:\/\/secure.gravatar.com\/avatar\/9dcaf3f4e6ece3ae0c14ad443b5883bafd050ab345f218cf32465ef4c68ec5f4?s=96&d=mm&r=g","contentUrl":"https:\/\/secure.gravatar.com\/avatar\/9dcaf3f4e6ece3ae0c14ad443b5883bafd050ab345f218cf32465ef4c68ec5f4?s=96&d=mm&r=g","caption":"ArhilAdmin"},"sameAs":["https:\/\/archilaabogados.com"],"url":"https:\/\/archilaabogados.com\/en\/author\/arhiladmin\/"}]}},"_links":{"self":[{"href":"https:\/\/archilaabogados.com\/en\/wp-json\/wp\/v2\/posts\/3456","targetHints":{"allow":["GET"]}}],"collection":[{"href":"https:\/\/archilaabogados.com\/en\/wp-json\/wp\/v2\/posts"}],"about":[{"href":"https:\/\/archilaabogados.com\/en\/wp-json\/wp\/v2\/types\/post"}],"author":[{"embeddable":true,"href":"https:\/\/archilaabogados.com\/en\/wp-json\/wp\/v2\/users\/1"}],"replies":[{"embeddable":true,"href":"https:\/\/archilaabogados.com\/en\/wp-json\/wp\/v2\/comments?post=3456"}],"version-history":[{"count":1,"href":"https:\/\/archilaabogados.com\/en\/wp-json\/wp\/v2\/posts\/3456\/revisions"}],"predecessor-version":[{"id":3460,"href":"https:\/\/archilaabogados.com\/en\/wp-json\/wp\/v2\/posts\/3456\/revisions\/3460"}],"wp:featuredmedia":[{"embeddable":true,"href":"https:\/\/archilaabogados.com\/en\/wp-json\/wp\/v2\/media\/868"}],"wp:attachment":[{"href":"https:\/\/archilaabogados.com\/en\/wp-json\/wp\/v2\/media?parent=3456"}],"wp:term":[{"taxonomy":"category","embeddable":true,"href":"https:\/\/archilaabogados.com\/en\/wp-json\/wp\/v2\/categories?post=3456"},{"taxonomy":"post_tag","embeddable":true,"href":"https:\/\/archilaabogados.com\/en\/wp-json\/wp\/v2\/tags?post=3456"}],"curies":[{"name":"wp","href":"https:\/\/api.w.org\/{rel}","templated":true}]}}