{"id":3983,"date":"2023-06-15T16:08:00","date_gmt":"2023-06-15T16:08:00","guid":{"rendered":"https:\/\/archilaabogados.com\/?p=3983"},"modified":"2023-10-01T16:12:28","modified_gmt":"2023-10-01T16:12:28","slug":"guerra-de-precios-que-va","status":"publish","type":"post","link":"https:\/\/archilaabogados.com\/en\/2023\/06\/15\/guerra-de-precios-que-va\/","title":{"rendered":"\u00bfGuerra de precios? \u00a1Qu\u00e9 va!"},"content":{"rendered":"<div data-elementor-type=\"wp-post\" data-elementor-id=\"3983\" class=\"elementor elementor-3983\" data-elementor-post-type=\"post\">\n\t\t\t\t\t\t<section class=\"elementor-section elementor-top-section elementor-element elementor-element-2bc7ccb elementor-section-boxed elementor-section-height-default elementor-section-height-default\" data-id=\"2bc7ccb\" data-element_type=\"section\" data-e-type=\"section\">\n\t\t\t\t\t\t<div class=\"elementor-container elementor-column-gap-default\">\n\t\t\t\t\t<div class=\"elementor-column elementor-col-100 elementor-top-column elementor-element elementor-element-f952110\" data-id=\"f952110\" data-element_type=\"column\" data-e-type=\"column\">\n\t\t\t<div class=\"elementor-widget-wrap elementor-element-populated\">\n\t\t\t\t\t\t<div class=\"elementor-element elementor-element-56cccb6 elementor-widget elementor-widget-text-editor\" data-id=\"56cccb6\" data-element_type=\"widget\" data-e-type=\"widget\" data-widget_type=\"text-editor.default\">\n\t\t\t\t<div class=\"elementor-widget-container\">\n\t\t\t\t\t\t\t\t\t<p><strong>Por Jessica Solano Pineda.<\/strong><br \/><strong>Directora \u00c1rea Procesal y Litigios Archila Abogados.<\/strong><\/p><p>Hace m\u00e1s de dos semanas que se acab\u00f3 \u201cSuccession\u201d y si bien es cierto que aqu\u00ed no tenemos un Jeryd Mencken de casi presidente como en la serie, el s\u00ed presidente nuestro da mucho de qu\u00e9 hablar.<\/p><p>Para la v\u00edspera de celebraci\u00f3n del d\u00eda de las madres de este a\u00f1o, tiendas Ara anunci\u00f3 que bajar\u00eda los precios de m\u00e1s de 200 productos, entre el 10% y el 45% de descuento, ya que quer\u00edan ayudar con la inflaci\u00f3n. Justamente esta preocupaci\u00f3n surgi\u00f3 *m\u00e1gicamente* despu\u00e9s de reuniones con el presidente Petro. Inmediatamente se sumaron a dicha iniciativa grandes superficies como almacenes Ol\u00edmpica, Makro y \u00c9xito entre otros, surgiendo as\u00ed una guerra de qui\u00e9n bajaba m\u00e1s los precios; lo cual fue aplaudido por el presidente en su cuenta de Twitter.<\/p><p>Pero m\u00e1s all\u00e1 de tales \u201cobras desinteresadas\u201d realizadas y elogiadas, uno como consumidor y como persona empedernida que desayuna huevo todos los d\u00edas (s\u00ed, es con ustedes capitalinos) deber\u00eda entrar a preguntarse: \u00bfc\u00f3mo es eso posible? \u00bfc\u00f3mo es que se pueden dar descuentos a tal margen sin afectar las finanzas de la empresa, y de manera correlativa, qu\u00e9 incidencias podr\u00eda tener frente a nosotros, los consumidores, so pena de mantener dichas condiciones de menor precio?<\/p><p>Lo cierto es que, esos descuentos brindados de alg\u00fan lado salen o por alg\u00fan lado se cobran: riesgo en la disminuci\u00f3n de la calidad de productos, disponibilidad de aquellos que hoy se ofertan por otros que afecten la disponibilidad de la canasta familiar, baja en los precios de los proveedores, y uno que resuena y es, el reemplazo de las ganancias dejadas de percibir por otras cosas ofrecidas por el gobierno (y esto \u00faltimo se pone de presente porque sali\u00f3 el Vicepresidente de Ol\u00edmpica hablando de \u201cnegociaciones eficientes\u201d; y pues bueno, es viable pensar que esas negociaciones bien podr\u00edan ser con el actual gobierno).<\/p><p>Eso del cambio o la disminuci\u00f3n en la calidad de los productos ofrecidos, tiene el ejemplo claro en la noticia de este mes de febrero cuando se cerr\u00f3 un restaurante en Cartago- Valle por sacrificar perros dentro del mismo establecimiento. M\u00e1s platos de cocina asi\u00e1tica con magn\u00edficos y exequibles precios: a cambio de carne de res, carne de perro\u2026<\/p><p>Dicho esto, lo que aqu\u00ed se plantea no es entrar a revisar los temas financieros de estos almacenes, \u2014que por mencionar de pasadita, con esos descuentos pareciera que el margen de utilidad era lo suficientemente alto para poder disminuir los precios sin afectar finanzas internas\u2014, sino que se prevea que si se van a ofertar esas rebajas, exista una especie de veedur\u00eda que garantice que al consumidor en vez de mejorarle no le est\u00e1n disminuyendo la calidad de los productos que adquiere.<\/p><p>Es su momento de brillar \u201cConfederaci\u00f3n Colombiana de Consumidores\u201d y \u201cLiga de Consumidores\u201d (gui\u00f1o especial para la SIC). Tambi\u00e9n que el mismo consumidor haga un an\u00e1lisis de qu\u00e9 est\u00e1 adquiriendo y en d\u00f3nde lo hace, ya que habr\u00e1 sitios que por competir en el mercado har\u00e1n uso de cualquier recurso. La idea no es terminar igual de enga\u00f1ados y decepcionados como Kendall Roy en el \u00faltimo episodio.<\/p><p>Adenda: En este pa\u00eds lleno de realismo m\u00e1gico, que aparezcan con vida 4 ni\u00f1os, despu\u00e9s de 40 d\u00edas en la selva colombiana del Guaviare desaparecidos, ser\u00e1 siempre un motivo de celebraci\u00f3n. Ahora solo nos falta que aparezcas t\u00fa, Wilson.<\/p><p><strong>Art\u00edculo en el portal Asuntos Legales, <a href=\"https:\/\/www.asuntoslegales.com.co\/analisis\/jessica-solano-pineda-3294017\/guerra-de-precios-que-va-3637151\" target=\"_blank\" rel=\"noopener\">clic ac\u00e1<\/a><\/strong><\/p>\t\t\t\t\t\t\t\t<\/div>\n\t\t\t\t<\/div>\n\t\t\t\t\t<\/div>\n\t\t<\/div>\n\t\t\t\t\t<\/div>\n\t\t<\/section>\n\t\t\t\t<\/div>","protected":false},"excerpt":{"rendered":"<p>Por Jessica Solano Pineda. Directora \u00c1rea Procesal y Litigios Archila Abogados. Hace m\u00e1s de dos semanas que se acab\u00f3&#8230;<\/p>","protected":false},"author":1,"featured_media":0,"comment_status":"closed","ping_status":"closed","sticky":false,"template":"","format":"standard","meta":{"_kad_post_transparent":"","_kad_post_title":"","_kad_post_layout":"","_kad_post_sidebar_id":"","_kad_post_content_style":"","_kad_post_vertical_padding":"","_kad_post_feature":"","_kad_post_feature_position":"","_kad_post_header":false,"_kad_post_footer":false,"footnotes":""},"categories":[55],"tags":[51],"class_list":["post-3983","post","type-post","status-publish","format-standard","hentry","category-asuntos-legales","tag-asuntos-legales"],"yoast_head":"<!-- This site is optimized with the Yoast SEO plugin v27.4 - https:\/\/yoast.com\/product\/yoast-seo-wordpress\/ -->\n<title>\u00bfGuerra de precios? \u00a1Qu\u00e9 va! - Archila Abogados<\/title>\n<meta name=\"robots\" content=\"index, follow, max-snippet:-1, max-image-preview:large, max-video-preview:-1\" \/>\n<link rel=\"canonical\" href=\"https:\/\/archilaabogados.com\/en\/2023\/06\/15\/guerra-de-precios-que-va\/\" \/>\n<meta property=\"og:locale\" content=\"en_US\" \/>\n<meta property=\"og:type\" content=\"article\" \/>\n<meta property=\"og:title\" content=\"\u00bfGuerra de precios? \u00a1Qu\u00e9 va! - Archila Abogados\" \/>\n<meta property=\"og:description\" content=\"Por Jessica Solano Pineda. Directora \u00c1rea Procesal y Litigios Archila Abogados. Hace m\u00e1s de dos semanas que se acab\u00f3...\" \/>\n<meta property=\"og:url\" content=\"https:\/\/archilaabogados.com\/en\/2023\/06\/15\/guerra-de-precios-que-va\/\" \/>\n<meta property=\"og:site_name\" content=\"Archila Abogados\" \/>\n<meta property=\"article:published_time\" content=\"2023-06-15T16:08:00+00:00\" \/>\n<meta property=\"article:modified_time\" content=\"2023-10-01T16:12:28+00:00\" \/>\n<meta name=\"author\" content=\"ArhilAdmin\" \/>\n<meta name=\"twitter:card\" content=\"summary_large_image\" \/>\n<meta name=\"twitter:label1\" content=\"Written by\" \/>\n\t<meta name=\"twitter:data1\" content=\"ArhilAdmin\" \/>\n\t<meta name=\"twitter:label2\" content=\"Est. reading time\" \/>\n\t<meta name=\"twitter:data2\" content=\"3 minutes\" \/>\n<script type=\"application\/ld+json\" class=\"yoast-schema-graph\">{\"@context\":\"https:\\\/\\\/schema.org\",\"@graph\":[{\"@type\":\"Article\",\"@id\":\"https:\\\/\\\/archilaabogados.com\\\/2023\\\/06\\\/15\\\/guerra-de-precios-que-va\\\/#article\",\"isPartOf\":{\"@id\":\"https:\\\/\\\/archilaabogados.com\\\/2023\\\/06\\\/15\\\/guerra-de-precios-que-va\\\/\"},\"author\":{\"name\":\"ArhilAdmin\",\"@id\":\"https:\\\/\\\/archilaabogados.com\\\/#\\\/schema\\\/person\\\/2ebc59f80cf35317c2a9f16341ee7883\"},\"headline\":\"\u00bfGuerra de precios? \u00a1Qu\u00e9 va!\",\"datePublished\":\"2023-06-15T16:08:00+00:00\",\"dateModified\":\"2023-10-01T16:12:28+00:00\",\"mainEntityOfPage\":{\"@id\":\"https:\\\/\\\/archilaabogados.com\\\/2023\\\/06\\\/15\\\/guerra-de-precios-que-va\\\/\"},\"wordCount\":618,\"keywords\":[\"Asuntos Legales\"],\"articleSection\":[\"Asuntos Legales\"],\"inLanguage\":\"en-US\"},{\"@type\":\"WebPage\",\"@id\":\"https:\\\/\\\/archilaabogados.com\\\/2023\\\/06\\\/15\\\/guerra-de-precios-que-va\\\/\",\"url\":\"https:\\\/\\\/archilaabogados.com\\\/2023\\\/06\\\/15\\\/guerra-de-precios-que-va\\\/\",\"name\":\"\u00bfGuerra de precios? \u00a1Qu\u00e9 va! - Archila Abogados\",\"isPartOf\":{\"@id\":\"https:\\\/\\\/archilaabogados.com\\\/#website\"},\"datePublished\":\"2023-06-15T16:08:00+00:00\",\"dateModified\":\"2023-10-01T16:12:28+00:00\",\"author\":{\"@id\":\"https:\\\/\\\/archilaabogados.com\\\/#\\\/schema\\\/person\\\/2ebc59f80cf35317c2a9f16341ee7883\"},\"breadcrumb\":{\"@id\":\"https:\\\/\\\/archilaabogados.com\\\/2023\\\/06\\\/15\\\/guerra-de-precios-que-va\\\/#breadcrumb\"},\"inLanguage\":\"en-US\",\"potentialAction\":[{\"@type\":\"ReadAction\",\"target\":[\"https:\\\/\\\/archilaabogados.com\\\/2023\\\/06\\\/15\\\/guerra-de-precios-que-va\\\/\"]}]},{\"@type\":\"BreadcrumbList\",\"@id\":\"https:\\\/\\\/archilaabogados.com\\\/2023\\\/06\\\/15\\\/guerra-de-precios-que-va\\\/#breadcrumb\",\"itemListElement\":[{\"@type\":\"ListItem\",\"position\":1,\"name\":\"Home\",\"item\":\"https:\\\/\\\/archilaabogados.com\\\/\"},{\"@type\":\"ListItem\",\"position\":2,\"name\":\"\u00bfGuerra de precios? \u00a1Qu\u00e9 va!\"}]},{\"@type\":\"WebSite\",\"@id\":\"https:\\\/\\\/archilaabogados.com\\\/#website\",\"url\":\"https:\\\/\\\/archilaabogados.com\\\/\",\"name\":\"Archila Abogados\",\"description\":\"Servicios legales\",\"potentialAction\":[{\"@type\":\"SearchAction\",\"target\":{\"@type\":\"EntryPoint\",\"urlTemplate\":\"https:\\\/\\\/archilaabogados.com\\\/?s={search_term_string}\"},\"query-input\":{\"@type\":\"PropertyValueSpecification\",\"valueRequired\":true,\"valueName\":\"search_term_string\"}}],\"inLanguage\":\"en-US\"},{\"@type\":\"Person\",\"@id\":\"https:\\\/\\\/archilaabogados.com\\\/#\\\/schema\\\/person\\\/2ebc59f80cf35317c2a9f16341ee7883\",\"name\":\"ArhilAdmin\",\"image\":{\"@type\":\"ImageObject\",\"inLanguage\":\"en-US\",\"@id\":\"https:\\\/\\\/secure.gravatar.com\\\/avatar\\\/9dcaf3f4e6ece3ae0c14ad443b5883bafd050ab345f218cf32465ef4c68ec5f4?s=96&d=mm&r=g\",\"url\":\"https:\\\/\\\/secure.gravatar.com\\\/avatar\\\/9dcaf3f4e6ece3ae0c14ad443b5883bafd050ab345f218cf32465ef4c68ec5f4?s=96&d=mm&r=g\",\"contentUrl\":\"https:\\\/\\\/secure.gravatar.com\\\/avatar\\\/9dcaf3f4e6ece3ae0c14ad443b5883bafd050ab345f218cf32465ef4c68ec5f4?s=96&d=mm&r=g\",\"caption\":\"ArhilAdmin\"},\"sameAs\":[\"https:\\\/\\\/archilaabogados.com\"],\"url\":\"https:\\\/\\\/archilaabogados.com\\\/en\\\/author\\\/arhiladmin\\\/\"}]}<\/script>\n<!-- \/ Yoast SEO plugin. -->","yoast_head_json":{"title":"\u00bfGuerra de precios? \u00a1Qu\u00e9 va! - Archila Abogados","robots":{"index":"index","follow":"follow","max-snippet":"max-snippet:-1","max-image-preview":"max-image-preview:large","max-video-preview":"max-video-preview:-1"},"canonical":"https:\/\/archilaabogados.com\/en\/2023\/06\/15\/guerra-de-precios-que-va\/","og_locale":"en_US","og_type":"article","og_title":"\u00bfGuerra de precios? \u00a1Qu\u00e9 va! - Archila Abogados","og_description":"Por Jessica Solano Pineda. Directora \u00c1rea Procesal y Litigios Archila Abogados. Hace m\u00e1s de dos semanas que se acab\u00f3...","og_url":"https:\/\/archilaabogados.com\/en\/2023\/06\/15\/guerra-de-precios-que-va\/","og_site_name":"Archila Abogados","article_published_time":"2023-06-15T16:08:00+00:00","article_modified_time":"2023-10-01T16:12:28+00:00","author":"ArhilAdmin","twitter_card":"summary_large_image","twitter_misc":{"Written by":"ArhilAdmin","Est. reading time":"3 minutes"},"schema":{"@context":"https:\/\/schema.org","@graph":[{"@type":"Article","@id":"https:\/\/archilaabogados.com\/2023\/06\/15\/guerra-de-precios-que-va\/#article","isPartOf":{"@id":"https:\/\/archilaabogados.com\/2023\/06\/15\/guerra-de-precios-que-va\/"},"author":{"name":"ArhilAdmin","@id":"https:\/\/archilaabogados.com\/#\/schema\/person\/2ebc59f80cf35317c2a9f16341ee7883"},"headline":"\u00bfGuerra de precios? \u00a1Qu\u00e9 va!","datePublished":"2023-06-15T16:08:00+00:00","dateModified":"2023-10-01T16:12:28+00:00","mainEntityOfPage":{"@id":"https:\/\/archilaabogados.com\/2023\/06\/15\/guerra-de-precios-que-va\/"},"wordCount":618,"keywords":["Asuntos Legales"],"articleSection":["Asuntos Legales"],"inLanguage":"en-US"},{"@type":"WebPage","@id":"https:\/\/archilaabogados.com\/2023\/06\/15\/guerra-de-precios-que-va\/","url":"https:\/\/archilaabogados.com\/2023\/06\/15\/guerra-de-precios-que-va\/","name":"\u00bfGuerra de precios? \u00a1Qu\u00e9 va! - Archila Abogados","isPartOf":{"@id":"https:\/\/archilaabogados.com\/#website"},"datePublished":"2023-06-15T16:08:00+00:00","dateModified":"2023-10-01T16:12:28+00:00","author":{"@id":"https:\/\/archilaabogados.com\/#\/schema\/person\/2ebc59f80cf35317c2a9f16341ee7883"},"breadcrumb":{"@id":"https:\/\/archilaabogados.com\/2023\/06\/15\/guerra-de-precios-que-va\/#breadcrumb"},"inLanguage":"en-US","potentialAction":[{"@type":"ReadAction","target":["https:\/\/archilaabogados.com\/2023\/06\/15\/guerra-de-precios-que-va\/"]}]},{"@type":"BreadcrumbList","@id":"https:\/\/archilaabogados.com\/2023\/06\/15\/guerra-de-precios-que-va\/#breadcrumb","itemListElement":[{"@type":"ListItem","position":1,"name":"Home","item":"https:\/\/archilaabogados.com\/"},{"@type":"ListItem","position":2,"name":"\u00bfGuerra de precios? \u00a1Qu\u00e9 va!"}]},{"@type":"WebSite","@id":"https:\/\/archilaabogados.com\/#website","url":"https:\/\/archilaabogados.com\/","name":"Archila Abogados","description":"Servicios legales","potentialAction":[{"@type":"SearchAction","target":{"@type":"EntryPoint","urlTemplate":"https:\/\/archilaabogados.com\/?s={search_term_string}"},"query-input":{"@type":"PropertyValueSpecification","valueRequired":true,"valueName":"search_term_string"}}],"inLanguage":"en-US"},{"@type":"Person","@id":"https:\/\/archilaabogados.com\/#\/schema\/person\/2ebc59f80cf35317c2a9f16341ee7883","name":"ArhilAdmin","image":{"@type":"ImageObject","inLanguage":"en-US","@id":"https:\/\/secure.gravatar.com\/avatar\/9dcaf3f4e6ece3ae0c14ad443b5883bafd050ab345f218cf32465ef4c68ec5f4?s=96&d=mm&r=g","url":"https:\/\/secure.gravatar.com\/avatar\/9dcaf3f4e6ece3ae0c14ad443b5883bafd050ab345f218cf32465ef4c68ec5f4?s=96&d=mm&r=g","contentUrl":"https:\/\/secure.gravatar.com\/avatar\/9dcaf3f4e6ece3ae0c14ad443b5883bafd050ab345f218cf32465ef4c68ec5f4?s=96&d=mm&r=g","caption":"ArhilAdmin"},"sameAs":["https:\/\/archilaabogados.com"],"url":"https:\/\/archilaabogados.com\/en\/author\/arhiladmin\/"}]}},"_links":{"self":[{"href":"https:\/\/archilaabogados.com\/en\/wp-json\/wp\/v2\/posts\/3983","targetHints":{"allow":["GET"]}}],"collection":[{"href":"https:\/\/archilaabogados.com\/en\/wp-json\/wp\/v2\/posts"}],"about":[{"href":"https:\/\/archilaabogados.com\/en\/wp-json\/wp\/v2\/types\/post"}],"author":[{"embeddable":true,"href":"https:\/\/archilaabogados.com\/en\/wp-json\/wp\/v2\/users\/1"}],"replies":[{"embeddable":true,"href":"https:\/\/archilaabogados.com\/en\/wp-json\/wp\/v2\/comments?post=3983"}],"version-history":[{"count":5,"href":"https:\/\/archilaabogados.com\/en\/wp-json\/wp\/v2\/posts\/3983\/revisions"}],"predecessor-version":[{"id":3991,"href":"https:\/\/archilaabogados.com\/en\/wp-json\/wp\/v2\/posts\/3983\/revisions\/3991"}],"wp:attachment":[{"href":"https:\/\/archilaabogados.com\/en\/wp-json\/wp\/v2\/media?parent=3983"}],"wp:term":[{"taxonomy":"category","embeddable":true,"href":"https:\/\/archilaabogados.com\/en\/wp-json\/wp\/v2\/categories?post=3983"},{"taxonomy":"post_tag","embeddable":true,"href":"https:\/\/archilaabogados.com\/en\/wp-json\/wp\/v2\/tags?post=3983"}],"curies":[{"name":"wp","href":"https:\/\/api.w.org\/{rel}","templated":true}]}}