{"id":4013,"date":"2023-09-01T16:30:00","date_gmt":"2023-09-01T16:30:00","guid":{"rendered":"https:\/\/archilaabogados.com\/?p=4013"},"modified":"2023-10-01T16:33:41","modified_gmt":"2023-10-01T16:33:41","slug":"la-accion-de-proteccion-al-consumidor-cuando-el-bien-fue-abandonado","status":"publish","type":"post","link":"https:\/\/archilaabogados.com\/en\/2023\/09\/01\/la-accion-de-proteccion-al-consumidor-cuando-el-bien-fue-abandonado\/","title":{"rendered":"La acci\u00f3n de protecci\u00f3n al consumidor cuando el bien fue abandonado"},"content":{"rendered":"<div data-elementor-type=\"wp-post\" data-elementor-id=\"4013\" class=\"elementor elementor-4013\" data-elementor-post-type=\"post\">\n\t\t\t\t\t\t<section class=\"elementor-section elementor-top-section elementor-element elementor-element-0e807b5 elementor-section-boxed elementor-section-height-default elementor-section-height-default\" data-id=\"0e807b5\" data-element_type=\"section\" data-e-type=\"section\">\n\t\t\t\t\t\t<div class=\"elementor-container elementor-column-gap-default\">\n\t\t\t\t\t<div class=\"elementor-column elementor-col-100 elementor-top-column elementor-element elementor-element-fd1106a\" data-id=\"fd1106a\" data-element_type=\"column\" data-e-type=\"column\">\n\t\t\t<div class=\"elementor-widget-wrap elementor-element-populated\">\n\t\t\t\t\t\t<div class=\"elementor-element elementor-element-87cb995 elementor-widget elementor-widget-text-editor\" data-id=\"87cb995\" data-element_type=\"widget\" data-e-type=\"widget\" data-widget_type=\"text-editor.default\">\n\t\t\t\t<div class=\"elementor-widget-container\">\n\t\t\t\t\t\t\t\t\t<p><strong>Por Jessica Solano Pineda.<\/strong><br \/><strong>Directora \u00c1rea Procesal y Litigios Archila Abogados.<\/strong><\/p><p>Si hay una figura amada por mi generaci\u00f3n y por las que le anteceden es la del gran f\u00edsico Albert Einstein. Es normal que la gente tenga afiches de \u00e9l y tambi\u00e9n que la explotaci\u00f3n de la imagen le haga competencia a la de las cejas de Frida Kahlo. De ah\u00ed que National Geographic le sacara provecho a ese amor y produjera la serie de televisi\u00f3n \u201cGenius\u201d, la cual cuenta en su 1ra temporada una gran parte de su vida y c\u00f3mo creen ellos que fue el proceso cognitivo de \u00e9l. De forma cero pretensiosa se destaca la cualidad m\u00e1s notable del f\u00edsico: su constante cuestionamiento de todo. La temporada termina con una frase del protagonista diciendo \u201cNo tengo un talento especial, todo lo que hago es hacerme preguntas. Cualquiera podr\u00eda hacerlo\u201d.<\/p><p>Pues bien, l\u00f3gicamente guardando las proporciones entre la teor\u00eda de la relatividad y el Derecho, esta columna ser\u00e1 sobre unas preguntas que me han venido rayando la cabeza desde hace un tiempo.<\/p><p>Ub\u00edquense primero en el tema de \u201cprestaci\u00f3n de servicios que suponen la entrega de un bien\u201d regulado anteriormente por el decreto 3466 de 1982 y ahora por la ley 1480 de 2011 (estatuto del consumidor) y segundo, en la figura de la caducidad de la acci\u00f3n de protecci\u00f3n al consumidor \u2014el uso indiscriminado entre esa figura y la prescripci\u00f3n amerita otra discusi\u00f3n m\u00e1s larga\u2014. Dicho esto, det\u00e9nganse en el art\u00edculo 8 de la ley de 2011 en el cual se se\u00f1ala que \u201cla prestaci\u00f3n de servicios que suponen la entrega del bien para la reparaci\u00f3n del mismo [\u2026] tiene garant\u00eda de tres (3) meses, contados a partir de la entrega del bien\u201d; entonces \u00bfqu\u00e9 pasa si al consumidor le informan que ya puede recoger el bien y no lo hace?, en otras palabras, \u00bfqu\u00e9 pasa si el consumidor es \u201creticente\u201d a la entrega del mismo?<\/p><p>En el par\u00e1grafo del art\u00edculo 18 de la misma ley se resuelve esa duda, y se indica (ojo aqu\u00ed) que \u201c(\u2026) [s]i el consumidor no lo retira se entender\u00e1 por ley que abandona el bien y el prestador del servicio deber\u00e1 disponer del mismo conforme con la reglamentaci\u00f3n que expida el Gobierno Nacional para el efecto\u201d. Esa reglamentaci\u00f3n fue el decreto 1413 de 2018, que en su considerando se\u00f1al\u00f3 \u201c[q]ue la expresi\u00f3n \u00abse entender\u00e1 por ley que lo abandona\u201d (\u2026) introduce un abandono con efecto ope legis, lo que hace inevitable que tales bienes abandonados (res derelictae) entrar\u00edan en la clasificaci\u00f3n de los bienes mostrencos\u201d.<\/p><p>Entonces, si el bien abandonado adquiere la calidad de bien mostrenco, esto es, bien mueble sin due\u00f1o, surgen estas dudas:<\/p><p>1. \u00bfEl dominio entonces del bien ya no se encuentra en cabeza del consumidor que lo abandon\u00f3 sino en titularidad del Estado, cierto?<\/p><p>2. \u00bfC\u00f3mo se contabiliza el t\u00e9rmino de 1 a\u00f1o del numeral 3 del art\u00edculo 58 de la L. 1480\/2011 sobre el t\u00e9rmino para interponer la acci\u00f3n sobre efectividad de garant\u00eda, que empieza a correr desde la expiraci\u00f3n de la misma, si la garant\u00eda de 3 meses nunca empez\u00f3 a correr porque el bien no se recogi\u00f3?<\/p><p>3. Si el bien es mostrenco, \u00bfel consumidor ya no tendr\u00eda legitimaci\u00f3n en la causa para interponer la acci\u00f3n de protecci\u00f3n al consumidor?<\/p><p>4. \u00bfEn una acci\u00f3n de protecci\u00f3n al consumidor en la cual se discute la garant\u00eda de prestaci\u00f3n de servicios se tiene claro que se puede declarar la caducidad si el consumidor fue reticente? \u00bfDe no tenerse claro se condenar\u00eda al demandado a una indeterminaci\u00f3n sobre esta figura?<\/p><p>Dicho lo anterior, mi finalidad no es darles las respuestas a las que he ido llegando, sino por el contrario, rayarles a ustedes tambi\u00e9n, si quieren, la cabeza con esas preguntas.<\/p><p><strong>Art\u00edculo en el portal Asuntos Legales, <a href=\"https:\/\/www.asuntoslegales.com.co\/analisis\/jessica-solano-pineda-3294017\/la-accion-de-proteccion-al-consumidor-cuando-el-bien-fue-abandonado-3693349\" target=\"_blank\" rel=\"noopener\">clic ac\u00e1.<\/a><\/strong><\/p>\t\t\t\t\t\t\t\t<\/div>\n\t\t\t\t<\/div>\n\t\t\t\t\t<\/div>\n\t\t<\/div>\n\t\t\t\t\t<\/div>\n\t\t<\/section>\n\t\t\t\t<\/div>","protected":false},"excerpt":{"rendered":"<p>Por Jessica Solano Pineda.Directora \u00c1rea Procesal y Litigios Archila Abogados. Si hay una figura amada por mi generaci\u00f3n y&#8230;<\/p>","protected":false},"author":1,"featured_media":0,"comment_status":"closed","ping_status":"closed","sticky":false,"template":"","format":"standard","meta":{"_kad_post_transparent":"","_kad_post_title":"","_kad_post_layout":"","_kad_post_sidebar_id":"","_kad_post_content_style":"","_kad_post_vertical_padding":"","_kad_post_feature":"","_kad_post_feature_position":"","_kad_post_header":false,"_kad_post_footer":false,"footnotes":""},"categories":[55],"tags":[51],"class_list":["post-4013","post","type-post","status-publish","format-standard","hentry","category-asuntos-legales","tag-asuntos-legales"],"yoast_head":"<!-- This site is optimized with the Yoast SEO plugin v27.4 - https:\/\/yoast.com\/product\/yoast-seo-wordpress\/ -->\n<title>La acci\u00f3n de protecci\u00f3n al consumidor cuando el bien fue abandonado - Archila Abogados<\/title>\n<meta name=\"robots\" content=\"index, follow, max-snippet:-1, max-image-preview:large, max-video-preview:-1\" \/>\n<link rel=\"canonical\" href=\"https:\/\/archilaabogados.com\/en\/2023\/09\/01\/la-accion-de-proteccion-al-consumidor-cuando-el-bien-fue-abandonado\/\" \/>\n<meta property=\"og:locale\" content=\"en_US\" \/>\n<meta property=\"og:type\" content=\"article\" \/>\n<meta property=\"og:title\" content=\"La acci\u00f3n de protecci\u00f3n al consumidor cuando el bien fue abandonado - Archila Abogados\" \/>\n<meta property=\"og:description\" content=\"Por Jessica Solano Pineda.Directora \u00c1rea Procesal y Litigios Archila Abogados. Si hay una figura amada por mi generaci\u00f3n y...\" \/>\n<meta property=\"og:url\" content=\"https:\/\/archilaabogados.com\/en\/2023\/09\/01\/la-accion-de-proteccion-al-consumidor-cuando-el-bien-fue-abandonado\/\" \/>\n<meta property=\"og:site_name\" content=\"Archila Abogados\" \/>\n<meta property=\"article:published_time\" content=\"2023-09-01T16:30:00+00:00\" \/>\n<meta property=\"article:modified_time\" content=\"2023-10-01T16:33:41+00:00\" \/>\n<meta name=\"author\" content=\"ArhilAdmin\" \/>\n<meta name=\"twitter:card\" content=\"summary_large_image\" \/>\n<meta name=\"twitter:label1\" content=\"Written by\" \/>\n\t<meta name=\"twitter:data1\" content=\"ArhilAdmin\" \/>\n\t<meta name=\"twitter:label2\" content=\"Est. reading time\" \/>\n\t<meta name=\"twitter:data2\" content=\"3 minutes\" \/>\n<script type=\"application\/ld+json\" class=\"yoast-schema-graph\">{\"@context\":\"https:\\\/\\\/schema.org\",\"@graph\":[{\"@type\":\"Article\",\"@id\":\"https:\\\/\\\/archilaabogados.com\\\/2023\\\/09\\\/01\\\/la-accion-de-proteccion-al-consumidor-cuando-el-bien-fue-abandonado\\\/#article\",\"isPartOf\":{\"@id\":\"https:\\\/\\\/archilaabogados.com\\\/2023\\\/09\\\/01\\\/la-accion-de-proteccion-al-consumidor-cuando-el-bien-fue-abandonado\\\/\"},\"author\":{\"name\":\"ArhilAdmin\",\"@id\":\"https:\\\/\\\/archilaabogados.com\\\/#\\\/schema\\\/person\\\/2ebc59f80cf35317c2a9f16341ee7883\"},\"headline\":\"La acci\u00f3n de protecci\u00f3n al consumidor cuando el bien fue abandonado\",\"datePublished\":\"2023-09-01T16:30:00+00:00\",\"dateModified\":\"2023-10-01T16:33:41+00:00\",\"mainEntityOfPage\":{\"@id\":\"https:\\\/\\\/archilaabogados.com\\\/2023\\\/09\\\/01\\\/la-accion-de-proteccion-al-consumidor-cuando-el-bien-fue-abandonado\\\/\"},\"wordCount\":680,\"keywords\":[\"Asuntos Legales\"],\"articleSection\":[\"Asuntos Legales\"],\"inLanguage\":\"en-US\"},{\"@type\":\"WebPage\",\"@id\":\"https:\\\/\\\/archilaabogados.com\\\/2023\\\/09\\\/01\\\/la-accion-de-proteccion-al-consumidor-cuando-el-bien-fue-abandonado\\\/\",\"url\":\"https:\\\/\\\/archilaabogados.com\\\/2023\\\/09\\\/01\\\/la-accion-de-proteccion-al-consumidor-cuando-el-bien-fue-abandonado\\\/\",\"name\":\"La acci\u00f3n de protecci\u00f3n al consumidor cuando el bien fue abandonado - Archila Abogados\",\"isPartOf\":{\"@id\":\"https:\\\/\\\/archilaabogados.com\\\/#website\"},\"datePublished\":\"2023-09-01T16:30:00+00:00\",\"dateModified\":\"2023-10-01T16:33:41+00:00\",\"author\":{\"@id\":\"https:\\\/\\\/archilaabogados.com\\\/#\\\/schema\\\/person\\\/2ebc59f80cf35317c2a9f16341ee7883\"},\"breadcrumb\":{\"@id\":\"https:\\\/\\\/archilaabogados.com\\\/2023\\\/09\\\/01\\\/la-accion-de-proteccion-al-consumidor-cuando-el-bien-fue-abandonado\\\/#breadcrumb\"},\"inLanguage\":\"en-US\",\"potentialAction\":[{\"@type\":\"ReadAction\",\"target\":[\"https:\\\/\\\/archilaabogados.com\\\/2023\\\/09\\\/01\\\/la-accion-de-proteccion-al-consumidor-cuando-el-bien-fue-abandonado\\\/\"]}]},{\"@type\":\"BreadcrumbList\",\"@id\":\"https:\\\/\\\/archilaabogados.com\\\/2023\\\/09\\\/01\\\/la-accion-de-proteccion-al-consumidor-cuando-el-bien-fue-abandonado\\\/#breadcrumb\",\"itemListElement\":[{\"@type\":\"ListItem\",\"position\":1,\"name\":\"Home\",\"item\":\"https:\\\/\\\/archilaabogados.com\\\/\"},{\"@type\":\"ListItem\",\"position\":2,\"name\":\"La acci\u00f3n de protecci\u00f3n al consumidor cuando el bien fue abandonado\"}]},{\"@type\":\"WebSite\",\"@id\":\"https:\\\/\\\/archilaabogados.com\\\/#website\",\"url\":\"https:\\\/\\\/archilaabogados.com\\\/\",\"name\":\"Archila Abogados\",\"description\":\"Servicios legales\",\"potentialAction\":[{\"@type\":\"SearchAction\",\"target\":{\"@type\":\"EntryPoint\",\"urlTemplate\":\"https:\\\/\\\/archilaabogados.com\\\/?s={search_term_string}\"},\"query-input\":{\"@type\":\"PropertyValueSpecification\",\"valueRequired\":true,\"valueName\":\"search_term_string\"}}],\"inLanguage\":\"en-US\"},{\"@type\":\"Person\",\"@id\":\"https:\\\/\\\/archilaabogados.com\\\/#\\\/schema\\\/person\\\/2ebc59f80cf35317c2a9f16341ee7883\",\"name\":\"ArhilAdmin\",\"image\":{\"@type\":\"ImageObject\",\"inLanguage\":\"en-US\",\"@id\":\"https:\\\/\\\/secure.gravatar.com\\\/avatar\\\/9dcaf3f4e6ece3ae0c14ad443b5883bafd050ab345f218cf32465ef4c68ec5f4?s=96&d=mm&r=g\",\"url\":\"https:\\\/\\\/secure.gravatar.com\\\/avatar\\\/9dcaf3f4e6ece3ae0c14ad443b5883bafd050ab345f218cf32465ef4c68ec5f4?s=96&d=mm&r=g\",\"contentUrl\":\"https:\\\/\\\/secure.gravatar.com\\\/avatar\\\/9dcaf3f4e6ece3ae0c14ad443b5883bafd050ab345f218cf32465ef4c68ec5f4?s=96&d=mm&r=g\",\"caption\":\"ArhilAdmin\"},\"sameAs\":[\"https:\\\/\\\/archilaabogados.com\"],\"url\":\"https:\\\/\\\/archilaabogados.com\\\/en\\\/author\\\/arhiladmin\\\/\"}]}<\/script>\n<!-- \/ Yoast SEO plugin. -->","yoast_head_json":{"title":"La acci\u00f3n de protecci\u00f3n al consumidor cuando el bien fue abandonado - Archila Abogados","robots":{"index":"index","follow":"follow","max-snippet":"max-snippet:-1","max-image-preview":"max-image-preview:large","max-video-preview":"max-video-preview:-1"},"canonical":"https:\/\/archilaabogados.com\/en\/2023\/09\/01\/la-accion-de-proteccion-al-consumidor-cuando-el-bien-fue-abandonado\/","og_locale":"en_US","og_type":"article","og_title":"La acci\u00f3n de protecci\u00f3n al consumidor cuando el bien fue abandonado - Archila Abogados","og_description":"Por Jessica Solano Pineda.Directora \u00c1rea Procesal y Litigios Archila Abogados. Si hay una figura amada por mi generaci\u00f3n y...","og_url":"https:\/\/archilaabogados.com\/en\/2023\/09\/01\/la-accion-de-proteccion-al-consumidor-cuando-el-bien-fue-abandonado\/","og_site_name":"Archila Abogados","article_published_time":"2023-09-01T16:30:00+00:00","article_modified_time":"2023-10-01T16:33:41+00:00","author":"ArhilAdmin","twitter_card":"summary_large_image","twitter_misc":{"Written by":"ArhilAdmin","Est. reading time":"3 minutes"},"schema":{"@context":"https:\/\/schema.org","@graph":[{"@type":"Article","@id":"https:\/\/archilaabogados.com\/2023\/09\/01\/la-accion-de-proteccion-al-consumidor-cuando-el-bien-fue-abandonado\/#article","isPartOf":{"@id":"https:\/\/archilaabogados.com\/2023\/09\/01\/la-accion-de-proteccion-al-consumidor-cuando-el-bien-fue-abandonado\/"},"author":{"name":"ArhilAdmin","@id":"https:\/\/archilaabogados.com\/#\/schema\/person\/2ebc59f80cf35317c2a9f16341ee7883"},"headline":"La acci\u00f3n de protecci\u00f3n al consumidor cuando el bien fue abandonado","datePublished":"2023-09-01T16:30:00+00:00","dateModified":"2023-10-01T16:33:41+00:00","mainEntityOfPage":{"@id":"https:\/\/archilaabogados.com\/2023\/09\/01\/la-accion-de-proteccion-al-consumidor-cuando-el-bien-fue-abandonado\/"},"wordCount":680,"keywords":["Asuntos Legales"],"articleSection":["Asuntos Legales"],"inLanguage":"en-US"},{"@type":"WebPage","@id":"https:\/\/archilaabogados.com\/2023\/09\/01\/la-accion-de-proteccion-al-consumidor-cuando-el-bien-fue-abandonado\/","url":"https:\/\/archilaabogados.com\/2023\/09\/01\/la-accion-de-proteccion-al-consumidor-cuando-el-bien-fue-abandonado\/","name":"La acci\u00f3n de protecci\u00f3n al consumidor cuando el bien fue abandonado - Archila Abogados","isPartOf":{"@id":"https:\/\/archilaabogados.com\/#website"},"datePublished":"2023-09-01T16:30:00+00:00","dateModified":"2023-10-01T16:33:41+00:00","author":{"@id":"https:\/\/archilaabogados.com\/#\/schema\/person\/2ebc59f80cf35317c2a9f16341ee7883"},"breadcrumb":{"@id":"https:\/\/archilaabogados.com\/2023\/09\/01\/la-accion-de-proteccion-al-consumidor-cuando-el-bien-fue-abandonado\/#breadcrumb"},"inLanguage":"en-US","potentialAction":[{"@type":"ReadAction","target":["https:\/\/archilaabogados.com\/2023\/09\/01\/la-accion-de-proteccion-al-consumidor-cuando-el-bien-fue-abandonado\/"]}]},{"@type":"BreadcrumbList","@id":"https:\/\/archilaabogados.com\/2023\/09\/01\/la-accion-de-proteccion-al-consumidor-cuando-el-bien-fue-abandonado\/#breadcrumb","itemListElement":[{"@type":"ListItem","position":1,"name":"Home","item":"https:\/\/archilaabogados.com\/"},{"@type":"ListItem","position":2,"name":"La acci\u00f3n de protecci\u00f3n al consumidor cuando el bien fue abandonado"}]},{"@type":"WebSite","@id":"https:\/\/archilaabogados.com\/#website","url":"https:\/\/archilaabogados.com\/","name":"Archila Abogados","description":"Servicios legales","potentialAction":[{"@type":"SearchAction","target":{"@type":"EntryPoint","urlTemplate":"https:\/\/archilaabogados.com\/?s={search_term_string}"},"query-input":{"@type":"PropertyValueSpecification","valueRequired":true,"valueName":"search_term_string"}}],"inLanguage":"en-US"},{"@type":"Person","@id":"https:\/\/archilaabogados.com\/#\/schema\/person\/2ebc59f80cf35317c2a9f16341ee7883","name":"ArhilAdmin","image":{"@type":"ImageObject","inLanguage":"en-US","@id":"https:\/\/secure.gravatar.com\/avatar\/9dcaf3f4e6ece3ae0c14ad443b5883bafd050ab345f218cf32465ef4c68ec5f4?s=96&d=mm&r=g","url":"https:\/\/secure.gravatar.com\/avatar\/9dcaf3f4e6ece3ae0c14ad443b5883bafd050ab345f218cf32465ef4c68ec5f4?s=96&d=mm&r=g","contentUrl":"https:\/\/secure.gravatar.com\/avatar\/9dcaf3f4e6ece3ae0c14ad443b5883bafd050ab345f218cf32465ef4c68ec5f4?s=96&d=mm&r=g","caption":"ArhilAdmin"},"sameAs":["https:\/\/archilaabogados.com"],"url":"https:\/\/archilaabogados.com\/en\/author\/arhiladmin\/"}]}},"_links":{"self":[{"href":"https:\/\/archilaabogados.com\/en\/wp-json\/wp\/v2\/posts\/4013","targetHints":{"allow":["GET"]}}],"collection":[{"href":"https:\/\/archilaabogados.com\/en\/wp-json\/wp\/v2\/posts"}],"about":[{"href":"https:\/\/archilaabogados.com\/en\/wp-json\/wp\/v2\/types\/post"}],"author":[{"embeddable":true,"href":"https:\/\/archilaabogados.com\/en\/wp-json\/wp\/v2\/users\/1"}],"replies":[{"embeddable":true,"href":"https:\/\/archilaabogados.com\/en\/wp-json\/wp\/v2\/comments?post=4013"}],"version-history":[{"count":4,"href":"https:\/\/archilaabogados.com\/en\/wp-json\/wp\/v2\/posts\/4013\/revisions"}],"predecessor-version":[{"id":4017,"href":"https:\/\/archilaabogados.com\/en\/wp-json\/wp\/v2\/posts\/4013\/revisions\/4017"}],"wp:attachment":[{"href":"https:\/\/archilaabogados.com\/en\/wp-json\/wp\/v2\/media?parent=4013"}],"wp:term":[{"taxonomy":"category","embeddable":true,"href":"https:\/\/archilaabogados.com\/en\/wp-json\/wp\/v2\/categories?post=4013"},{"taxonomy":"post_tag","embeddable":true,"href":"https:\/\/archilaabogados.com\/en\/wp-json\/wp\/v2\/tags?post=4013"}],"curies":[{"name":"wp","href":"https:\/\/api.w.org\/{rel}","templated":true}]}}