{"id":4044,"date":"2023-11-02T10:48:00","date_gmt":"2023-11-02T10:48:00","guid":{"rendered":"https:\/\/archilaabogados.com\/?p=4044"},"modified":"2023-11-13T23:03:15","modified_gmt":"2023-11-13T23:03:15","slug":"el-registro-marcario-como-potencial-conducta-de-competencia-desleal","status":"publish","type":"post","link":"https:\/\/archilaabogados.com\/en\/2023\/11\/02\/el-registro-marcario-como-potencial-conducta-de-competencia-desleal\/","title":{"rendered":"El registro marcario como potencial conducta de competencia desleal"},"content":{"rendered":"<div data-elementor-type=\"wp-post\" data-elementor-id=\"4044\" class=\"elementor elementor-4044\" data-elementor-post-type=\"post\">\n\t\t\t\t\t\t<section class=\"elementor-section elementor-top-section elementor-element elementor-element-8e0bcec elementor-section-boxed elementor-section-height-default elementor-section-height-default\" data-id=\"8e0bcec\" data-element_type=\"section\" data-e-type=\"section\">\n\t\t\t\t\t\t<div class=\"elementor-container elementor-column-gap-default\">\n\t\t\t\t\t<div class=\"elementor-column elementor-col-100 elementor-top-column elementor-element elementor-element-7fde1fb\" data-id=\"7fde1fb\" data-element_type=\"column\" data-e-type=\"column\">\n\t\t\t<div class=\"elementor-widget-wrap elementor-element-populated\">\n\t\t\t\t\t\t<div class=\"elementor-element elementor-element-148998b elementor-widget elementor-widget-text-editor\" data-id=\"148998b\" data-element_type=\"widget\" data-e-type=\"widget\" data-widget_type=\"text-editor.default\">\n\t\t\t\t<div class=\"elementor-widget-container\">\n\t\t\t\t\t\t\t\t\t<p><strong>Por Sof\u00eda Su\u00e1rez Correa<\/strong><br \/><strong>Abogada Archila Abogados.<\/strong><\/p><p>Desde el inicio de la 4\u00b0 revoluci\u00f3n industrial, con la r\u00e1pida evoluci\u00f3n de la tecnolog\u00eda y la inminente tendencia a la globalizaci\u00f3n, el mundo est\u00e1 atravesando por una transformaci\u00f3n econ\u00f3mica y social que ha cambiado por completo las din\u00e1micas del mercado. Mientras que hace algunos a\u00f1os las personas aspiraban entrar a grandes empresas, actualmente la principal aspiraci\u00f3n es crear una empresa que permita tener cierta autonom\u00eda y que se ajuste a los gustos e intereses de cada uno.<\/p><p>Con el importante aumento de la creaci\u00f3n de empresas, se ha desencadenado tambi\u00e9n un significativo aumento en el registro de marcas ante la SIC, al punto en que, en el 2022 se registraron un total de 74.122 marcas, comparado con las 55.600 del 2021. Si bien este aumento ha representado una evoluci\u00f3n del desarrollo de MiPymes en Colombia, tambi\u00e9n ha representado un riesgo para las marcas ya existentes, en la medida en que el registro marcario se ha comenzado a utilizar como una conducta de competencia desleal para perjudicar no solo a competidores directos, sino tambi\u00e9n al mercado en general.<\/p><p><strong>\u00bfC\u00f3mo identificar cuando el registro de una marca incurre en una conducta de competencia desleal?<\/strong><\/p><p>Actualmente, la ley que regula la libre competencia en Colombia es la ley 256 de 1996. En ella se establece cu\u00e1les son los actos de competencia desleal que deben ser sancionados. Sin embargo, all\u00ed surge el primer problema respecto al tema del presente art\u00edculo: no se menciona en ning\u00fan momento el concepto de marca.<\/p><p>Considerando que Colombia es miembro de la CAN, es pertinente entonces revisar lo dispuesto por esta organizaci\u00f3n en lo respectivo al registro marcario. En la decisi\u00f3n 486 del 2000, en el art\u00edculo 136, se enuncian las causales de irregistrabilidad de car\u00e1cter subjetivo. All\u00ed se indica que ninguna marca podr\u00e1 ser registrada en caso de que, ente otros, pueda generar un riesgo de confusi\u00f3n o asociaci\u00f3n en los consumidores.<\/p><p>En t\u00e9rminos generales, la confusi\u00f3n y la asociaci\u00f3n hacen referencia al riesgo de que un consumidor adquiera un producto pensando que es otro diferente o que est\u00e1 de alguna manera relacionado con otro producto de su inter\u00e9s, respectivamente.<\/p><p>Entendiendo lo anterior, es posible ahora relacionar estos riesgos con varias de los actos de competencia desleal enunciados en la ley 256 de 1996. Con el riesgo existente de confusi\u00f3n o asociaci\u00f3n derivado del registro marcario, se pueden llegar a generar actos de desviaci\u00f3n de la clientela, de confusi\u00f3n, de enga\u00f1o, de descr\u00e9dito o de imitaci\u00f3n; todos ellos enunciados y sancionados por la ley.<\/p><p>Si bien es responsabilidad de la SIC identificar los riesgos de confusi\u00f3n y asociaci\u00f3n de una marca, en el momento en que esta realiza el examen de fondo para su registro, no se debe suponer que por el mero hecho de que la marca haya sido registrada est\u00e1 exenta de generar los riesgos de confusi\u00f3n y asociaci\u00f3n y, consecuentemente, de ser utilizada tambi\u00e9n con prop\u00f3sito de infringir la libre competencia. Finalmente, el uso de cada marca depende de manera exclusiva del \u00e1nimo y la buena fe de quien tiene los derechos sobre la misma.<\/p><p>As\u00ed pues, siempre que una marca sea especialmente similar a otra, se debe entrar a analizar si ese riesgo existente de confusi\u00f3n o asociaci\u00f3n, est\u00e1 siendo explotado de manera negativa para producir efectos de competencia desleal en el mercado, para as\u00ed poder tomar las acciones respectivas.<\/p><p><strong>Art\u00edculo en el portal Asuntos Legales,\u00a0<a href=\"https:\/\/www.asuntoslegales.com.co\/consultorio\/el-registro-marcario-como-potencial-conducta-de-competencia-desleal-3739957\" target=\"_blank\" rel=\"noopener\">clic ac\u00e1.<\/a><\/strong><\/p>\t\t\t\t\t\t\t\t<\/div>\n\t\t\t\t<\/div>\n\t\t\t\t\t<\/div>\n\t\t<\/div>\n\t\t\t\t\t<\/div>\n\t\t<\/section>\n\t\t\t\t<\/div>","protected":false},"excerpt":{"rendered":"<p>Por Sof\u00eda Su\u00e1rez CorreaAbogada Archila Abogados. Desde el inicio de la 4\u00b0 revoluci\u00f3n industrial, con la r\u00e1pida evoluci\u00f3n de&#8230;<\/p>","protected":false},"author":1,"featured_media":0,"comment_status":"closed","ping_status":"closed","sticky":false,"template":"","format":"standard","meta":{"_kad_post_transparent":"","_kad_post_title":"","_kad_post_layout":"","_kad_post_sidebar_id":"","_kad_post_content_style":"","_kad_post_vertical_padding":"","_kad_post_feature":"","_kad_post_feature_position":"","_kad_post_header":false,"_kad_post_footer":false,"footnotes":""},"categories":[55],"tags":[51],"class_list":["post-4044","post","type-post","status-publish","format-standard","hentry","category-asuntos-legales","tag-asuntos-legales"],"yoast_head":"<!-- This site is optimized with the Yoast SEO plugin v27.4 - https:\/\/yoast.com\/product\/yoast-seo-wordpress\/ -->\n<title>El registro marcario como potencial conducta de competencia desleal - Archila Abogados<\/title>\n<meta name=\"robots\" content=\"index, follow, max-snippet:-1, max-image-preview:large, max-video-preview:-1\" \/>\n<link rel=\"canonical\" href=\"https:\/\/archilaabogados.com\/en\/2023\/11\/02\/el-registro-marcario-como-potencial-conducta-de-competencia-desleal\/\" \/>\n<meta property=\"og:locale\" content=\"en_US\" \/>\n<meta property=\"og:type\" content=\"article\" \/>\n<meta property=\"og:title\" content=\"El registro marcario como potencial conducta de competencia desleal - Archila Abogados\" \/>\n<meta property=\"og:description\" content=\"Por Sof\u00eda Su\u00e1rez CorreaAbogada Archila Abogados. Desde el inicio de la 4\u00b0 revoluci\u00f3n industrial, con la r\u00e1pida evoluci\u00f3n de...\" \/>\n<meta property=\"og:url\" content=\"https:\/\/archilaabogados.com\/en\/2023\/11\/02\/el-registro-marcario-como-potencial-conducta-de-competencia-desleal\/\" \/>\n<meta property=\"og:site_name\" content=\"Archila Abogados\" \/>\n<meta property=\"article:published_time\" content=\"2023-11-02T10:48:00+00:00\" \/>\n<meta property=\"article:modified_time\" content=\"2023-11-13T23:03:15+00:00\" \/>\n<meta name=\"author\" content=\"ArhilAdmin\" \/>\n<meta name=\"twitter:card\" content=\"summary_large_image\" \/>\n<meta name=\"twitter:label1\" content=\"Written by\" \/>\n\t<meta name=\"twitter:data1\" content=\"ArhilAdmin\" \/>\n\t<meta name=\"twitter:label2\" content=\"Est. reading time\" \/>\n\t<meta name=\"twitter:data2\" content=\"3 minutes\" \/>\n<script type=\"application\/ld+json\" class=\"yoast-schema-graph\">{\"@context\":\"https:\\\/\\\/schema.org\",\"@graph\":[{\"@type\":\"Article\",\"@id\":\"https:\\\/\\\/archilaabogados.com\\\/2023\\\/11\\\/02\\\/el-registro-marcario-como-potencial-conducta-de-competencia-desleal\\\/#article\",\"isPartOf\":{\"@id\":\"https:\\\/\\\/archilaabogados.com\\\/2023\\\/11\\\/02\\\/el-registro-marcario-como-potencial-conducta-de-competencia-desleal\\\/\"},\"author\":{\"name\":\"ArhilAdmin\",\"@id\":\"https:\\\/\\\/archilaabogados.com\\\/#\\\/schema\\\/person\\\/2ebc59f80cf35317c2a9f16341ee7883\"},\"headline\":\"El registro marcario como potencial conducta de competencia desleal\",\"datePublished\":\"2023-11-02T10:48:00+00:00\",\"dateModified\":\"2023-11-13T23:03:15+00:00\",\"mainEntityOfPage\":{\"@id\":\"https:\\\/\\\/archilaabogados.com\\\/2023\\\/11\\\/02\\\/el-registro-marcario-como-potencial-conducta-de-competencia-desleal\\\/\"},\"wordCount\":617,\"keywords\":[\"Asuntos Legales\"],\"articleSection\":[\"Asuntos Legales\"],\"inLanguage\":\"en-US\"},{\"@type\":\"WebPage\",\"@id\":\"https:\\\/\\\/archilaabogados.com\\\/2023\\\/11\\\/02\\\/el-registro-marcario-como-potencial-conducta-de-competencia-desleal\\\/\",\"url\":\"https:\\\/\\\/archilaabogados.com\\\/2023\\\/11\\\/02\\\/el-registro-marcario-como-potencial-conducta-de-competencia-desleal\\\/\",\"name\":\"El registro marcario como potencial conducta de competencia desleal - Archila Abogados\",\"isPartOf\":{\"@id\":\"https:\\\/\\\/archilaabogados.com\\\/#website\"},\"datePublished\":\"2023-11-02T10:48:00+00:00\",\"dateModified\":\"2023-11-13T23:03:15+00:00\",\"author\":{\"@id\":\"https:\\\/\\\/archilaabogados.com\\\/#\\\/schema\\\/person\\\/2ebc59f80cf35317c2a9f16341ee7883\"},\"breadcrumb\":{\"@id\":\"https:\\\/\\\/archilaabogados.com\\\/2023\\\/11\\\/02\\\/el-registro-marcario-como-potencial-conducta-de-competencia-desleal\\\/#breadcrumb\"},\"inLanguage\":\"en-US\",\"potentialAction\":[{\"@type\":\"ReadAction\",\"target\":[\"https:\\\/\\\/archilaabogados.com\\\/2023\\\/11\\\/02\\\/el-registro-marcario-como-potencial-conducta-de-competencia-desleal\\\/\"]}]},{\"@type\":\"BreadcrumbList\",\"@id\":\"https:\\\/\\\/archilaabogados.com\\\/2023\\\/11\\\/02\\\/el-registro-marcario-como-potencial-conducta-de-competencia-desleal\\\/#breadcrumb\",\"itemListElement\":[{\"@type\":\"ListItem\",\"position\":1,\"name\":\"Home\",\"item\":\"https:\\\/\\\/archilaabogados.com\\\/\"},{\"@type\":\"ListItem\",\"position\":2,\"name\":\"El registro marcario como potencial conducta de competencia desleal\"}]},{\"@type\":\"WebSite\",\"@id\":\"https:\\\/\\\/archilaabogados.com\\\/#website\",\"url\":\"https:\\\/\\\/archilaabogados.com\\\/\",\"name\":\"Archila Abogados\",\"description\":\"Servicios legales\",\"potentialAction\":[{\"@type\":\"SearchAction\",\"target\":{\"@type\":\"EntryPoint\",\"urlTemplate\":\"https:\\\/\\\/archilaabogados.com\\\/?s={search_term_string}\"},\"query-input\":{\"@type\":\"PropertyValueSpecification\",\"valueRequired\":true,\"valueName\":\"search_term_string\"}}],\"inLanguage\":\"en-US\"},{\"@type\":\"Person\",\"@id\":\"https:\\\/\\\/archilaabogados.com\\\/#\\\/schema\\\/person\\\/2ebc59f80cf35317c2a9f16341ee7883\",\"name\":\"ArhilAdmin\",\"image\":{\"@type\":\"ImageObject\",\"inLanguage\":\"en-US\",\"@id\":\"https:\\\/\\\/secure.gravatar.com\\\/avatar\\\/9dcaf3f4e6ece3ae0c14ad443b5883bafd050ab345f218cf32465ef4c68ec5f4?s=96&d=mm&r=g\",\"url\":\"https:\\\/\\\/secure.gravatar.com\\\/avatar\\\/9dcaf3f4e6ece3ae0c14ad443b5883bafd050ab345f218cf32465ef4c68ec5f4?s=96&d=mm&r=g\",\"contentUrl\":\"https:\\\/\\\/secure.gravatar.com\\\/avatar\\\/9dcaf3f4e6ece3ae0c14ad443b5883bafd050ab345f218cf32465ef4c68ec5f4?s=96&d=mm&r=g\",\"caption\":\"ArhilAdmin\"},\"sameAs\":[\"https:\\\/\\\/archilaabogados.com\"],\"url\":\"https:\\\/\\\/archilaabogados.com\\\/en\\\/author\\\/arhiladmin\\\/\"}]}<\/script>\n<!-- \/ Yoast SEO plugin. -->","yoast_head_json":{"title":"El registro marcario como potencial conducta de competencia desleal - Archila Abogados","robots":{"index":"index","follow":"follow","max-snippet":"max-snippet:-1","max-image-preview":"max-image-preview:large","max-video-preview":"max-video-preview:-1"},"canonical":"https:\/\/archilaabogados.com\/en\/2023\/11\/02\/el-registro-marcario-como-potencial-conducta-de-competencia-desleal\/","og_locale":"en_US","og_type":"article","og_title":"El registro marcario como potencial conducta de competencia desleal - Archila Abogados","og_description":"Por Sof\u00eda Su\u00e1rez CorreaAbogada Archila Abogados. Desde el inicio de la 4\u00b0 revoluci\u00f3n industrial, con la r\u00e1pida evoluci\u00f3n de...","og_url":"https:\/\/archilaabogados.com\/en\/2023\/11\/02\/el-registro-marcario-como-potencial-conducta-de-competencia-desleal\/","og_site_name":"Archila Abogados","article_published_time":"2023-11-02T10:48:00+00:00","article_modified_time":"2023-11-13T23:03:15+00:00","author":"ArhilAdmin","twitter_card":"summary_large_image","twitter_misc":{"Written by":"ArhilAdmin","Est. reading time":"3 minutes"},"schema":{"@context":"https:\/\/schema.org","@graph":[{"@type":"Article","@id":"https:\/\/archilaabogados.com\/2023\/11\/02\/el-registro-marcario-como-potencial-conducta-de-competencia-desleal\/#article","isPartOf":{"@id":"https:\/\/archilaabogados.com\/2023\/11\/02\/el-registro-marcario-como-potencial-conducta-de-competencia-desleal\/"},"author":{"name":"ArhilAdmin","@id":"https:\/\/archilaabogados.com\/#\/schema\/person\/2ebc59f80cf35317c2a9f16341ee7883"},"headline":"El registro marcario como potencial conducta de competencia desleal","datePublished":"2023-11-02T10:48:00+00:00","dateModified":"2023-11-13T23:03:15+00:00","mainEntityOfPage":{"@id":"https:\/\/archilaabogados.com\/2023\/11\/02\/el-registro-marcario-como-potencial-conducta-de-competencia-desleal\/"},"wordCount":617,"keywords":["Asuntos Legales"],"articleSection":["Asuntos Legales"],"inLanguage":"en-US"},{"@type":"WebPage","@id":"https:\/\/archilaabogados.com\/2023\/11\/02\/el-registro-marcario-como-potencial-conducta-de-competencia-desleal\/","url":"https:\/\/archilaabogados.com\/2023\/11\/02\/el-registro-marcario-como-potencial-conducta-de-competencia-desleal\/","name":"El registro marcario como potencial conducta de competencia desleal - Archila Abogados","isPartOf":{"@id":"https:\/\/archilaabogados.com\/#website"},"datePublished":"2023-11-02T10:48:00+00:00","dateModified":"2023-11-13T23:03:15+00:00","author":{"@id":"https:\/\/archilaabogados.com\/#\/schema\/person\/2ebc59f80cf35317c2a9f16341ee7883"},"breadcrumb":{"@id":"https:\/\/archilaabogados.com\/2023\/11\/02\/el-registro-marcario-como-potencial-conducta-de-competencia-desleal\/#breadcrumb"},"inLanguage":"en-US","potentialAction":[{"@type":"ReadAction","target":["https:\/\/archilaabogados.com\/2023\/11\/02\/el-registro-marcario-como-potencial-conducta-de-competencia-desleal\/"]}]},{"@type":"BreadcrumbList","@id":"https:\/\/archilaabogados.com\/2023\/11\/02\/el-registro-marcario-como-potencial-conducta-de-competencia-desleal\/#breadcrumb","itemListElement":[{"@type":"ListItem","position":1,"name":"Home","item":"https:\/\/archilaabogados.com\/"},{"@type":"ListItem","position":2,"name":"El registro marcario como potencial conducta de competencia desleal"}]},{"@type":"WebSite","@id":"https:\/\/archilaabogados.com\/#website","url":"https:\/\/archilaabogados.com\/","name":"Archila Abogados","description":"Servicios legales","potentialAction":[{"@type":"SearchAction","target":{"@type":"EntryPoint","urlTemplate":"https:\/\/archilaabogados.com\/?s={search_term_string}"},"query-input":{"@type":"PropertyValueSpecification","valueRequired":true,"valueName":"search_term_string"}}],"inLanguage":"en-US"},{"@type":"Person","@id":"https:\/\/archilaabogados.com\/#\/schema\/person\/2ebc59f80cf35317c2a9f16341ee7883","name":"ArhilAdmin","image":{"@type":"ImageObject","inLanguage":"en-US","@id":"https:\/\/secure.gravatar.com\/avatar\/9dcaf3f4e6ece3ae0c14ad443b5883bafd050ab345f218cf32465ef4c68ec5f4?s=96&d=mm&r=g","url":"https:\/\/secure.gravatar.com\/avatar\/9dcaf3f4e6ece3ae0c14ad443b5883bafd050ab345f218cf32465ef4c68ec5f4?s=96&d=mm&r=g","contentUrl":"https:\/\/secure.gravatar.com\/avatar\/9dcaf3f4e6ece3ae0c14ad443b5883bafd050ab345f218cf32465ef4c68ec5f4?s=96&d=mm&r=g","caption":"ArhilAdmin"},"sameAs":["https:\/\/archilaabogados.com"],"url":"https:\/\/archilaabogados.com\/en\/author\/arhiladmin\/"}]}},"_links":{"self":[{"href":"https:\/\/archilaabogados.com\/en\/wp-json\/wp\/v2\/posts\/4044","targetHints":{"allow":["GET"]}}],"collection":[{"href":"https:\/\/archilaabogados.com\/en\/wp-json\/wp\/v2\/posts"}],"about":[{"href":"https:\/\/archilaabogados.com\/en\/wp-json\/wp\/v2\/types\/post"}],"author":[{"embeddable":true,"href":"https:\/\/archilaabogados.com\/en\/wp-json\/wp\/v2\/users\/1"}],"replies":[{"embeddable":true,"href":"https:\/\/archilaabogados.com\/en\/wp-json\/wp\/v2\/comments?post=4044"}],"version-history":[{"count":5,"href":"https:\/\/archilaabogados.com\/en\/wp-json\/wp\/v2\/posts\/4044\/revisions"}],"predecessor-version":[{"id":4051,"href":"https:\/\/archilaabogados.com\/en\/wp-json\/wp\/v2\/posts\/4044\/revisions\/4051"}],"wp:attachment":[{"href":"https:\/\/archilaabogados.com\/en\/wp-json\/wp\/v2\/media?parent=4044"}],"wp:term":[{"taxonomy":"category","embeddable":true,"href":"https:\/\/archilaabogados.com\/en\/wp-json\/wp\/v2\/categories?post=4044"},{"taxonomy":"post_tag","embeddable":true,"href":"https:\/\/archilaabogados.com\/en\/wp-json\/wp\/v2\/tags?post=4044"}],"curies":[{"name":"wp","href":"https:\/\/api.w.org\/{rel}","templated":true}]}}