{"id":4464,"date":"2023-12-02T20:34:09","date_gmt":"2023-12-02T20:34:09","guid":{"rendered":"https:\/\/archilaabogados.com\/?p=4464"},"modified":"2023-12-10T20:36:51","modified_gmt":"2023-12-10T20:36:51","slug":"por-la-verdadera-proteccion-al-consumidor","status":"publish","type":"post","link":"https:\/\/archilaabogados.com\/en\/2023\/12\/02\/por-la-verdadera-proteccion-al-consumidor\/","title":{"rendered":"Por la verdadera protecci\u00f3n al consumidor"},"content":{"rendered":"<div data-elementor-type=\"wp-post\" data-elementor-id=\"4464\" class=\"elementor elementor-4464\" data-elementor-post-type=\"post\">\n\t\t\t\t\t\t<section class=\"elementor-section elementor-top-section elementor-element elementor-element-7e92c31 elementor-section-boxed elementor-section-height-default elementor-section-height-default\" data-id=\"7e92c31\" data-element_type=\"section\" data-e-type=\"section\">\n\t\t\t\t\t\t<div class=\"elementor-container elementor-column-gap-default\">\n\t\t\t\t\t<div class=\"elementor-column elementor-col-100 elementor-top-column elementor-element elementor-element-5cc86c3\" data-id=\"5cc86c3\" data-element_type=\"column\" data-e-type=\"column\">\n\t\t\t<div class=\"elementor-widget-wrap elementor-element-populated\">\n\t\t\t\t\t\t<div class=\"elementor-element elementor-element-a85f3b3 elementor-widget elementor-widget-text-editor\" data-id=\"a85f3b3\" data-element_type=\"widget\" data-e-type=\"widget\" data-widget_type=\"text-editor.default\">\n\t\t\t\t<div class=\"elementor-widget-container\">\n\t\t\t\t\t\t\t\t\t<p><strong>Por Dionisio de la Cruz Camargo.<\/strong><br \/><strong>Abogado Asociado Archila Abogados.<\/strong><\/p><p>Dentro de tantos temas importantes en la agenda legislativa del pa\u00eds, el del consumidor no pareciera tener cabida, a pesar de la exposici\u00f3n que tuvo habida cuenta de la crisis de las aerol\u00edneas que ha dejado en evidencia varias falencias que profundizan la debilidad de los consumidores.<\/p><p>Me voy a referir a uno de los aspectos que han quedado de la crisis, que refleja la desprotecci\u00f3n del consumidor. Se ha generado una discusi\u00f3n legal y acad\u00e9mica por la posibilidad que pudieran tener las agencias de viajes de utilizar la figura jur\u00eddica de \u201cllamamiento en garant\u00eda\u201d, que es una herramienta que permite al demandando (cualquier demandando, no s\u00f3lo una aerol\u00ednea) solicitarle al juez que cite a un tercero obligado a pagar por aquel, en caso de que se le condene a responder por un perjuicio o se le ordene reembolsar dinero. La discusi\u00f3n tiene que ver con determinar si la Superintendencia de Industria y Comercio-SIC como juez en materia de consumidor, tiene o no la facultad para definir la relaci\u00f3n jur\u00eddica entre el demandado ( la agencia de viajes o cualquier otro demandando) y la aerol\u00ednea (tambi\u00e9n podr\u00eda ser llamada en garant\u00eda una aseguradora, el fabricante o un tercero) llamada en garant\u00eda. La interpretaci\u00f3n de la SIC cambi\u00f3 y comenz\u00f3 a aceptar los llamamientos en garant\u00eda realizados por las agencias de viajes.<\/p><p>La figura parece muy beneficiosa para el consumidor, ya que a falta de uno, habr\u00eda dos responsables, sin embargo, esta soluci\u00f3n no est\u00e1 exenta de interpretaciones jur\u00eddicas que al final no aportan a la protecci\u00f3n del consumidor, que en \u00faltimas es la parte a la que se debe proteger por ser el extremo d\u00e9bil de la ecuaci\u00f3n. No necesariamente se coloca al consumidor en una mejor posici\u00f3n, porque el llamado en garant\u00eda puede ser una empresa en liquidaci\u00f3n; porque se incrementa el t\u00e9rmino de duraci\u00f3n del proceso ya que para definir si debe o no responder el llamado en garant\u00eda por el demandado ante el consumidor, se debe surtir un miniproceso paralelo; adem\u00e1s, es posible que la respuesta sea negativa, lo que implica que el llamado en garant\u00eda no debe responder; otra raz\u00f3n, es que el consumidor no siempre logra demostrar que hubo perjuicios o su monto; y, en todo caso, la SIC no tendr\u00eda la facultad de decretar y hacer efectivos esos perjuicios, por lo que tendr\u00eda que acudir el consumidor a otro proceso independiente para que se le paguen los perjuicios. Eventualmente, podr\u00eda la SIC ordenar que el llamado en garant\u00eda reembolsar a nombre del proveedor demandado, para el caso la agencia de viajes, el valor pagado por el tiquete.<\/p><p>La situaci\u00f3n lo que deja claro es que necesario replantear las normas y seguir reforzando la posici\u00f3n del consumidor frente a los proveedores. Por lo menos, el procedimiento debiera permitir al juez traer al proceso a todos aquellos que pueden o debieran responder frente al consumidor sin que esto dependiera del demandado.<\/p><p><strong>Art\u00edculo en el portal Asuntos Legales, <a href=\"https:\/\/www.asuntoslegales.com.co\/consultorio\/por-la-verdadera-proteccion-al-consumidor-3759523\" target=\"_blank\" rel=\"noopener\">clic ac\u00e1.<\/a><\/strong><\/p>\t\t\t\t\t\t\t\t<\/div>\n\t\t\t\t<\/div>\n\t\t\t\t\t<\/div>\n\t\t<\/div>\n\t\t\t\t\t<\/div>\n\t\t<\/section>\n\t\t\t\t<\/div>","protected":false},"excerpt":{"rendered":"<p>Por Dionisio de la Cruz Camargo.Abogado Asociado Archila Abogados. Dentro de tantos temas importantes en la agenda legislativa del&#8230;<\/p>","protected":false},"author":1,"featured_media":0,"comment_status":"closed","ping_status":"closed","sticky":false,"template":"","format":"standard","meta":{"_kad_post_transparent":"","_kad_post_title":"","_kad_post_layout":"","_kad_post_sidebar_id":"","_kad_post_content_style":"","_kad_post_vertical_padding":"","_kad_post_feature":"","_kad_post_feature_position":"","_kad_post_header":false,"_kad_post_footer":false,"footnotes":""},"categories":[55],"tags":[51],"class_list":["post-4464","post","type-post","status-publish","format-standard","hentry","category-asuntos-legales","tag-asuntos-legales"],"yoast_head":"<!-- This site is optimized with the Yoast SEO plugin v27.4 - https:\/\/yoast.com\/product\/yoast-seo-wordpress\/ -->\n<title>Por la verdadera protecci\u00f3n al consumidor - Archila Abogados<\/title>\n<meta name=\"robots\" content=\"index, follow, max-snippet:-1, max-image-preview:large, max-video-preview:-1\" \/>\n<link rel=\"canonical\" href=\"https:\/\/archilaabogados.com\/en\/2023\/12\/02\/por-la-verdadera-proteccion-al-consumidor\/\" \/>\n<meta property=\"og:locale\" content=\"en_US\" \/>\n<meta property=\"og:type\" content=\"article\" \/>\n<meta property=\"og:title\" content=\"Por la verdadera protecci\u00f3n al consumidor - Archila Abogados\" \/>\n<meta property=\"og:description\" content=\"Por Dionisio de la Cruz Camargo.Abogado Asociado Archila Abogados. Dentro de tantos temas importantes en la agenda legislativa del...\" \/>\n<meta property=\"og:url\" content=\"https:\/\/archilaabogados.com\/en\/2023\/12\/02\/por-la-verdadera-proteccion-al-consumidor\/\" \/>\n<meta property=\"og:site_name\" content=\"Archila Abogados\" \/>\n<meta property=\"article:published_time\" content=\"2023-12-02T20:34:09+00:00\" \/>\n<meta property=\"article:modified_time\" content=\"2023-12-10T20:36:51+00:00\" \/>\n<meta name=\"author\" content=\"ArhilAdmin\" \/>\n<meta name=\"twitter:card\" content=\"summary_large_image\" \/>\n<meta name=\"twitter:label1\" content=\"Written by\" \/>\n\t<meta name=\"twitter:data1\" content=\"ArhilAdmin\" \/>\n\t<meta name=\"twitter:label2\" content=\"Est. reading time\" \/>\n\t<meta name=\"twitter:data2\" content=\"3 minutes\" \/>\n<script type=\"application\/ld+json\" class=\"yoast-schema-graph\">{\"@context\":\"https:\\\/\\\/schema.org\",\"@graph\":[{\"@type\":\"Article\",\"@id\":\"https:\\\/\\\/archilaabogados.com\\\/2023\\\/12\\\/02\\\/por-la-verdadera-proteccion-al-consumidor\\\/#article\",\"isPartOf\":{\"@id\":\"https:\\\/\\\/archilaabogados.com\\\/2023\\\/12\\\/02\\\/por-la-verdadera-proteccion-al-consumidor\\\/\"},\"author\":{\"name\":\"ArhilAdmin\",\"@id\":\"https:\\\/\\\/archilaabogados.com\\\/#\\\/schema\\\/person\\\/2ebc59f80cf35317c2a9f16341ee7883\"},\"headline\":\"Por la verdadera protecci\u00f3n al consumidor\",\"datePublished\":\"2023-12-02T20:34:09+00:00\",\"dateModified\":\"2023-12-10T20:36:51+00:00\",\"mainEntityOfPage\":{\"@id\":\"https:\\\/\\\/archilaabogados.com\\\/2023\\\/12\\\/02\\\/por-la-verdadera-proteccion-al-consumidor\\\/\"},\"wordCount\":551,\"keywords\":[\"Asuntos Legales\"],\"articleSection\":[\"Asuntos Legales\"],\"inLanguage\":\"en-US\"},{\"@type\":\"WebPage\",\"@id\":\"https:\\\/\\\/archilaabogados.com\\\/2023\\\/12\\\/02\\\/por-la-verdadera-proteccion-al-consumidor\\\/\",\"url\":\"https:\\\/\\\/archilaabogados.com\\\/2023\\\/12\\\/02\\\/por-la-verdadera-proteccion-al-consumidor\\\/\",\"name\":\"Por la verdadera protecci\u00f3n al consumidor - Archila Abogados\",\"isPartOf\":{\"@id\":\"https:\\\/\\\/archilaabogados.com\\\/#website\"},\"datePublished\":\"2023-12-02T20:34:09+00:00\",\"dateModified\":\"2023-12-10T20:36:51+00:00\",\"author\":{\"@id\":\"https:\\\/\\\/archilaabogados.com\\\/#\\\/schema\\\/person\\\/2ebc59f80cf35317c2a9f16341ee7883\"},\"breadcrumb\":{\"@id\":\"https:\\\/\\\/archilaabogados.com\\\/2023\\\/12\\\/02\\\/por-la-verdadera-proteccion-al-consumidor\\\/#breadcrumb\"},\"inLanguage\":\"en-US\",\"potentialAction\":[{\"@type\":\"ReadAction\",\"target\":[\"https:\\\/\\\/archilaabogados.com\\\/2023\\\/12\\\/02\\\/por-la-verdadera-proteccion-al-consumidor\\\/\"]}]},{\"@type\":\"BreadcrumbList\",\"@id\":\"https:\\\/\\\/archilaabogados.com\\\/2023\\\/12\\\/02\\\/por-la-verdadera-proteccion-al-consumidor\\\/#breadcrumb\",\"itemListElement\":[{\"@type\":\"ListItem\",\"position\":1,\"name\":\"Home\",\"item\":\"https:\\\/\\\/archilaabogados.com\\\/\"},{\"@type\":\"ListItem\",\"position\":2,\"name\":\"Por la verdadera protecci\u00f3n al consumidor\"}]},{\"@type\":\"WebSite\",\"@id\":\"https:\\\/\\\/archilaabogados.com\\\/#website\",\"url\":\"https:\\\/\\\/archilaabogados.com\\\/\",\"name\":\"Archila Abogados\",\"description\":\"Servicios legales\",\"potentialAction\":[{\"@type\":\"SearchAction\",\"target\":{\"@type\":\"EntryPoint\",\"urlTemplate\":\"https:\\\/\\\/archilaabogados.com\\\/?s={search_term_string}\"},\"query-input\":{\"@type\":\"PropertyValueSpecification\",\"valueRequired\":true,\"valueName\":\"search_term_string\"}}],\"inLanguage\":\"en-US\"},{\"@type\":\"Person\",\"@id\":\"https:\\\/\\\/archilaabogados.com\\\/#\\\/schema\\\/person\\\/2ebc59f80cf35317c2a9f16341ee7883\",\"name\":\"ArhilAdmin\",\"image\":{\"@type\":\"ImageObject\",\"inLanguage\":\"en-US\",\"@id\":\"https:\\\/\\\/secure.gravatar.com\\\/avatar\\\/9dcaf3f4e6ece3ae0c14ad443b5883bafd050ab345f218cf32465ef4c68ec5f4?s=96&d=mm&r=g\",\"url\":\"https:\\\/\\\/secure.gravatar.com\\\/avatar\\\/9dcaf3f4e6ece3ae0c14ad443b5883bafd050ab345f218cf32465ef4c68ec5f4?s=96&d=mm&r=g\",\"contentUrl\":\"https:\\\/\\\/secure.gravatar.com\\\/avatar\\\/9dcaf3f4e6ece3ae0c14ad443b5883bafd050ab345f218cf32465ef4c68ec5f4?s=96&d=mm&r=g\",\"caption\":\"ArhilAdmin\"},\"sameAs\":[\"https:\\\/\\\/archilaabogados.com\"],\"url\":\"https:\\\/\\\/archilaabogados.com\\\/en\\\/author\\\/arhiladmin\\\/\"}]}<\/script>\n<!-- \/ Yoast SEO plugin. -->","yoast_head_json":{"title":"Por la verdadera protecci\u00f3n al consumidor - Archila Abogados","robots":{"index":"index","follow":"follow","max-snippet":"max-snippet:-1","max-image-preview":"max-image-preview:large","max-video-preview":"max-video-preview:-1"},"canonical":"https:\/\/archilaabogados.com\/en\/2023\/12\/02\/por-la-verdadera-proteccion-al-consumidor\/","og_locale":"en_US","og_type":"article","og_title":"Por la verdadera protecci\u00f3n al consumidor - Archila Abogados","og_description":"Por Dionisio de la Cruz Camargo.Abogado Asociado Archila Abogados. Dentro de tantos temas importantes en la agenda legislativa del...","og_url":"https:\/\/archilaabogados.com\/en\/2023\/12\/02\/por-la-verdadera-proteccion-al-consumidor\/","og_site_name":"Archila Abogados","article_published_time":"2023-12-02T20:34:09+00:00","article_modified_time":"2023-12-10T20:36:51+00:00","author":"ArhilAdmin","twitter_card":"summary_large_image","twitter_misc":{"Written by":"ArhilAdmin","Est. reading time":"3 minutes"},"schema":{"@context":"https:\/\/schema.org","@graph":[{"@type":"Article","@id":"https:\/\/archilaabogados.com\/2023\/12\/02\/por-la-verdadera-proteccion-al-consumidor\/#article","isPartOf":{"@id":"https:\/\/archilaabogados.com\/2023\/12\/02\/por-la-verdadera-proteccion-al-consumidor\/"},"author":{"name":"ArhilAdmin","@id":"https:\/\/archilaabogados.com\/#\/schema\/person\/2ebc59f80cf35317c2a9f16341ee7883"},"headline":"Por la verdadera protecci\u00f3n al consumidor","datePublished":"2023-12-02T20:34:09+00:00","dateModified":"2023-12-10T20:36:51+00:00","mainEntityOfPage":{"@id":"https:\/\/archilaabogados.com\/2023\/12\/02\/por-la-verdadera-proteccion-al-consumidor\/"},"wordCount":551,"keywords":["Asuntos Legales"],"articleSection":["Asuntos Legales"],"inLanguage":"en-US"},{"@type":"WebPage","@id":"https:\/\/archilaabogados.com\/2023\/12\/02\/por-la-verdadera-proteccion-al-consumidor\/","url":"https:\/\/archilaabogados.com\/2023\/12\/02\/por-la-verdadera-proteccion-al-consumidor\/","name":"Por la verdadera protecci\u00f3n al consumidor - Archila Abogados","isPartOf":{"@id":"https:\/\/archilaabogados.com\/#website"},"datePublished":"2023-12-02T20:34:09+00:00","dateModified":"2023-12-10T20:36:51+00:00","author":{"@id":"https:\/\/archilaabogados.com\/#\/schema\/person\/2ebc59f80cf35317c2a9f16341ee7883"},"breadcrumb":{"@id":"https:\/\/archilaabogados.com\/2023\/12\/02\/por-la-verdadera-proteccion-al-consumidor\/#breadcrumb"},"inLanguage":"en-US","potentialAction":[{"@type":"ReadAction","target":["https:\/\/archilaabogados.com\/2023\/12\/02\/por-la-verdadera-proteccion-al-consumidor\/"]}]},{"@type":"BreadcrumbList","@id":"https:\/\/archilaabogados.com\/2023\/12\/02\/por-la-verdadera-proteccion-al-consumidor\/#breadcrumb","itemListElement":[{"@type":"ListItem","position":1,"name":"Home","item":"https:\/\/archilaabogados.com\/"},{"@type":"ListItem","position":2,"name":"Por la verdadera protecci\u00f3n al consumidor"}]},{"@type":"WebSite","@id":"https:\/\/archilaabogados.com\/#website","url":"https:\/\/archilaabogados.com\/","name":"Archila Abogados","description":"Servicios legales","potentialAction":[{"@type":"SearchAction","target":{"@type":"EntryPoint","urlTemplate":"https:\/\/archilaabogados.com\/?s={search_term_string}"},"query-input":{"@type":"PropertyValueSpecification","valueRequired":true,"valueName":"search_term_string"}}],"inLanguage":"en-US"},{"@type":"Person","@id":"https:\/\/archilaabogados.com\/#\/schema\/person\/2ebc59f80cf35317c2a9f16341ee7883","name":"ArhilAdmin","image":{"@type":"ImageObject","inLanguage":"en-US","@id":"https:\/\/secure.gravatar.com\/avatar\/9dcaf3f4e6ece3ae0c14ad443b5883bafd050ab345f218cf32465ef4c68ec5f4?s=96&d=mm&r=g","url":"https:\/\/secure.gravatar.com\/avatar\/9dcaf3f4e6ece3ae0c14ad443b5883bafd050ab345f218cf32465ef4c68ec5f4?s=96&d=mm&r=g","contentUrl":"https:\/\/secure.gravatar.com\/avatar\/9dcaf3f4e6ece3ae0c14ad443b5883bafd050ab345f218cf32465ef4c68ec5f4?s=96&d=mm&r=g","caption":"ArhilAdmin"},"sameAs":["https:\/\/archilaabogados.com"],"url":"https:\/\/archilaabogados.com\/en\/author\/arhiladmin\/"}]}},"_links":{"self":[{"href":"https:\/\/archilaabogados.com\/en\/wp-json\/wp\/v2\/posts\/4464","targetHints":{"allow":["GET"]}}],"collection":[{"href":"https:\/\/archilaabogados.com\/en\/wp-json\/wp\/v2\/posts"}],"about":[{"href":"https:\/\/archilaabogados.com\/en\/wp-json\/wp\/v2\/types\/post"}],"author":[{"embeddable":true,"href":"https:\/\/archilaabogados.com\/en\/wp-json\/wp\/v2\/users\/1"}],"replies":[{"embeddable":true,"href":"https:\/\/archilaabogados.com\/en\/wp-json\/wp\/v2\/comments?post=4464"}],"version-history":[{"count":4,"href":"https:\/\/archilaabogados.com\/en\/wp-json\/wp\/v2\/posts\/4464\/revisions"}],"predecessor-version":[{"id":4468,"href":"https:\/\/archilaabogados.com\/en\/wp-json\/wp\/v2\/posts\/4464\/revisions\/4468"}],"wp:attachment":[{"href":"https:\/\/archilaabogados.com\/en\/wp-json\/wp\/v2\/media?parent=4464"}],"wp:term":[{"taxonomy":"category","embeddable":true,"href":"https:\/\/archilaabogados.com\/en\/wp-json\/wp\/v2\/categories?post=4464"},{"taxonomy":"post_tag","embeddable":true,"href":"https:\/\/archilaabogados.com\/en\/wp-json\/wp\/v2\/tags?post=4464"}],"curies":[{"name":"wp","href":"https:\/\/api.w.org\/{rel}","templated":true}]}}