{"id":925,"date":"2022-04-23T10:55:18","date_gmt":"2022-04-23T10:55:18","guid":{"rendered":"https:\/\/archilaabogados.com\/?p=3239"},"modified":"2022-05-27T05:53:51","modified_gmt":"2022-05-27T05:53:51","slug":"opinion-las-malas-practicas","status":"publish","type":"post","link":"https:\/\/archilaabogados.com\/en\/2022\/04\/23\/opinion-las-malas-practicas\/","title":{"rendered":"OPINI\u00d3N: Las malas pr\u00e1cticas"},"content":{"rendered":"<p><strong>Las malas pr\u00e1cticas; por Jessica Solano (22\/04\/2022)<\/strong><\/p>\n<p>\u201cQuerido lector, \u00bfme extra\u00f1aste?\u201d (gui\u00f1o para los fans de Lady Whistledown)<\/p>\n<p>Esta columna quiere empezar de la manera m\u00e1s polite para poder abordar de una forma suave un adefesio procesal que se ha venido presentando reiteradamente en algunos juzgados, y al cual podr\u00edamos llamarlo, la forma Frankenstein de notificaci\u00f3n.<\/p>\n<p>Como si el propio V\u00edctor Frankenstein hiciese las veces de juez de la Rep\u00fablica, algunos despachos judiciales han optado por mandar, en plena vigencia del Decreto 806 del 2020, citatorios de notificaci\u00f3n personal -lo cual no est\u00e1 prohibido, pero s\u00ed es algo retardatario y poco pr\u00e1ctico por la situaci\u00f3n en la que nos encontramos. A eso sum\u00e9mosle que de la lectura del art\u00edculo 1 del Decreto y el prop\u00f3sito que orient\u00f3 su expedici\u00f3n, que se describe en los considerandos, queda claro por qu\u00e9 no se aplican las normas del C.G.P que suponen presencialidad-; sin embargo, lo ex\u00f3tico no es, ni m\u00e1s faltaba, la utilizaci\u00f3n de esa notificaci\u00f3n sino la mezcla de esta con lo reglamentado en el art\u00edculo 8 del Decreto 806.<\/p>\n<p>Se han visto citatorios de notificaci\u00f3n personal (Art. 291 del C.G.P) solicit\u00e1ndole a la parte demandada que se notifique \u201cpersonalmente\u201d del auto admisorio de la demanda \u201cv\u00eda correo electr\u00f3nico del juzgado\u201d (?) \u201cy\/o de manera presencial previo a la cita asignada por el despacho\u201d, lo anterior, \u201catendiendo la emergencia sanitaria covid-19 y lo reglamentado en el Decreto 806 del 2020\u201d. Algo as\u00ed como un estilo de formaci\u00f3n de \u201clex tertia\u201d y definitivamente s\u00ed un ox\u00edmoron.<\/p>\n<p>Esta colcha de retazos normativos, por donde se mire, no encuentra asidero alguno, partiendo desde el mismo fundamento de la expedici\u00f3n del Decreto antes mencionado, ya que lo que este siempre ha abanderado es la implementaci\u00f3n del uso de las tecnolog\u00edas de la informaci\u00f3n y las comunicaciones en las actuaciones judiciales, motivo por el cual, en su art\u00edculo 8 se previ\u00f3 que \u201c[l]as notificaciones que deban hacerse personalmente tambi\u00e9n podr\u00e1n efectuarse con el env\u00edo de la providencia respectiva como mensaje de datos a la direcci\u00f3n electr\u00f3nica o sitio que suministre el interesado en que se realice la notificaci\u00f3n, sin necesidad del env\u00edo de previa citaci\u00f3n o aviso f\u00edsico o virtual\u201d. Lo que indica el art\u00edculo NO es que se est\u00e9 notificando \u201cpersonalmente\u201d mediante comparecencia v\u00eda correo electr\u00f3nico, sino justamente que existe otra posibilidad de notificaci\u00f3n para las providencias que la misma normatividad procesal se\u00f1al\u00f3 deben ser notificadas de manera personal. Lo anterior ser\u00e1 obvio para algunos, pero si fuese por completo claro, no ver\u00edamos notificaciones Frankenstein.<\/p>\n<p>Ahora bien, esa suerte de \u201clex tertia\u201d utilizada por algunos, lo que fomenta es que, si uno es el demandado, no tenga claro si es que la notificaci\u00f3n a seguir por la contraparte deba ser la notificaci\u00f3n por aviso (que tiene lugar cuando fracasa la notificaci\u00f3n personal al ser suced\u00e1nea de esta) o ahora s\u00ed, la notificaci\u00f3n mediante lo reglado por el Decreto 806. Recordando que de haberse utilizado inicialmente y en debida forma la notificaci\u00f3n personal (que no es personal, se repite) del Decreto 806 del 2020, no es necesario estar al pendiente de una notificaci\u00f3n por aviso, ya que dicha modalidad no est\u00e1 llamada a realizarse bajo lo estipulado por el Decreto. Entonces, \u00bfpor qu\u00e9 complejizar la practicidad del derecho procesal?<\/p>\n<p>Lo cierto es que, mientras estemos a la deriva con respecto a la permanencia o no del Decreto 806 del 2020, seguiremos viendo algunos Frankenstein en la etapa introductoria del proceso.<\/p>\n<p><strong>Art\u00edculo en Asuntos Legales, <a href=\"https:\/\/www.asuntoslegales.com.co\/analisis\/jessica-solano-3294017\/las-malas-practicas-3347653\" target=\"_blank\" rel=\"noopener\">clic ac\u00e1<\/a><\/strong><\/p>\n<p>&nbsp;<\/p>","protected":false},"excerpt":{"rendered":"<p>Las malas pr\u00e1cticas; por Jessica Solano (22\/04\/2022) \u201cQuerido lector, \u00bfme extra\u00f1aste?\u201d (gui\u00f1o para los fans de Lady Whistledown) Esta&#8230;<\/p>","protected":false},"author":1,"featured_media":870,"comment_status":"closed","ping_status":"open","sticky":false,"template":"","format":"standard","meta":{"_kad_post_transparent":"","_kad_post_title":"","_kad_post_layout":"","_kad_post_sidebar_id":"","_kad_post_content_style":"","_kad_post_vertical_padding":"","_kad_post_feature":"","_kad_post_feature_position":"","_kad_post_header":false,"_kad_post_footer":false,"footnotes":""},"categories":[15],"tags":[51],"class_list":["post-925","post","type-post","status-publish","format-standard","has-post-thumbnail","hentry","category-diario-la-republica","tag-asuntos-legales"],"yoast_head":"<!-- This site is optimized with the Yoast SEO plugin v27.4 - https:\/\/yoast.com\/product\/yoast-seo-wordpress\/ -->\n<title>OPINI\u00d3N: Las malas pr\u00e1cticas - Archila Abogados<\/title>\n<meta name=\"robots\" content=\"index, follow, max-snippet:-1, max-image-preview:large, max-video-preview:-1\" \/>\n<link rel=\"canonical\" href=\"https:\/\/archilaabogados.com\/en\/2022\/04\/23\/opinion-las-malas-practicas\/\" \/>\n<meta property=\"og:locale\" content=\"en_US\" \/>\n<meta property=\"og:type\" content=\"article\" \/>\n<meta property=\"og:title\" content=\"OPINI\u00d3N: Las malas pr\u00e1cticas - Archila Abogados\" \/>\n<meta property=\"og:description\" content=\"Las malas pr\u00e1cticas; por Jessica Solano (22\/04\/2022) \u201cQuerido lector, \u00bfme extra\u00f1aste?\u201d (gui\u00f1o para los fans de Lady Whistledown) Esta...\" \/>\n<meta property=\"og:url\" content=\"https:\/\/archilaabogados.com\/en\/2022\/04\/23\/opinion-las-malas-practicas\/\" \/>\n<meta property=\"og:site_name\" content=\"Archila Abogados\" \/>\n<meta property=\"article:published_time\" content=\"2022-04-23T10:55:18+00:00\" \/>\n<meta property=\"article:modified_time\" content=\"2022-05-27T05:53:51+00:00\" \/>\n<meta property=\"og:image\" content=\"http:\/\/archilaabogados.com\/wp-content\/uploads\/2022\/04\/jessica_solano_asuntos.jpg\" \/>\n\t<meta property=\"og:image:width\" content=\"240\" \/>\n\t<meta property=\"og:image:height\" content=\"290\" \/>\n\t<meta property=\"og:image:type\" content=\"image\/jpeg\" \/>\n<meta name=\"author\" content=\"ArhilAdmin\" \/>\n<meta name=\"twitter:card\" content=\"summary_large_image\" \/>\n<meta name=\"twitter:label1\" content=\"Written by\" \/>\n\t<meta name=\"twitter:data1\" content=\"ArhilAdmin\" \/>\n\t<meta name=\"twitter:label2\" content=\"Est. reading time\" \/>\n\t<meta name=\"twitter:data2\" content=\"3 minutes\" \/>\n<script type=\"application\/ld+json\" class=\"yoast-schema-graph\">{\"@context\":\"https:\\\/\\\/schema.org\",\"@graph\":[{\"@type\":\"Article\",\"@id\":\"https:\\\/\\\/archilaabogados.com\\\/2022\\\/04\\\/23\\\/opinion-las-malas-practicas\\\/#article\",\"isPartOf\":{\"@id\":\"https:\\\/\\\/archilaabogados.com\\\/2022\\\/04\\\/23\\\/opinion-las-malas-practicas\\\/\"},\"author\":{\"name\":\"ArhilAdmin\",\"@id\":\"https:\\\/\\\/archilaabogados.com\\\/#\\\/schema\\\/person\\\/2ebc59f80cf35317c2a9f16341ee7883\"},\"headline\":\"OPINI\u00d3N: Las malas pr\u00e1cticas\",\"datePublished\":\"2022-04-23T10:55:18+00:00\",\"dateModified\":\"2022-05-27T05:53:51+00:00\",\"mainEntityOfPage\":{\"@id\":\"https:\\\/\\\/archilaabogados.com\\\/2022\\\/04\\\/23\\\/opinion-las-malas-practicas\\\/\"},\"wordCount\":630,\"image\":{\"@id\":\"https:\\\/\\\/archilaabogados.com\\\/2022\\\/04\\\/23\\\/opinion-las-malas-practicas\\\/#primaryimage\"},\"thumbnailUrl\":\"https:\\\/\\\/archilaabogados.com\\\/wp-content\\\/uploads\\\/2022\\\/04\\\/jessica_solano_asuntos.jpg\",\"keywords\":[\"Asuntos Legales\"],\"articleSection\":[\"Diario La Rep\u00fablica\"],\"inLanguage\":\"en-US\"},{\"@type\":\"WebPage\",\"@id\":\"https:\\\/\\\/archilaabogados.com\\\/2022\\\/04\\\/23\\\/opinion-las-malas-practicas\\\/\",\"url\":\"https:\\\/\\\/archilaabogados.com\\\/2022\\\/04\\\/23\\\/opinion-las-malas-practicas\\\/\",\"name\":\"OPINI\u00d3N: Las malas pr\u00e1cticas - Archila Abogados\",\"isPartOf\":{\"@id\":\"https:\\\/\\\/archilaabogados.com\\\/#website\"},\"primaryImageOfPage\":{\"@id\":\"https:\\\/\\\/archilaabogados.com\\\/2022\\\/04\\\/23\\\/opinion-las-malas-practicas\\\/#primaryimage\"},\"image\":{\"@id\":\"https:\\\/\\\/archilaabogados.com\\\/2022\\\/04\\\/23\\\/opinion-las-malas-practicas\\\/#primaryimage\"},\"thumbnailUrl\":\"https:\\\/\\\/archilaabogados.com\\\/wp-content\\\/uploads\\\/2022\\\/04\\\/jessica_solano_asuntos.jpg\",\"datePublished\":\"2022-04-23T10:55:18+00:00\",\"dateModified\":\"2022-05-27T05:53:51+00:00\",\"author\":{\"@id\":\"https:\\\/\\\/archilaabogados.com\\\/#\\\/schema\\\/person\\\/2ebc59f80cf35317c2a9f16341ee7883\"},\"breadcrumb\":{\"@id\":\"https:\\\/\\\/archilaabogados.com\\\/2022\\\/04\\\/23\\\/opinion-las-malas-practicas\\\/#breadcrumb\"},\"inLanguage\":\"en-US\",\"potentialAction\":[{\"@type\":\"ReadAction\",\"target\":[\"https:\\\/\\\/archilaabogados.com\\\/2022\\\/04\\\/23\\\/opinion-las-malas-practicas\\\/\"]}]},{\"@type\":\"ImageObject\",\"inLanguage\":\"en-US\",\"@id\":\"https:\\\/\\\/archilaabogados.com\\\/2022\\\/04\\\/23\\\/opinion-las-malas-practicas\\\/#primaryimage\",\"url\":\"https:\\\/\\\/archilaabogados.com\\\/wp-content\\\/uploads\\\/2022\\\/04\\\/jessica_solano_asuntos.jpg\",\"contentUrl\":\"https:\\\/\\\/archilaabogados.com\\\/wp-content\\\/uploads\\\/2022\\\/04\\\/jessica_solano_asuntos.jpg\",\"width\":240,\"height\":290},{\"@type\":\"BreadcrumbList\",\"@id\":\"https:\\\/\\\/archilaabogados.com\\\/2022\\\/04\\\/23\\\/opinion-las-malas-practicas\\\/#breadcrumb\",\"itemListElement\":[{\"@type\":\"ListItem\",\"position\":1,\"name\":\"Home\",\"item\":\"https:\\\/\\\/archilaabogados.com\\\/\"},{\"@type\":\"ListItem\",\"position\":2,\"name\":\"OPINI\u00d3N: Las malas pr\u00e1cticas\"}]},{\"@type\":\"WebSite\",\"@id\":\"https:\\\/\\\/archilaabogados.com\\\/#website\",\"url\":\"https:\\\/\\\/archilaabogados.com\\\/\",\"name\":\"Archila Abogados\",\"description\":\"Servicios legales\",\"potentialAction\":[{\"@type\":\"SearchAction\",\"target\":{\"@type\":\"EntryPoint\",\"urlTemplate\":\"https:\\\/\\\/archilaabogados.com\\\/?s={search_term_string}\"},\"query-input\":{\"@type\":\"PropertyValueSpecification\",\"valueRequired\":true,\"valueName\":\"search_term_string\"}}],\"inLanguage\":\"en-US\"},{\"@type\":\"Person\",\"@id\":\"https:\\\/\\\/archilaabogados.com\\\/#\\\/schema\\\/person\\\/2ebc59f80cf35317c2a9f16341ee7883\",\"name\":\"ArhilAdmin\",\"image\":{\"@type\":\"ImageObject\",\"inLanguage\":\"en-US\",\"@id\":\"https:\\\/\\\/secure.gravatar.com\\\/avatar\\\/9dcaf3f4e6ece3ae0c14ad443b5883bafd050ab345f218cf32465ef4c68ec5f4?s=96&d=mm&r=g\",\"url\":\"https:\\\/\\\/secure.gravatar.com\\\/avatar\\\/9dcaf3f4e6ece3ae0c14ad443b5883bafd050ab345f218cf32465ef4c68ec5f4?s=96&d=mm&r=g\",\"contentUrl\":\"https:\\\/\\\/secure.gravatar.com\\\/avatar\\\/9dcaf3f4e6ece3ae0c14ad443b5883bafd050ab345f218cf32465ef4c68ec5f4?s=96&d=mm&r=g\",\"caption\":\"ArhilAdmin\"},\"sameAs\":[\"https:\\\/\\\/archilaabogados.com\"],\"url\":\"https:\\\/\\\/archilaabogados.com\\\/en\\\/author\\\/arhiladmin\\\/\"}]}<\/script>\n<!-- \/ Yoast SEO plugin. -->","yoast_head_json":{"title":"OPINI\u00d3N: Las malas pr\u00e1cticas - Archila Abogados","robots":{"index":"index","follow":"follow","max-snippet":"max-snippet:-1","max-image-preview":"max-image-preview:large","max-video-preview":"max-video-preview:-1"},"canonical":"https:\/\/archilaabogados.com\/en\/2022\/04\/23\/opinion-las-malas-practicas\/","og_locale":"en_US","og_type":"article","og_title":"OPINI\u00d3N: Las malas pr\u00e1cticas - Archila Abogados","og_description":"Las malas pr\u00e1cticas; por Jessica Solano (22\/04\/2022) \u201cQuerido lector, \u00bfme extra\u00f1aste?\u201d (gui\u00f1o para los fans de Lady Whistledown) Esta...","og_url":"https:\/\/archilaabogados.com\/en\/2022\/04\/23\/opinion-las-malas-practicas\/","og_site_name":"Archila Abogados","article_published_time":"2022-04-23T10:55:18+00:00","article_modified_time":"2022-05-27T05:53:51+00:00","og_image":[{"width":240,"height":290,"url":"http:\/\/archilaabogados.com\/wp-content\/uploads\/2022\/04\/jessica_solano_asuntos.jpg","type":"image\/jpeg"}],"author":"ArhilAdmin","twitter_card":"summary_large_image","twitter_misc":{"Written by":"ArhilAdmin","Est. reading time":"3 minutes"},"schema":{"@context":"https:\/\/schema.org","@graph":[{"@type":"Article","@id":"https:\/\/archilaabogados.com\/2022\/04\/23\/opinion-las-malas-practicas\/#article","isPartOf":{"@id":"https:\/\/archilaabogados.com\/2022\/04\/23\/opinion-las-malas-practicas\/"},"author":{"name":"ArhilAdmin","@id":"https:\/\/archilaabogados.com\/#\/schema\/person\/2ebc59f80cf35317c2a9f16341ee7883"},"headline":"OPINI\u00d3N: Las malas pr\u00e1cticas","datePublished":"2022-04-23T10:55:18+00:00","dateModified":"2022-05-27T05:53:51+00:00","mainEntityOfPage":{"@id":"https:\/\/archilaabogados.com\/2022\/04\/23\/opinion-las-malas-practicas\/"},"wordCount":630,"image":{"@id":"https:\/\/archilaabogados.com\/2022\/04\/23\/opinion-las-malas-practicas\/#primaryimage"},"thumbnailUrl":"https:\/\/archilaabogados.com\/wp-content\/uploads\/2022\/04\/jessica_solano_asuntos.jpg","keywords":["Asuntos Legales"],"articleSection":["Diario La Rep\u00fablica"],"inLanguage":"en-US"},{"@type":"WebPage","@id":"https:\/\/archilaabogados.com\/2022\/04\/23\/opinion-las-malas-practicas\/","url":"https:\/\/archilaabogados.com\/2022\/04\/23\/opinion-las-malas-practicas\/","name":"OPINI\u00d3N: Las malas pr\u00e1cticas - Archila Abogados","isPartOf":{"@id":"https:\/\/archilaabogados.com\/#website"},"primaryImageOfPage":{"@id":"https:\/\/archilaabogados.com\/2022\/04\/23\/opinion-las-malas-practicas\/#primaryimage"},"image":{"@id":"https:\/\/archilaabogados.com\/2022\/04\/23\/opinion-las-malas-practicas\/#primaryimage"},"thumbnailUrl":"https:\/\/archilaabogados.com\/wp-content\/uploads\/2022\/04\/jessica_solano_asuntos.jpg","datePublished":"2022-04-23T10:55:18+00:00","dateModified":"2022-05-27T05:53:51+00:00","author":{"@id":"https:\/\/archilaabogados.com\/#\/schema\/person\/2ebc59f80cf35317c2a9f16341ee7883"},"breadcrumb":{"@id":"https:\/\/archilaabogados.com\/2022\/04\/23\/opinion-las-malas-practicas\/#breadcrumb"},"inLanguage":"en-US","potentialAction":[{"@type":"ReadAction","target":["https:\/\/archilaabogados.com\/2022\/04\/23\/opinion-las-malas-practicas\/"]}]},{"@type":"ImageObject","inLanguage":"en-US","@id":"https:\/\/archilaabogados.com\/2022\/04\/23\/opinion-las-malas-practicas\/#primaryimage","url":"https:\/\/archilaabogados.com\/wp-content\/uploads\/2022\/04\/jessica_solano_asuntos.jpg","contentUrl":"https:\/\/archilaabogados.com\/wp-content\/uploads\/2022\/04\/jessica_solano_asuntos.jpg","width":240,"height":290},{"@type":"BreadcrumbList","@id":"https:\/\/archilaabogados.com\/2022\/04\/23\/opinion-las-malas-practicas\/#breadcrumb","itemListElement":[{"@type":"ListItem","position":1,"name":"Home","item":"https:\/\/archilaabogados.com\/"},{"@type":"ListItem","position":2,"name":"OPINI\u00d3N: Las malas pr\u00e1cticas"}]},{"@type":"WebSite","@id":"https:\/\/archilaabogados.com\/#website","url":"https:\/\/archilaabogados.com\/","name":"Archila Abogados","description":"Servicios legales","potentialAction":[{"@type":"SearchAction","target":{"@type":"EntryPoint","urlTemplate":"https:\/\/archilaabogados.com\/?s={search_term_string}"},"query-input":{"@type":"PropertyValueSpecification","valueRequired":true,"valueName":"search_term_string"}}],"inLanguage":"en-US"},{"@type":"Person","@id":"https:\/\/archilaabogados.com\/#\/schema\/person\/2ebc59f80cf35317c2a9f16341ee7883","name":"ArhilAdmin","image":{"@type":"ImageObject","inLanguage":"en-US","@id":"https:\/\/secure.gravatar.com\/avatar\/9dcaf3f4e6ece3ae0c14ad443b5883bafd050ab345f218cf32465ef4c68ec5f4?s=96&d=mm&r=g","url":"https:\/\/secure.gravatar.com\/avatar\/9dcaf3f4e6ece3ae0c14ad443b5883bafd050ab345f218cf32465ef4c68ec5f4?s=96&d=mm&r=g","contentUrl":"https:\/\/secure.gravatar.com\/avatar\/9dcaf3f4e6ece3ae0c14ad443b5883bafd050ab345f218cf32465ef4c68ec5f4?s=96&d=mm&r=g","caption":"ArhilAdmin"},"sameAs":["https:\/\/archilaabogados.com"],"url":"https:\/\/archilaabogados.com\/en\/author\/arhiladmin\/"}]}},"_links":{"self":[{"href":"https:\/\/archilaabogados.com\/en\/wp-json\/wp\/v2\/posts\/925","targetHints":{"allow":["GET"]}}],"collection":[{"href":"https:\/\/archilaabogados.com\/en\/wp-json\/wp\/v2\/posts"}],"about":[{"href":"https:\/\/archilaabogados.com\/en\/wp-json\/wp\/v2\/types\/post"}],"author":[{"embeddable":true,"href":"https:\/\/archilaabogados.com\/en\/wp-json\/wp\/v2\/users\/1"}],"replies":[{"embeddable":true,"href":"https:\/\/archilaabogados.com\/en\/wp-json\/wp\/v2\/comments?post=925"}],"version-history":[{"count":1,"href":"https:\/\/archilaabogados.com\/en\/wp-json\/wp\/v2\/posts\/925\/revisions"}],"predecessor-version":[{"id":1514,"href":"https:\/\/archilaabogados.com\/en\/wp-json\/wp\/v2\/posts\/925\/revisions\/1514"}],"wp:featuredmedia":[{"embeddable":true,"href":"https:\/\/archilaabogados.com\/en\/wp-json\/wp\/v2\/media\/870"}],"wp:attachment":[{"href":"https:\/\/archilaabogados.com\/en\/wp-json\/wp\/v2\/media?parent=925"}],"wp:term":[{"taxonomy":"category","embeddable":true,"href":"https:\/\/archilaabogados.com\/en\/wp-json\/wp\/v2\/categories?post=925"},{"taxonomy":"post_tag","embeddable":true,"href":"https:\/\/archilaabogados.com\/en\/wp-json\/wp\/v2\/tags?post=925"}],"curies":[{"name":"wp","href":"https:\/\/api.w.org\/{rel}","templated":true}]}}