{"id":926,"date":"2022-04-23T10:50:22","date_gmt":"2022-04-23T10:50:22","guid":{"rendered":"https:\/\/archilaabogados.com\/?p=3237"},"modified":"2022-05-27T05:53:51","modified_gmt":"2022-05-27T05:53:51","slug":"la-solicitud-de-cautela-en-procesos-ejecutivos","status":"publish","type":"post","link":"https:\/\/archilaabogados.com\/en\/2022\/04\/23\/la-solicitud-de-cautela-en-procesos-ejecutivos\/","title":{"rendered":"La solicitud de cautela en procesos ejecutivos"},"content":{"rendered":"<p><strong>La solicitud de cautela en procesos ejecutivos; por Jessica Solano (29\/01\/2022)<\/strong><\/p>\n<p>Cuando vamos a presentar una solicitud de medidas cautelares en un proceso ejecutivo -los que no nos toc\u00f3 ojear mucho el antiguo CPC-, casi que por practica reiterada, la presentamos en escrito separado, y esto muchas veces es porque aprendimos que as\u00ed se hac\u00eda y porque tambi\u00e9n es apenas l\u00f3gico, ya que como se sabe, la finalidad de estas en ese tipo de procesos es que el ejecutado cumpla con el mandamiento ejecutivo y no que (cof cof, misteriosamente) se insolvente antes de que se libre este (cof, cof).<\/p>\n<p>Sin embargo, en el derecho procesal la costumbre no es fuente formal, lo que es una pr\u00e1ctica reiterada o una costumbre per se no se convierte en norma, por eso, la idea de que la solicitud de medida cautelar en un proceso ejecutivo, ejemplo el embargo, debe presentarse en escrito separado y con ella se debe formar cuaderno especial, debe tener un fundamento jur\u00eddico normativo, y efectivamente s\u00ed lo ten\u00eda. En nuestro derogado C\u00f3digo de Procedimiento Civil (CPC) se establec\u00eda, en el art\u00edculo 513, dicha disposici\u00f3n; sin embargo, esta es inexistente en el actual C\u00f3digo General del Proceso (CGP).<\/p>\n<p>En su momento, uno de los cambios estructurales que tuvo el CGP con respecto a las normas procesales anteriores fue justamente la ubicaci\u00f3n de los art\u00edculos concernientes a las medidas cautelares tramitadas en los procesos ejecutivos, ya que en el CPC dichas normas \u201cmedidas ejecutivas\u201d iban fuera del Libro Cuarto titulado \u201cMedidas cautelares\u201d. En el CGP s\u00ed se unific\u00f3 en el LibroCuarto -igualmente titulado-, todas las medidas cautelares, tanto la de procesos ejecutivos como las que se tramitan en los dem\u00e1s procesos; no obstante, al realizarse dicha labor, pudo ser que la comisi\u00f3n redactora de este olvidara o no considerara necesario traer a la nueva reglamentaci\u00f3n procesal este mandato puntual.<\/p>\n<p>Pero a falta de la disposici\u00f3n especial en el CGP con respecto a como estaba en el CPC, el CGP, en el art\u00edculo 78, incluy\u00f3 en el numeral 14 el deber de enviar a las dem\u00e1s partes del proceso, despu\u00e9s de notificadas, un ejemplar de los memoriales presentados en el proceso, exceptu\u00e1ndose la petici\u00f3n de medidas cautelares, lo que bien podr\u00eda explicar por qu\u00e9 la comisi\u00f3n redactora no consider\u00f3 necesario traer a la nueva reglamentaci\u00f3n de manera tan clara y precisa como estaba antes en el CPC; si es ese el argumento, qued\u00f3 algo laxo, ya que dicha petici\u00f3n bien podr\u00eda formularse dentro del escrito de demanda y no habr\u00eda prohibici\u00f3n alguna.<\/p>\n<p>Dicho lo anterior, igual sigue quedando sin piso el por qu\u00e9 eliminar de tajo el aparte que indicaba \u201cy con ella se formar\u00e1 cuaderno especial\u201d; se desconoce si es que esa obligaci\u00f3n de dar l\u00ednea al respecto, la comisi\u00f3n se la traslad\u00f3 a la Sala Administrativa del CSJ bajo lo reglamentado en el par\u00e1grafo primero del art\u00edculo 103 y el numeral 5 del art\u00edculo 618 del CGP, ya que la idea es que se pase gradualmente a un expediente digital.<\/p>\n<p>Lo cierto es que, actualmente dentro del CGP no hay una norma clara y contundente que indique lo que aqu\u00ed se ha planteado y la idea ser\u00eda analizar si se considera necesaria su inclusi\u00f3n.<\/p>\n<p>Adenda No. 1: Seguimos en la b\u00fasqueda de alg\u00fan noble senador (gui\u00f1o gui\u00f1o) que se apropie de la tarea de incorporar el Decreto Legislativo 806 de 2020 a la normatividad civil, ya que en la jurisdicci\u00f3n de lo contencioso administrativo se hizo lo propio.<\/p>\n<p>Adenda No. 2: Que sea este uno de los espacios para desear una pronta recuperaci\u00f3n al Dr. Luis Jer\u00f3nimo Espinosa Haeckermann. Por \u00e9l muchos crecimos amando el derecho procesal civil.<\/p>\n<p><strong>Art\u00edculo en Asuntos Legales, <a href=\"https:\/\/www.asuntoslegales.com.co\/analisis\/jessica-solano-3294017\/la-solicitud-de-cautela-en-procesos-ejecutivos-3294005\" target=\"_blank\" rel=\"noopener\">clic ac\u00e1 <\/a><\/strong><\/p>","protected":false},"excerpt":{"rendered":"<p>La solicitud de cautela en procesos ejecutivos; por Jessica Solano (29\/01\/2022) Cuando vamos a presentar una solicitud de medidas&#8230;<\/p>","protected":false},"author":1,"featured_media":872,"comment_status":"closed","ping_status":"open","sticky":false,"template":"","format":"standard","meta":{"_kad_post_transparent":"","_kad_post_title":"","_kad_post_layout":"","_kad_post_sidebar_id":"","_kad_post_content_style":"","_kad_post_vertical_padding":"","_kad_post_feature":"","_kad_post_feature_position":"","_kad_post_header":false,"_kad_post_footer":false,"footnotes":""},"categories":[15],"tags":[51],"class_list":["post-926","post","type-post","status-publish","format-standard","has-post-thumbnail","hentry","category-diario-la-republica","tag-asuntos-legales"],"yoast_head":"<!-- This site is optimized with the Yoast SEO plugin v27.4 - https:\/\/yoast.com\/product\/yoast-seo-wordpress\/ -->\n<title>La solicitud de cautela en procesos ejecutivos - Archila Abogados<\/title>\n<meta name=\"robots\" content=\"index, follow, max-snippet:-1, max-image-preview:large, max-video-preview:-1\" \/>\n<link rel=\"canonical\" href=\"https:\/\/archilaabogados.com\/en\/2022\/04\/23\/la-solicitud-de-cautela-en-procesos-ejecutivos\/\" \/>\n<meta property=\"og:locale\" content=\"en_US\" \/>\n<meta property=\"og:type\" content=\"article\" \/>\n<meta property=\"og:title\" content=\"La solicitud de cautela en procesos ejecutivos - Archila Abogados\" \/>\n<meta property=\"og:description\" content=\"La solicitud de cautela en procesos ejecutivos; por Jessica Solano (29\/01\/2022) Cuando vamos a presentar una solicitud de medidas...\" \/>\n<meta property=\"og:url\" content=\"https:\/\/archilaabogados.com\/en\/2022\/04\/23\/la-solicitud-de-cautela-en-procesos-ejecutivos\/\" \/>\n<meta property=\"og:site_name\" content=\"Archila Abogados\" \/>\n<meta property=\"article:published_time\" content=\"2022-04-23T10:50:22+00:00\" \/>\n<meta property=\"article:modified_time\" content=\"2022-05-27T05:53:51+00:00\" \/>\n<meta property=\"og:image\" content=\"http:\/\/archilaabogados.com\/wp-content\/uploads\/2021\/07\/Jessica_240.jpg\" \/>\n\t<meta property=\"og:image:width\" content=\"240\" \/>\n\t<meta property=\"og:image:height\" content=\"290\" \/>\n\t<meta property=\"og:image:type\" content=\"image\/jpeg\" \/>\n<meta name=\"author\" content=\"ArhilAdmin\" \/>\n<meta name=\"twitter:card\" content=\"summary_large_image\" \/>\n<meta name=\"twitter:label1\" content=\"Written by\" \/>\n\t<meta name=\"twitter:data1\" content=\"ArhilAdmin\" \/>\n\t<meta name=\"twitter:label2\" content=\"Est. reading time\" \/>\n\t<meta name=\"twitter:data2\" content=\"3 minutes\" \/>\n<script type=\"application\/ld+json\" class=\"yoast-schema-graph\">{\"@context\":\"https:\\\/\\\/schema.org\",\"@graph\":[{\"@type\":\"Article\",\"@id\":\"https:\\\/\\\/archilaabogados.com\\\/2022\\\/04\\\/23\\\/la-solicitud-de-cautela-en-procesos-ejecutivos\\\/#article\",\"isPartOf\":{\"@id\":\"https:\\\/\\\/archilaabogados.com\\\/2022\\\/04\\\/23\\\/la-solicitud-de-cautela-en-procesos-ejecutivos\\\/\"},\"author\":{\"name\":\"ArhilAdmin\",\"@id\":\"https:\\\/\\\/archilaabogados.com\\\/#\\\/schema\\\/person\\\/2ebc59f80cf35317c2a9f16341ee7883\"},\"headline\":\"La solicitud de cautela en procesos ejecutivos\",\"datePublished\":\"2022-04-23T10:50:22+00:00\",\"dateModified\":\"2022-05-27T05:53:51+00:00\",\"mainEntityOfPage\":{\"@id\":\"https:\\\/\\\/archilaabogados.com\\\/2022\\\/04\\\/23\\\/la-solicitud-de-cautela-en-procesos-ejecutivos\\\/\"},\"wordCount\":656,\"image\":{\"@id\":\"https:\\\/\\\/archilaabogados.com\\\/2022\\\/04\\\/23\\\/la-solicitud-de-cautela-en-procesos-ejecutivos\\\/#primaryimage\"},\"thumbnailUrl\":\"https:\\\/\\\/archilaabogados.com\\\/wp-content\\\/uploads\\\/2021\\\/07\\\/Jessica_240.jpg\",\"keywords\":[\"Asuntos Legales\"],\"articleSection\":[\"Diario La Rep\u00fablica\"],\"inLanguage\":\"en-US\"},{\"@type\":\"WebPage\",\"@id\":\"https:\\\/\\\/archilaabogados.com\\\/2022\\\/04\\\/23\\\/la-solicitud-de-cautela-en-procesos-ejecutivos\\\/\",\"url\":\"https:\\\/\\\/archilaabogados.com\\\/2022\\\/04\\\/23\\\/la-solicitud-de-cautela-en-procesos-ejecutivos\\\/\",\"name\":\"La solicitud de cautela en procesos ejecutivos - Archila Abogados\",\"isPartOf\":{\"@id\":\"https:\\\/\\\/archilaabogados.com\\\/#website\"},\"primaryImageOfPage\":{\"@id\":\"https:\\\/\\\/archilaabogados.com\\\/2022\\\/04\\\/23\\\/la-solicitud-de-cautela-en-procesos-ejecutivos\\\/#primaryimage\"},\"image\":{\"@id\":\"https:\\\/\\\/archilaabogados.com\\\/2022\\\/04\\\/23\\\/la-solicitud-de-cautela-en-procesos-ejecutivos\\\/#primaryimage\"},\"thumbnailUrl\":\"https:\\\/\\\/archilaabogados.com\\\/wp-content\\\/uploads\\\/2021\\\/07\\\/Jessica_240.jpg\",\"datePublished\":\"2022-04-23T10:50:22+00:00\",\"dateModified\":\"2022-05-27T05:53:51+00:00\",\"author\":{\"@id\":\"https:\\\/\\\/archilaabogados.com\\\/#\\\/schema\\\/person\\\/2ebc59f80cf35317c2a9f16341ee7883\"},\"breadcrumb\":{\"@id\":\"https:\\\/\\\/archilaabogados.com\\\/2022\\\/04\\\/23\\\/la-solicitud-de-cautela-en-procesos-ejecutivos\\\/#breadcrumb\"},\"inLanguage\":\"en-US\",\"potentialAction\":[{\"@type\":\"ReadAction\",\"target\":[\"https:\\\/\\\/archilaabogados.com\\\/2022\\\/04\\\/23\\\/la-solicitud-de-cautela-en-procesos-ejecutivos\\\/\"]}]},{\"@type\":\"ImageObject\",\"inLanguage\":\"en-US\",\"@id\":\"https:\\\/\\\/archilaabogados.com\\\/2022\\\/04\\\/23\\\/la-solicitud-de-cautela-en-procesos-ejecutivos\\\/#primaryimage\",\"url\":\"https:\\\/\\\/archilaabogados.com\\\/wp-content\\\/uploads\\\/2021\\\/07\\\/Jessica_240.jpg\",\"contentUrl\":\"https:\\\/\\\/archilaabogados.com\\\/wp-content\\\/uploads\\\/2021\\\/07\\\/Jessica_240.jpg\",\"width\":240,\"height\":290},{\"@type\":\"BreadcrumbList\",\"@id\":\"https:\\\/\\\/archilaabogados.com\\\/2022\\\/04\\\/23\\\/la-solicitud-de-cautela-en-procesos-ejecutivos\\\/#breadcrumb\",\"itemListElement\":[{\"@type\":\"ListItem\",\"position\":1,\"name\":\"Home\",\"item\":\"https:\\\/\\\/archilaabogados.com\\\/\"},{\"@type\":\"ListItem\",\"position\":2,\"name\":\"La solicitud de cautela en procesos ejecutivos\"}]},{\"@type\":\"WebSite\",\"@id\":\"https:\\\/\\\/archilaabogados.com\\\/#website\",\"url\":\"https:\\\/\\\/archilaabogados.com\\\/\",\"name\":\"Archila Abogados\",\"description\":\"Servicios legales\",\"potentialAction\":[{\"@type\":\"SearchAction\",\"target\":{\"@type\":\"EntryPoint\",\"urlTemplate\":\"https:\\\/\\\/archilaabogados.com\\\/?s={search_term_string}\"},\"query-input\":{\"@type\":\"PropertyValueSpecification\",\"valueRequired\":true,\"valueName\":\"search_term_string\"}}],\"inLanguage\":\"en-US\"},{\"@type\":\"Person\",\"@id\":\"https:\\\/\\\/archilaabogados.com\\\/#\\\/schema\\\/person\\\/2ebc59f80cf35317c2a9f16341ee7883\",\"name\":\"ArhilAdmin\",\"image\":{\"@type\":\"ImageObject\",\"inLanguage\":\"en-US\",\"@id\":\"https:\\\/\\\/secure.gravatar.com\\\/avatar\\\/9dcaf3f4e6ece3ae0c14ad443b5883bafd050ab345f218cf32465ef4c68ec5f4?s=96&d=mm&r=g\",\"url\":\"https:\\\/\\\/secure.gravatar.com\\\/avatar\\\/9dcaf3f4e6ece3ae0c14ad443b5883bafd050ab345f218cf32465ef4c68ec5f4?s=96&d=mm&r=g\",\"contentUrl\":\"https:\\\/\\\/secure.gravatar.com\\\/avatar\\\/9dcaf3f4e6ece3ae0c14ad443b5883bafd050ab345f218cf32465ef4c68ec5f4?s=96&d=mm&r=g\",\"caption\":\"ArhilAdmin\"},\"sameAs\":[\"https:\\\/\\\/archilaabogados.com\"],\"url\":\"https:\\\/\\\/archilaabogados.com\\\/en\\\/author\\\/arhiladmin\\\/\"}]}<\/script>\n<!-- \/ Yoast SEO plugin. -->","yoast_head_json":{"title":"La solicitud de cautela en procesos ejecutivos - Archila Abogados","robots":{"index":"index","follow":"follow","max-snippet":"max-snippet:-1","max-image-preview":"max-image-preview:large","max-video-preview":"max-video-preview:-1"},"canonical":"https:\/\/archilaabogados.com\/en\/2022\/04\/23\/la-solicitud-de-cautela-en-procesos-ejecutivos\/","og_locale":"en_US","og_type":"article","og_title":"La solicitud de cautela en procesos ejecutivos - Archila Abogados","og_description":"La solicitud de cautela en procesos ejecutivos; por Jessica Solano (29\/01\/2022) Cuando vamos a presentar una solicitud de medidas...","og_url":"https:\/\/archilaabogados.com\/en\/2022\/04\/23\/la-solicitud-de-cautela-en-procesos-ejecutivos\/","og_site_name":"Archila Abogados","article_published_time":"2022-04-23T10:50:22+00:00","article_modified_time":"2022-05-27T05:53:51+00:00","og_image":[{"width":240,"height":290,"url":"http:\/\/archilaabogados.com\/wp-content\/uploads\/2021\/07\/Jessica_240.jpg","type":"image\/jpeg"}],"author":"ArhilAdmin","twitter_card":"summary_large_image","twitter_misc":{"Written by":"ArhilAdmin","Est. reading time":"3 minutes"},"schema":{"@context":"https:\/\/schema.org","@graph":[{"@type":"Article","@id":"https:\/\/archilaabogados.com\/2022\/04\/23\/la-solicitud-de-cautela-en-procesos-ejecutivos\/#article","isPartOf":{"@id":"https:\/\/archilaabogados.com\/2022\/04\/23\/la-solicitud-de-cautela-en-procesos-ejecutivos\/"},"author":{"name":"ArhilAdmin","@id":"https:\/\/archilaabogados.com\/#\/schema\/person\/2ebc59f80cf35317c2a9f16341ee7883"},"headline":"La solicitud de cautela en procesos ejecutivos","datePublished":"2022-04-23T10:50:22+00:00","dateModified":"2022-05-27T05:53:51+00:00","mainEntityOfPage":{"@id":"https:\/\/archilaabogados.com\/2022\/04\/23\/la-solicitud-de-cautela-en-procesos-ejecutivos\/"},"wordCount":656,"image":{"@id":"https:\/\/archilaabogados.com\/2022\/04\/23\/la-solicitud-de-cautela-en-procesos-ejecutivos\/#primaryimage"},"thumbnailUrl":"https:\/\/archilaabogados.com\/wp-content\/uploads\/2021\/07\/Jessica_240.jpg","keywords":["Asuntos Legales"],"articleSection":["Diario La Rep\u00fablica"],"inLanguage":"en-US"},{"@type":"WebPage","@id":"https:\/\/archilaabogados.com\/2022\/04\/23\/la-solicitud-de-cautela-en-procesos-ejecutivos\/","url":"https:\/\/archilaabogados.com\/2022\/04\/23\/la-solicitud-de-cautela-en-procesos-ejecutivos\/","name":"La solicitud de cautela en procesos ejecutivos - Archila Abogados","isPartOf":{"@id":"https:\/\/archilaabogados.com\/#website"},"primaryImageOfPage":{"@id":"https:\/\/archilaabogados.com\/2022\/04\/23\/la-solicitud-de-cautela-en-procesos-ejecutivos\/#primaryimage"},"image":{"@id":"https:\/\/archilaabogados.com\/2022\/04\/23\/la-solicitud-de-cautela-en-procesos-ejecutivos\/#primaryimage"},"thumbnailUrl":"https:\/\/archilaabogados.com\/wp-content\/uploads\/2021\/07\/Jessica_240.jpg","datePublished":"2022-04-23T10:50:22+00:00","dateModified":"2022-05-27T05:53:51+00:00","author":{"@id":"https:\/\/archilaabogados.com\/#\/schema\/person\/2ebc59f80cf35317c2a9f16341ee7883"},"breadcrumb":{"@id":"https:\/\/archilaabogados.com\/2022\/04\/23\/la-solicitud-de-cautela-en-procesos-ejecutivos\/#breadcrumb"},"inLanguage":"en-US","potentialAction":[{"@type":"ReadAction","target":["https:\/\/archilaabogados.com\/2022\/04\/23\/la-solicitud-de-cautela-en-procesos-ejecutivos\/"]}]},{"@type":"ImageObject","inLanguage":"en-US","@id":"https:\/\/archilaabogados.com\/2022\/04\/23\/la-solicitud-de-cautela-en-procesos-ejecutivos\/#primaryimage","url":"https:\/\/archilaabogados.com\/wp-content\/uploads\/2021\/07\/Jessica_240.jpg","contentUrl":"https:\/\/archilaabogados.com\/wp-content\/uploads\/2021\/07\/Jessica_240.jpg","width":240,"height":290},{"@type":"BreadcrumbList","@id":"https:\/\/archilaabogados.com\/2022\/04\/23\/la-solicitud-de-cautela-en-procesos-ejecutivos\/#breadcrumb","itemListElement":[{"@type":"ListItem","position":1,"name":"Home","item":"https:\/\/archilaabogados.com\/"},{"@type":"ListItem","position":2,"name":"La solicitud de cautela en procesos ejecutivos"}]},{"@type":"WebSite","@id":"https:\/\/archilaabogados.com\/#website","url":"https:\/\/archilaabogados.com\/","name":"Archila Abogados","description":"Servicios legales","potentialAction":[{"@type":"SearchAction","target":{"@type":"EntryPoint","urlTemplate":"https:\/\/archilaabogados.com\/?s={search_term_string}"},"query-input":{"@type":"PropertyValueSpecification","valueRequired":true,"valueName":"search_term_string"}}],"inLanguage":"en-US"},{"@type":"Person","@id":"https:\/\/archilaabogados.com\/#\/schema\/person\/2ebc59f80cf35317c2a9f16341ee7883","name":"ArhilAdmin","image":{"@type":"ImageObject","inLanguage":"en-US","@id":"https:\/\/secure.gravatar.com\/avatar\/9dcaf3f4e6ece3ae0c14ad443b5883bafd050ab345f218cf32465ef4c68ec5f4?s=96&d=mm&r=g","url":"https:\/\/secure.gravatar.com\/avatar\/9dcaf3f4e6ece3ae0c14ad443b5883bafd050ab345f218cf32465ef4c68ec5f4?s=96&d=mm&r=g","contentUrl":"https:\/\/secure.gravatar.com\/avatar\/9dcaf3f4e6ece3ae0c14ad443b5883bafd050ab345f218cf32465ef4c68ec5f4?s=96&d=mm&r=g","caption":"ArhilAdmin"},"sameAs":["https:\/\/archilaabogados.com"],"url":"https:\/\/archilaabogados.com\/en\/author\/arhiladmin\/"}]}},"_links":{"self":[{"href":"https:\/\/archilaabogados.com\/en\/wp-json\/wp\/v2\/posts\/926","targetHints":{"allow":["GET"]}}],"collection":[{"href":"https:\/\/archilaabogados.com\/en\/wp-json\/wp\/v2\/posts"}],"about":[{"href":"https:\/\/archilaabogados.com\/en\/wp-json\/wp\/v2\/types\/post"}],"author":[{"embeddable":true,"href":"https:\/\/archilaabogados.com\/en\/wp-json\/wp\/v2\/users\/1"}],"replies":[{"embeddable":true,"href":"https:\/\/archilaabogados.com\/en\/wp-json\/wp\/v2\/comments?post=926"}],"version-history":[{"count":1,"href":"https:\/\/archilaabogados.com\/en\/wp-json\/wp\/v2\/posts\/926\/revisions"}],"predecessor-version":[{"id":1515,"href":"https:\/\/archilaabogados.com\/en\/wp-json\/wp\/v2\/posts\/926\/revisions\/1515"}],"wp:featuredmedia":[{"embeddable":true,"href":"https:\/\/archilaabogados.com\/en\/wp-json\/wp\/v2\/media\/872"}],"wp:attachment":[{"href":"https:\/\/archilaabogados.com\/en\/wp-json\/wp\/v2\/media?parent=926"}],"wp:term":[{"taxonomy":"category","embeddable":true,"href":"https:\/\/archilaabogados.com\/en\/wp-json\/wp\/v2\/categories?post=926"},{"taxonomy":"post_tag","embeddable":true,"href":"https:\/\/archilaabogados.com\/en\/wp-json\/wp\/v2\/tags?post=926"}],"curies":[{"name":"wp","href":"https:\/\/api.w.org\/{rel}","templated":true}]}}