{"id":935,"date":"2021-10-26T19:37:10","date_gmt":"2021-10-26T19:37:10","guid":{"rendered":"https:\/\/archilaabogados.com\/?p=3057"},"modified":"2022-05-27T05:53:52","modified_gmt":"2022-05-27T05:53:52","slug":"los-remedios-frente-al-fenomeno-alcista","status":"publish","type":"post","link":"https:\/\/archilaabogados.com\/en\/2021\/10\/26\/los-remedios-frente-al-fenomeno-alcista\/","title":{"rendered":"Los remedios frente al fen\u00f3meno alcista"},"content":{"rendered":"<p>Otro de los efectos de la pandemia ha sido el incremento de los precios de los insumos b\u00e1sicos a nivel mundial. No es s\u00f3lo un fen\u00f3meno de Colombia donde hemos sentido el incremento en muchos de los productos que a diario consumimos. Esto nos lleva responder las siguientes preguntas.<\/p>\n<p><strong>1. \u00bfEl incremento en los precios que se ha observado, puede obedecer necesariamente a una conducta que restrinja la competencia?<\/strong><\/p>\n<p>R) La respuesta es no. No necesariamente este incremento que nos ha impactado obedece a una conducta restrictiva de la competencia. Recordemos que el incremento en los precios es una conducta restrictiva de la competencia en la legislaci\u00f3n colombiana, cuando se deriva de un acuerdo entre empresas competidoras (Art. 47 n\u00fam. 1 decreto 2153 de 1992). Es decir, que el incremento no se origina por una decisi\u00f3n independiente de la empresa sino por la confluencia de voluntades dirigidas a fijar un precio artificial. Lo que se conoce y que es un fen\u00f3meno mundial, es que la reactivaci\u00f3n ha originado una demanda superior a la oferta y a esto se le suma la crisis log\u00edstica del transporte, que a\u00fan no ha podido volver a niveles de 2019. En otras palabras, la demanda es mayor que la oferta, lo que presiona un alza en los precios que explicar\u00eda el fen\u00f3meno.<\/p>\n<p>De acuerdo a lo anterior, las empresas colombianas que importan sus insumos para fabricar sus productos o aquellas que los importan ya terminados, deben lidiar con la escasez que las lleva a tener que pagar un mayor precio que antes de la pandemia y eso, desafortunadamente para los consumidores, se le traslada en forma de un incremento de precios.<\/p>\n<p><strong>2. \u00bfC\u00f3mo podr\u00edan controlar las autoridades este fen\u00f3meno alcista?<\/strong><\/p>\n<p>R) La ley colombiana tiene varias herramientas:<\/p>\n<p>Una, dejando que la competencia act\u00fae, esto es, cuando las condiciones se equilibren, los precios deber\u00edan reflejar las condiciones del mercado. Otra, es que la autoridad de competencia cumpla con sus funciones y vigile el mercado, para establecer cuando el incremento de precios obedezca a conductas que restringen la competencia, como los acuerdos entre competidores y, la regulaci\u00f3n: como respuesta inmediata a la emergencia sanitaria, la Superintendencia de Industria y Comercio abri\u00f3 investigaciones sobre aquellas empresas que, a su criterio, subieron los precios de productos necesarios para paliar la pandemia (tapabocas, gel, guantes, etc), aprovech\u00e1ndose del incremento de la demanda sobre los mismos.<\/p>\n<p>Adicionalmente, las medidas tributarias y de comercio exterior que artificialmente encarecen insumos y productos terminados deben ser revisadas para paliar el impacto que el fen\u00f3meno alcista ha tenido sobre la econom\u00eda. Es necesario utilizar todas las herramientas con las que contamos.<\/p>","protected":false},"excerpt":{"rendered":"<p>Otro de los efectos de la pandemia ha sido el incremento de los precios de los insumos b\u00e1sicos a&#8230;<\/p>","protected":false},"author":1,"featured_media":868,"comment_status":"closed","ping_status":"open","sticky":false,"template":"","format":"standard","meta":{"_kad_post_transparent":"","_kad_post_title":"","_kad_post_layout":"","_kad_post_sidebar_id":"","_kad_post_content_style":"","_kad_post_vertical_padding":"","_kad_post_feature":"","_kad_post_feature_position":"","_kad_post_header":false,"_kad_post_footer":false,"footnotes":""},"categories":[15],"tags":[51],"class_list":["post-935","post","type-post","status-publish","format-standard","has-post-thumbnail","hentry","category-diario-la-republica","tag-asuntos-legales"],"yoast_head":"<!-- This site is optimized with the Yoast SEO plugin v27.4 - https:\/\/yoast.com\/product\/yoast-seo-wordpress\/ -->\n<title>Los remedios frente al fen\u00f3meno alcista - Archila Abogados<\/title>\n<meta name=\"robots\" content=\"index, follow, max-snippet:-1, max-image-preview:large, max-video-preview:-1\" \/>\n<link rel=\"canonical\" href=\"https:\/\/archilaabogados.com\/en\/2021\/10\/26\/los-remedios-frente-al-fenomeno-alcista\/\" \/>\n<meta property=\"og:locale\" content=\"en_US\" \/>\n<meta property=\"og:type\" content=\"article\" \/>\n<meta property=\"og:title\" content=\"Los remedios frente al fen\u00f3meno alcista - Archila Abogados\" \/>\n<meta property=\"og:description\" content=\"Otro de los efectos de la pandemia ha sido el incremento de los precios de los insumos b\u00e1sicos a...\" \/>\n<meta property=\"og:url\" content=\"https:\/\/archilaabogados.com\/en\/2021\/10\/26\/los-remedios-frente-al-fenomeno-alcista\/\" \/>\n<meta property=\"og:site_name\" content=\"Archila Abogados\" \/>\n<meta property=\"article:published_time\" content=\"2021-10-26T19:37:10+00:00\" \/>\n<meta property=\"article:modified_time\" content=\"2022-05-27T05:53:52+00:00\" \/>\n<meta property=\"og:image\" content=\"http:\/\/archilaabogados.com\/wp-content\/uploads\/2020\/04\/dionisio_240.jpg\" \/>\n\t<meta property=\"og:image:width\" content=\"240\" \/>\n\t<meta property=\"og:image:height\" content=\"304\" \/>\n\t<meta property=\"og:image:type\" content=\"image\/jpeg\" \/>\n<meta name=\"author\" content=\"ArhilAdmin\" \/>\n<meta name=\"twitter:card\" content=\"summary_large_image\" \/>\n<meta name=\"twitter:label1\" content=\"Written by\" \/>\n\t<meta name=\"twitter:data1\" content=\"ArhilAdmin\" \/>\n\t<meta name=\"twitter:label2\" content=\"Est. reading time\" \/>\n\t<meta name=\"twitter:data2\" content=\"2 minutes\" \/>\n<script type=\"application\/ld+json\" class=\"yoast-schema-graph\">{\"@context\":\"https:\\\/\\\/schema.org\",\"@graph\":[{\"@type\":\"Article\",\"@id\":\"https:\\\/\\\/archilaabogados.com\\\/2021\\\/10\\\/26\\\/los-remedios-frente-al-fenomeno-alcista\\\/#article\",\"isPartOf\":{\"@id\":\"https:\\\/\\\/archilaabogados.com\\\/2021\\\/10\\\/26\\\/los-remedios-frente-al-fenomeno-alcista\\\/\"},\"author\":{\"name\":\"ArhilAdmin\",\"@id\":\"https:\\\/\\\/archilaabogados.com\\\/#\\\/schema\\\/person\\\/2ebc59f80cf35317c2a9f16341ee7883\"},\"headline\":\"Los remedios frente al fen\u00f3meno alcista\",\"datePublished\":\"2021-10-26T19:37:10+00:00\",\"dateModified\":\"2022-05-27T05:53:52+00:00\",\"mainEntityOfPage\":{\"@id\":\"https:\\\/\\\/archilaabogados.com\\\/2021\\\/10\\\/26\\\/los-remedios-frente-al-fenomeno-alcista\\\/\"},\"wordCount\":457,\"image\":{\"@id\":\"https:\\\/\\\/archilaabogados.com\\\/2021\\\/10\\\/26\\\/los-remedios-frente-al-fenomeno-alcista\\\/#primaryimage\"},\"thumbnailUrl\":\"https:\\\/\\\/archilaabogados.com\\\/wp-content\\\/uploads\\\/2020\\\/04\\\/dionisio_240.jpg\",\"keywords\":[\"Asuntos Legales\"],\"articleSection\":[\"Diario La Rep\u00fablica\"],\"inLanguage\":\"en-US\"},{\"@type\":\"WebPage\",\"@id\":\"https:\\\/\\\/archilaabogados.com\\\/2021\\\/10\\\/26\\\/los-remedios-frente-al-fenomeno-alcista\\\/\",\"url\":\"https:\\\/\\\/archilaabogados.com\\\/2021\\\/10\\\/26\\\/los-remedios-frente-al-fenomeno-alcista\\\/\",\"name\":\"Los remedios frente al fen\u00f3meno alcista - Archila Abogados\",\"isPartOf\":{\"@id\":\"https:\\\/\\\/archilaabogados.com\\\/#website\"},\"primaryImageOfPage\":{\"@id\":\"https:\\\/\\\/archilaabogados.com\\\/2021\\\/10\\\/26\\\/los-remedios-frente-al-fenomeno-alcista\\\/#primaryimage\"},\"image\":{\"@id\":\"https:\\\/\\\/archilaabogados.com\\\/2021\\\/10\\\/26\\\/los-remedios-frente-al-fenomeno-alcista\\\/#primaryimage\"},\"thumbnailUrl\":\"https:\\\/\\\/archilaabogados.com\\\/wp-content\\\/uploads\\\/2020\\\/04\\\/dionisio_240.jpg\",\"datePublished\":\"2021-10-26T19:37:10+00:00\",\"dateModified\":\"2022-05-27T05:53:52+00:00\",\"author\":{\"@id\":\"https:\\\/\\\/archilaabogados.com\\\/#\\\/schema\\\/person\\\/2ebc59f80cf35317c2a9f16341ee7883\"},\"breadcrumb\":{\"@id\":\"https:\\\/\\\/archilaabogados.com\\\/2021\\\/10\\\/26\\\/los-remedios-frente-al-fenomeno-alcista\\\/#breadcrumb\"},\"inLanguage\":\"en-US\",\"potentialAction\":[{\"@type\":\"ReadAction\",\"target\":[\"https:\\\/\\\/archilaabogados.com\\\/2021\\\/10\\\/26\\\/los-remedios-frente-al-fenomeno-alcista\\\/\"]}]},{\"@type\":\"ImageObject\",\"inLanguage\":\"en-US\",\"@id\":\"https:\\\/\\\/archilaabogados.com\\\/2021\\\/10\\\/26\\\/los-remedios-frente-al-fenomeno-alcista\\\/#primaryimage\",\"url\":\"https:\\\/\\\/archilaabogados.com\\\/wp-content\\\/uploads\\\/2020\\\/04\\\/dionisio_240.jpg\",\"contentUrl\":\"https:\\\/\\\/archilaabogados.com\\\/wp-content\\\/uploads\\\/2020\\\/04\\\/dionisio_240.jpg\",\"width\":240,\"height\":304},{\"@type\":\"BreadcrumbList\",\"@id\":\"https:\\\/\\\/archilaabogados.com\\\/2021\\\/10\\\/26\\\/los-remedios-frente-al-fenomeno-alcista\\\/#breadcrumb\",\"itemListElement\":[{\"@type\":\"ListItem\",\"position\":1,\"name\":\"Home\",\"item\":\"https:\\\/\\\/archilaabogados.com\\\/\"},{\"@type\":\"ListItem\",\"position\":2,\"name\":\"Los remedios frente al fen\u00f3meno alcista\"}]},{\"@type\":\"WebSite\",\"@id\":\"https:\\\/\\\/archilaabogados.com\\\/#website\",\"url\":\"https:\\\/\\\/archilaabogados.com\\\/\",\"name\":\"Archila Abogados\",\"description\":\"Servicios legales\",\"potentialAction\":[{\"@type\":\"SearchAction\",\"target\":{\"@type\":\"EntryPoint\",\"urlTemplate\":\"https:\\\/\\\/archilaabogados.com\\\/?s={search_term_string}\"},\"query-input\":{\"@type\":\"PropertyValueSpecification\",\"valueRequired\":true,\"valueName\":\"search_term_string\"}}],\"inLanguage\":\"en-US\"},{\"@type\":\"Person\",\"@id\":\"https:\\\/\\\/archilaabogados.com\\\/#\\\/schema\\\/person\\\/2ebc59f80cf35317c2a9f16341ee7883\",\"name\":\"ArhilAdmin\",\"image\":{\"@type\":\"ImageObject\",\"inLanguage\":\"en-US\",\"@id\":\"https:\\\/\\\/secure.gravatar.com\\\/avatar\\\/9dcaf3f4e6ece3ae0c14ad443b5883bafd050ab345f218cf32465ef4c68ec5f4?s=96&d=mm&r=g\",\"url\":\"https:\\\/\\\/secure.gravatar.com\\\/avatar\\\/9dcaf3f4e6ece3ae0c14ad443b5883bafd050ab345f218cf32465ef4c68ec5f4?s=96&d=mm&r=g\",\"contentUrl\":\"https:\\\/\\\/secure.gravatar.com\\\/avatar\\\/9dcaf3f4e6ece3ae0c14ad443b5883bafd050ab345f218cf32465ef4c68ec5f4?s=96&d=mm&r=g\",\"caption\":\"ArhilAdmin\"},\"sameAs\":[\"https:\\\/\\\/archilaabogados.com\"],\"url\":\"https:\\\/\\\/archilaabogados.com\\\/en\\\/author\\\/arhiladmin\\\/\"}]}<\/script>\n<!-- \/ Yoast SEO plugin. -->","yoast_head_json":{"title":"Los remedios frente al fen\u00f3meno alcista - Archila Abogados","robots":{"index":"index","follow":"follow","max-snippet":"max-snippet:-1","max-image-preview":"max-image-preview:large","max-video-preview":"max-video-preview:-1"},"canonical":"https:\/\/archilaabogados.com\/en\/2021\/10\/26\/los-remedios-frente-al-fenomeno-alcista\/","og_locale":"en_US","og_type":"article","og_title":"Los remedios frente al fen\u00f3meno alcista - Archila Abogados","og_description":"Otro de los efectos de la pandemia ha sido el incremento de los precios de los insumos b\u00e1sicos a...","og_url":"https:\/\/archilaabogados.com\/en\/2021\/10\/26\/los-remedios-frente-al-fenomeno-alcista\/","og_site_name":"Archila Abogados","article_published_time":"2021-10-26T19:37:10+00:00","article_modified_time":"2022-05-27T05:53:52+00:00","og_image":[{"width":240,"height":304,"url":"http:\/\/archilaabogados.com\/wp-content\/uploads\/2020\/04\/dionisio_240.jpg","type":"image\/jpeg"}],"author":"ArhilAdmin","twitter_card":"summary_large_image","twitter_misc":{"Written by":"ArhilAdmin","Est. reading time":"2 minutes"},"schema":{"@context":"https:\/\/schema.org","@graph":[{"@type":"Article","@id":"https:\/\/archilaabogados.com\/2021\/10\/26\/los-remedios-frente-al-fenomeno-alcista\/#article","isPartOf":{"@id":"https:\/\/archilaabogados.com\/2021\/10\/26\/los-remedios-frente-al-fenomeno-alcista\/"},"author":{"name":"ArhilAdmin","@id":"https:\/\/archilaabogados.com\/#\/schema\/person\/2ebc59f80cf35317c2a9f16341ee7883"},"headline":"Los remedios frente al fen\u00f3meno alcista","datePublished":"2021-10-26T19:37:10+00:00","dateModified":"2022-05-27T05:53:52+00:00","mainEntityOfPage":{"@id":"https:\/\/archilaabogados.com\/2021\/10\/26\/los-remedios-frente-al-fenomeno-alcista\/"},"wordCount":457,"image":{"@id":"https:\/\/archilaabogados.com\/2021\/10\/26\/los-remedios-frente-al-fenomeno-alcista\/#primaryimage"},"thumbnailUrl":"https:\/\/archilaabogados.com\/wp-content\/uploads\/2020\/04\/dionisio_240.jpg","keywords":["Asuntos Legales"],"articleSection":["Diario La Rep\u00fablica"],"inLanguage":"en-US"},{"@type":"WebPage","@id":"https:\/\/archilaabogados.com\/2021\/10\/26\/los-remedios-frente-al-fenomeno-alcista\/","url":"https:\/\/archilaabogados.com\/2021\/10\/26\/los-remedios-frente-al-fenomeno-alcista\/","name":"Los remedios frente al fen\u00f3meno alcista - Archila Abogados","isPartOf":{"@id":"https:\/\/archilaabogados.com\/#website"},"primaryImageOfPage":{"@id":"https:\/\/archilaabogados.com\/2021\/10\/26\/los-remedios-frente-al-fenomeno-alcista\/#primaryimage"},"image":{"@id":"https:\/\/archilaabogados.com\/2021\/10\/26\/los-remedios-frente-al-fenomeno-alcista\/#primaryimage"},"thumbnailUrl":"https:\/\/archilaabogados.com\/wp-content\/uploads\/2020\/04\/dionisio_240.jpg","datePublished":"2021-10-26T19:37:10+00:00","dateModified":"2022-05-27T05:53:52+00:00","author":{"@id":"https:\/\/archilaabogados.com\/#\/schema\/person\/2ebc59f80cf35317c2a9f16341ee7883"},"breadcrumb":{"@id":"https:\/\/archilaabogados.com\/2021\/10\/26\/los-remedios-frente-al-fenomeno-alcista\/#breadcrumb"},"inLanguage":"en-US","potentialAction":[{"@type":"ReadAction","target":["https:\/\/archilaabogados.com\/2021\/10\/26\/los-remedios-frente-al-fenomeno-alcista\/"]}]},{"@type":"ImageObject","inLanguage":"en-US","@id":"https:\/\/archilaabogados.com\/2021\/10\/26\/los-remedios-frente-al-fenomeno-alcista\/#primaryimage","url":"https:\/\/archilaabogados.com\/wp-content\/uploads\/2020\/04\/dionisio_240.jpg","contentUrl":"https:\/\/archilaabogados.com\/wp-content\/uploads\/2020\/04\/dionisio_240.jpg","width":240,"height":304},{"@type":"BreadcrumbList","@id":"https:\/\/archilaabogados.com\/2021\/10\/26\/los-remedios-frente-al-fenomeno-alcista\/#breadcrumb","itemListElement":[{"@type":"ListItem","position":1,"name":"Home","item":"https:\/\/archilaabogados.com\/"},{"@type":"ListItem","position":2,"name":"Los remedios frente al fen\u00f3meno alcista"}]},{"@type":"WebSite","@id":"https:\/\/archilaabogados.com\/#website","url":"https:\/\/archilaabogados.com\/","name":"Archila Abogados","description":"Servicios legales","potentialAction":[{"@type":"SearchAction","target":{"@type":"EntryPoint","urlTemplate":"https:\/\/archilaabogados.com\/?s={search_term_string}"},"query-input":{"@type":"PropertyValueSpecification","valueRequired":true,"valueName":"search_term_string"}}],"inLanguage":"en-US"},{"@type":"Person","@id":"https:\/\/archilaabogados.com\/#\/schema\/person\/2ebc59f80cf35317c2a9f16341ee7883","name":"ArhilAdmin","image":{"@type":"ImageObject","inLanguage":"en-US","@id":"https:\/\/secure.gravatar.com\/avatar\/9dcaf3f4e6ece3ae0c14ad443b5883bafd050ab345f218cf32465ef4c68ec5f4?s=96&d=mm&r=g","url":"https:\/\/secure.gravatar.com\/avatar\/9dcaf3f4e6ece3ae0c14ad443b5883bafd050ab345f218cf32465ef4c68ec5f4?s=96&d=mm&r=g","contentUrl":"https:\/\/secure.gravatar.com\/avatar\/9dcaf3f4e6ece3ae0c14ad443b5883bafd050ab345f218cf32465ef4c68ec5f4?s=96&d=mm&r=g","caption":"ArhilAdmin"},"sameAs":["https:\/\/archilaabogados.com"],"url":"https:\/\/archilaabogados.com\/en\/author\/arhiladmin\/"}]}},"_links":{"self":[{"href":"https:\/\/archilaabogados.com\/en\/wp-json\/wp\/v2\/posts\/935","targetHints":{"allow":["GET"]}}],"collection":[{"href":"https:\/\/archilaabogados.com\/en\/wp-json\/wp\/v2\/posts"}],"about":[{"href":"https:\/\/archilaabogados.com\/en\/wp-json\/wp\/v2\/types\/post"}],"author":[{"embeddable":true,"href":"https:\/\/archilaabogados.com\/en\/wp-json\/wp\/v2\/users\/1"}],"replies":[{"embeddable":true,"href":"https:\/\/archilaabogados.com\/en\/wp-json\/wp\/v2\/comments?post=935"}],"version-history":[{"count":1,"href":"https:\/\/archilaabogados.com\/en\/wp-json\/wp\/v2\/posts\/935\/revisions"}],"predecessor-version":[{"id":1524,"href":"https:\/\/archilaabogados.com\/en\/wp-json\/wp\/v2\/posts\/935\/revisions\/1524"}],"wp:featuredmedia":[{"embeddable":true,"href":"https:\/\/archilaabogados.com\/en\/wp-json\/wp\/v2\/media\/868"}],"wp:attachment":[{"href":"https:\/\/archilaabogados.com\/en\/wp-json\/wp\/v2\/media?parent=935"}],"wp:term":[{"taxonomy":"category","embeddable":true,"href":"https:\/\/archilaabogados.com\/en\/wp-json\/wp\/v2\/categories?post=935"},{"taxonomy":"post_tag","embeddable":true,"href":"https:\/\/archilaabogados.com\/en\/wp-json\/wp\/v2\/tags?post=935"}],"curies":[{"name":"wp","href":"https:\/\/api.w.org\/{rel}","templated":true}]}}