{"id":938,"date":"2021-07-13T04:10:35","date_gmt":"2021-07-13T04:10:35","guid":{"rendered":"https:\/\/archilaabogados.com\/?p=3040"},"modified":"2022-05-27T05:53:52","modified_gmt":"2022-05-27T05:53:52","slug":"el-etiquetado-puede-ser-utilizado-para-competir-deslealmente","status":"publish","type":"post","link":"https:\/\/archilaabogados.com\/en\/2021\/07\/13\/el-etiquetado-puede-ser-utilizado-para-competir-deslealmente\/","title":{"rendered":"El etiquetado puede ser utilizado para competir deslealmente"},"content":{"rendered":"<p><strong>Opini\u00f3n Dionisio de la Cruz Camargo (12\/07\/2021)<\/strong><\/p>\n<p>La buena iniciativa de intentar informar al consumidor respecto de las consecuencias que pueden tener ciertos alimentos procesados sobre el organismo, sobre todo si son ni\u00f1os, podr\u00eda naufragar si no tiene un adecuado desarrollo. Como tuvimos la oportunidad de expresarlo en una columna en este Diario, la implementaci\u00f3n del etiquetado frontal depende de los par\u00e1metros t\u00e9cnicos que determine el Ministerio de Salud para se\u00f1alar cu\u00e1les productos son los que deben portar la etiqueta. Se\u00f1alamos en ese momento que un etiquetado incomprensible podr\u00eda ser contraproducente para ese consumidor que se intenta proteger y para el mercado, pero adem\u00e1s, podr\u00eda tener efectos frente a la competencia y sobre todo, originar conductas desleales. Desde esta perspectiva, respondemos dos preguntas:<\/p>\n<p><strong>\u00bfCu\u00e1les ser\u00edan las conductas que podr\u00edan originarse, desde la competencia desleal?<\/strong><\/p>\n<p>Quien deba portar la etiqueta y no lo haga, cometer\u00eda actos de competencia desleal de los contenidos en la ley 256 de 1996, por violaci\u00f3n de normas (art. 18), en el entendido de que esta conducta le podr\u00eda brindar una ventaja competitiva frente a aquellos que debiendo tambi\u00e9n portar la etiqueta lo hacen, y frente a quienes no deben portar la etiqueta, estos podr\u00edan demandar por actos de enga\u00f1o al consumidor (Art. 11) en la medida en que a pesar cumplir con los par\u00e1metros se\u00f1alados y \u201ctener mucho de algo\u201d, no informan debidamente esta circunstancia.<\/p>\n<p>Desde otra perspectiva, tambi\u00e9n habr\u00eda una violaci\u00f3n al principio de buena fe mercantil (Art. 7) de parte de aquellos que no deben portar el etiquetado frontal, si aprovechan esta circunstancia para, sin sustento, afirmar o dar a entender que sus productos tienen efectos positivos o simplemente no tienen efectos negativos o adversos, como s\u00ed podr\u00edan tener aquellos con etiqueta.<\/p>\n<p>Todo esto en un mercado en donde, por lo menos al inicio, habr\u00e1 un descr\u00e9dito generalizado de aquellos que porten la etiqueta, mientras se decanta la informaci\u00f3n por parte del consumidor.<\/p>\n<p>\u00bfExiste un etiquetado de connotaciones positivas para el producto que lo porta?<\/p>\n<p>S\u00ed, aunque no se encuentra exento de comportamientos desleales. Por ejemplo, en los Estados Unidos se permite a las empresas utilizar el conocido \u201cMade in USA\u201d en sus art\u00edculos; sin embargo, esta facultad se encuentra en entredicho a juzgar por la reciente iniciativa de la Comisi\u00f3n Federal de Comercio (FTC, por sus siglas en ingl\u00e9s), de endurecer las sanciones contra aquellos empresarios que abusen de la etiqueta por enga\u00f1ar a los consumidores y afectar a sus competidores en la medida en que realmente sus productos no califiquen para ser reconocidos como productos \u201checho en los Estados Unidos de Am\u00e9rica\u201d. En este sentido, la FTC pretende prohibir el uso de tal etiqueta a no ser que: 1) el ensamblaje o procesamiento final del producto ocurra en los Estados Unidos; 2) todo el procesamiento significativo que entra en el producto ocurre en los Estados Unidos; y 3) todos o pr\u00e1cticamente todos los ingredientes o componentes del producto se fabrican y obtienen en los Estados Unidos.<\/p>\n<p><strong>*Columna de opini\u00f3n en Asuntos Legales, <a href=\"https:\/\/www.asuntoslegales.com.co\/consultorio\/el-etiquetado-puede-ser-utilizado-para-competir-deslealmente-3199231\" target=\"_blank\" rel=\"noopener\">clic ac\u00e1<\/a><\/strong><\/p>","protected":false},"excerpt":{"rendered":"<p>Opini\u00f3n Dionisio de la Cruz Camargo (12\/07\/2021) La buena iniciativa de intentar informar al consumidor respecto de las consecuencias&#8230;<\/p>","protected":false},"author":1,"featured_media":887,"comment_status":"closed","ping_status":"open","sticky":false,"template":"","format":"standard","meta":{"_kad_post_transparent":"","_kad_post_title":"","_kad_post_layout":"","_kad_post_sidebar_id":"","_kad_post_content_style":"","_kad_post_vertical_padding":"","_kad_post_feature":"","_kad_post_feature_position":"","_kad_post_header":false,"_kad_post_footer":false,"footnotes":""},"categories":[15],"tags":[51],"class_list":["post-938","post","type-post","status-publish","format-standard","has-post-thumbnail","hentry","category-diario-la-republica","tag-asuntos-legales"],"yoast_head":"<!-- This site is optimized with the Yoast SEO plugin v27.4 - https:\/\/yoast.com\/product\/yoast-seo-wordpress\/ -->\n<title>El etiquetado puede ser utilizado para competir deslealmente - Archila Abogados<\/title>\n<meta name=\"robots\" content=\"index, follow, max-snippet:-1, max-image-preview:large, max-video-preview:-1\" \/>\n<link rel=\"canonical\" href=\"https:\/\/archilaabogados.com\/en\/2021\/07\/13\/el-etiquetado-puede-ser-utilizado-para-competir-deslealmente\/\" \/>\n<meta property=\"og:locale\" content=\"en_US\" \/>\n<meta property=\"og:type\" content=\"article\" \/>\n<meta property=\"og:title\" content=\"El etiquetado puede ser utilizado para competir deslealmente - Archila Abogados\" \/>\n<meta property=\"og:description\" content=\"Opini\u00f3n Dionisio de la Cruz Camargo (12\/07\/2021) La buena iniciativa de intentar informar al consumidor respecto de las consecuencias...\" \/>\n<meta property=\"og:url\" content=\"https:\/\/archilaabogados.com\/en\/2021\/07\/13\/el-etiquetado-puede-ser-utilizado-para-competir-deslealmente\/\" \/>\n<meta property=\"og:site_name\" content=\"Archila Abogados\" \/>\n<meta property=\"article:published_time\" content=\"2021-07-13T04:10:35+00:00\" \/>\n<meta property=\"article:modified_time\" content=\"2022-05-27T05:53:52+00:00\" \/>\n<meta property=\"og:image\" content=\"http:\/\/archilaabogados.com\/wp-content\/uploads\/2019\/08\/dionisio_asuntos.jpg\" \/>\n\t<meta property=\"og:image:width\" content=\"240\" \/>\n\t<meta property=\"og:image:height\" content=\"290\" \/>\n\t<meta property=\"og:image:type\" content=\"image\/jpeg\" \/>\n<meta name=\"author\" content=\"ArhilAdmin\" \/>\n<meta name=\"twitter:card\" content=\"summary_large_image\" \/>\n<meta name=\"twitter:label1\" content=\"Written by\" \/>\n\t<meta name=\"twitter:data1\" content=\"ArhilAdmin\" \/>\n\t<meta name=\"twitter:label2\" content=\"Est. reading time\" \/>\n\t<meta name=\"twitter:data2\" content=\"3 minutes\" \/>\n<script type=\"application\/ld+json\" class=\"yoast-schema-graph\">{\"@context\":\"https:\\\/\\\/schema.org\",\"@graph\":[{\"@type\":\"Article\",\"@id\":\"https:\\\/\\\/archilaabogados.com\\\/2021\\\/07\\\/13\\\/el-etiquetado-puede-ser-utilizado-para-competir-deslealmente\\\/#article\",\"isPartOf\":{\"@id\":\"https:\\\/\\\/archilaabogados.com\\\/2021\\\/07\\\/13\\\/el-etiquetado-puede-ser-utilizado-para-competir-deslealmente\\\/\"},\"author\":{\"name\":\"ArhilAdmin\",\"@id\":\"https:\\\/\\\/archilaabogados.com\\\/#\\\/schema\\\/person\\\/2ebc59f80cf35317c2a9f16341ee7883\"},\"headline\":\"El etiquetado puede ser utilizado para competir deslealmente\",\"datePublished\":\"2021-07-13T04:10:35+00:00\",\"dateModified\":\"2022-05-27T05:53:52+00:00\",\"mainEntityOfPage\":{\"@id\":\"https:\\\/\\\/archilaabogados.com\\\/2021\\\/07\\\/13\\\/el-etiquetado-puede-ser-utilizado-para-competir-deslealmente\\\/\"},\"wordCount\":537,\"image\":{\"@id\":\"https:\\\/\\\/archilaabogados.com\\\/2021\\\/07\\\/13\\\/el-etiquetado-puede-ser-utilizado-para-competir-deslealmente\\\/#primaryimage\"},\"thumbnailUrl\":\"https:\\\/\\\/archilaabogados.com\\\/wp-content\\\/uploads\\\/2019\\\/08\\\/dionisio_asuntos.jpg\",\"keywords\":[\"Asuntos Legales\"],\"articleSection\":[\"Diario La Rep\u00fablica\"],\"inLanguage\":\"en-US\"},{\"@type\":\"WebPage\",\"@id\":\"https:\\\/\\\/archilaabogados.com\\\/2021\\\/07\\\/13\\\/el-etiquetado-puede-ser-utilizado-para-competir-deslealmente\\\/\",\"url\":\"https:\\\/\\\/archilaabogados.com\\\/2021\\\/07\\\/13\\\/el-etiquetado-puede-ser-utilizado-para-competir-deslealmente\\\/\",\"name\":\"El etiquetado puede ser utilizado para competir deslealmente - Archila Abogados\",\"isPartOf\":{\"@id\":\"https:\\\/\\\/archilaabogados.com\\\/#website\"},\"primaryImageOfPage\":{\"@id\":\"https:\\\/\\\/archilaabogados.com\\\/2021\\\/07\\\/13\\\/el-etiquetado-puede-ser-utilizado-para-competir-deslealmente\\\/#primaryimage\"},\"image\":{\"@id\":\"https:\\\/\\\/archilaabogados.com\\\/2021\\\/07\\\/13\\\/el-etiquetado-puede-ser-utilizado-para-competir-deslealmente\\\/#primaryimage\"},\"thumbnailUrl\":\"https:\\\/\\\/archilaabogados.com\\\/wp-content\\\/uploads\\\/2019\\\/08\\\/dionisio_asuntos.jpg\",\"datePublished\":\"2021-07-13T04:10:35+00:00\",\"dateModified\":\"2022-05-27T05:53:52+00:00\",\"author\":{\"@id\":\"https:\\\/\\\/archilaabogados.com\\\/#\\\/schema\\\/person\\\/2ebc59f80cf35317c2a9f16341ee7883\"},\"breadcrumb\":{\"@id\":\"https:\\\/\\\/archilaabogados.com\\\/2021\\\/07\\\/13\\\/el-etiquetado-puede-ser-utilizado-para-competir-deslealmente\\\/#breadcrumb\"},\"inLanguage\":\"en-US\",\"potentialAction\":[{\"@type\":\"ReadAction\",\"target\":[\"https:\\\/\\\/archilaabogados.com\\\/2021\\\/07\\\/13\\\/el-etiquetado-puede-ser-utilizado-para-competir-deslealmente\\\/\"]}]},{\"@type\":\"ImageObject\",\"inLanguage\":\"en-US\",\"@id\":\"https:\\\/\\\/archilaabogados.com\\\/2021\\\/07\\\/13\\\/el-etiquetado-puede-ser-utilizado-para-competir-deslealmente\\\/#primaryimage\",\"url\":\"https:\\\/\\\/archilaabogados.com\\\/wp-content\\\/uploads\\\/2019\\\/08\\\/dionisio_asuntos.jpg\",\"contentUrl\":\"https:\\\/\\\/archilaabogados.com\\\/wp-content\\\/uploads\\\/2019\\\/08\\\/dionisio_asuntos.jpg\",\"width\":240,\"height\":290},{\"@type\":\"BreadcrumbList\",\"@id\":\"https:\\\/\\\/archilaabogados.com\\\/2021\\\/07\\\/13\\\/el-etiquetado-puede-ser-utilizado-para-competir-deslealmente\\\/#breadcrumb\",\"itemListElement\":[{\"@type\":\"ListItem\",\"position\":1,\"name\":\"Home\",\"item\":\"https:\\\/\\\/archilaabogados.com\\\/\"},{\"@type\":\"ListItem\",\"position\":2,\"name\":\"El etiquetado puede ser utilizado para competir deslealmente\"}]},{\"@type\":\"WebSite\",\"@id\":\"https:\\\/\\\/archilaabogados.com\\\/#website\",\"url\":\"https:\\\/\\\/archilaabogados.com\\\/\",\"name\":\"Archila Abogados\",\"description\":\"Servicios legales\",\"potentialAction\":[{\"@type\":\"SearchAction\",\"target\":{\"@type\":\"EntryPoint\",\"urlTemplate\":\"https:\\\/\\\/archilaabogados.com\\\/?s={search_term_string}\"},\"query-input\":{\"@type\":\"PropertyValueSpecification\",\"valueRequired\":true,\"valueName\":\"search_term_string\"}}],\"inLanguage\":\"en-US\"},{\"@type\":\"Person\",\"@id\":\"https:\\\/\\\/archilaabogados.com\\\/#\\\/schema\\\/person\\\/2ebc59f80cf35317c2a9f16341ee7883\",\"name\":\"ArhilAdmin\",\"image\":{\"@type\":\"ImageObject\",\"inLanguage\":\"en-US\",\"@id\":\"https:\\\/\\\/secure.gravatar.com\\\/avatar\\\/9dcaf3f4e6ece3ae0c14ad443b5883bafd050ab345f218cf32465ef4c68ec5f4?s=96&d=mm&r=g\",\"url\":\"https:\\\/\\\/secure.gravatar.com\\\/avatar\\\/9dcaf3f4e6ece3ae0c14ad443b5883bafd050ab345f218cf32465ef4c68ec5f4?s=96&d=mm&r=g\",\"contentUrl\":\"https:\\\/\\\/secure.gravatar.com\\\/avatar\\\/9dcaf3f4e6ece3ae0c14ad443b5883bafd050ab345f218cf32465ef4c68ec5f4?s=96&d=mm&r=g\",\"caption\":\"ArhilAdmin\"},\"sameAs\":[\"https:\\\/\\\/archilaabogados.com\"],\"url\":\"https:\\\/\\\/archilaabogados.com\\\/en\\\/author\\\/arhiladmin\\\/\"}]}<\/script>\n<!-- \/ Yoast SEO plugin. -->","yoast_head_json":{"title":"El etiquetado puede ser utilizado para competir deslealmente - Archila Abogados","robots":{"index":"index","follow":"follow","max-snippet":"max-snippet:-1","max-image-preview":"max-image-preview:large","max-video-preview":"max-video-preview:-1"},"canonical":"https:\/\/archilaabogados.com\/en\/2021\/07\/13\/el-etiquetado-puede-ser-utilizado-para-competir-deslealmente\/","og_locale":"en_US","og_type":"article","og_title":"El etiquetado puede ser utilizado para competir deslealmente - Archila Abogados","og_description":"Opini\u00f3n Dionisio de la Cruz Camargo (12\/07\/2021) La buena iniciativa de intentar informar al consumidor respecto de las consecuencias...","og_url":"https:\/\/archilaabogados.com\/en\/2021\/07\/13\/el-etiquetado-puede-ser-utilizado-para-competir-deslealmente\/","og_site_name":"Archila Abogados","article_published_time":"2021-07-13T04:10:35+00:00","article_modified_time":"2022-05-27T05:53:52+00:00","og_image":[{"width":240,"height":290,"url":"http:\/\/archilaabogados.com\/wp-content\/uploads\/2019\/08\/dionisio_asuntos.jpg","type":"image\/jpeg"}],"author":"ArhilAdmin","twitter_card":"summary_large_image","twitter_misc":{"Written by":"ArhilAdmin","Est. reading time":"3 minutes"},"schema":{"@context":"https:\/\/schema.org","@graph":[{"@type":"Article","@id":"https:\/\/archilaabogados.com\/2021\/07\/13\/el-etiquetado-puede-ser-utilizado-para-competir-deslealmente\/#article","isPartOf":{"@id":"https:\/\/archilaabogados.com\/2021\/07\/13\/el-etiquetado-puede-ser-utilizado-para-competir-deslealmente\/"},"author":{"name":"ArhilAdmin","@id":"https:\/\/archilaabogados.com\/#\/schema\/person\/2ebc59f80cf35317c2a9f16341ee7883"},"headline":"El etiquetado puede ser utilizado para competir deslealmente","datePublished":"2021-07-13T04:10:35+00:00","dateModified":"2022-05-27T05:53:52+00:00","mainEntityOfPage":{"@id":"https:\/\/archilaabogados.com\/2021\/07\/13\/el-etiquetado-puede-ser-utilizado-para-competir-deslealmente\/"},"wordCount":537,"image":{"@id":"https:\/\/archilaabogados.com\/2021\/07\/13\/el-etiquetado-puede-ser-utilizado-para-competir-deslealmente\/#primaryimage"},"thumbnailUrl":"https:\/\/archilaabogados.com\/wp-content\/uploads\/2019\/08\/dionisio_asuntos.jpg","keywords":["Asuntos Legales"],"articleSection":["Diario La Rep\u00fablica"],"inLanguage":"en-US"},{"@type":"WebPage","@id":"https:\/\/archilaabogados.com\/2021\/07\/13\/el-etiquetado-puede-ser-utilizado-para-competir-deslealmente\/","url":"https:\/\/archilaabogados.com\/2021\/07\/13\/el-etiquetado-puede-ser-utilizado-para-competir-deslealmente\/","name":"El etiquetado puede ser utilizado para competir deslealmente - Archila Abogados","isPartOf":{"@id":"https:\/\/archilaabogados.com\/#website"},"primaryImageOfPage":{"@id":"https:\/\/archilaabogados.com\/2021\/07\/13\/el-etiquetado-puede-ser-utilizado-para-competir-deslealmente\/#primaryimage"},"image":{"@id":"https:\/\/archilaabogados.com\/2021\/07\/13\/el-etiquetado-puede-ser-utilizado-para-competir-deslealmente\/#primaryimage"},"thumbnailUrl":"https:\/\/archilaabogados.com\/wp-content\/uploads\/2019\/08\/dionisio_asuntos.jpg","datePublished":"2021-07-13T04:10:35+00:00","dateModified":"2022-05-27T05:53:52+00:00","author":{"@id":"https:\/\/archilaabogados.com\/#\/schema\/person\/2ebc59f80cf35317c2a9f16341ee7883"},"breadcrumb":{"@id":"https:\/\/archilaabogados.com\/2021\/07\/13\/el-etiquetado-puede-ser-utilizado-para-competir-deslealmente\/#breadcrumb"},"inLanguage":"en-US","potentialAction":[{"@type":"ReadAction","target":["https:\/\/archilaabogados.com\/2021\/07\/13\/el-etiquetado-puede-ser-utilizado-para-competir-deslealmente\/"]}]},{"@type":"ImageObject","inLanguage":"en-US","@id":"https:\/\/archilaabogados.com\/2021\/07\/13\/el-etiquetado-puede-ser-utilizado-para-competir-deslealmente\/#primaryimage","url":"https:\/\/archilaabogados.com\/wp-content\/uploads\/2019\/08\/dionisio_asuntos.jpg","contentUrl":"https:\/\/archilaabogados.com\/wp-content\/uploads\/2019\/08\/dionisio_asuntos.jpg","width":240,"height":290},{"@type":"BreadcrumbList","@id":"https:\/\/archilaabogados.com\/2021\/07\/13\/el-etiquetado-puede-ser-utilizado-para-competir-deslealmente\/#breadcrumb","itemListElement":[{"@type":"ListItem","position":1,"name":"Home","item":"https:\/\/archilaabogados.com\/"},{"@type":"ListItem","position":2,"name":"El etiquetado puede ser utilizado para competir deslealmente"}]},{"@type":"WebSite","@id":"https:\/\/archilaabogados.com\/#website","url":"https:\/\/archilaabogados.com\/","name":"Archila Abogados","description":"Servicios legales","potentialAction":[{"@type":"SearchAction","target":{"@type":"EntryPoint","urlTemplate":"https:\/\/archilaabogados.com\/?s={search_term_string}"},"query-input":{"@type":"PropertyValueSpecification","valueRequired":true,"valueName":"search_term_string"}}],"inLanguage":"en-US"},{"@type":"Person","@id":"https:\/\/archilaabogados.com\/#\/schema\/person\/2ebc59f80cf35317c2a9f16341ee7883","name":"ArhilAdmin","image":{"@type":"ImageObject","inLanguage":"en-US","@id":"https:\/\/secure.gravatar.com\/avatar\/9dcaf3f4e6ece3ae0c14ad443b5883bafd050ab345f218cf32465ef4c68ec5f4?s=96&d=mm&r=g","url":"https:\/\/secure.gravatar.com\/avatar\/9dcaf3f4e6ece3ae0c14ad443b5883bafd050ab345f218cf32465ef4c68ec5f4?s=96&d=mm&r=g","contentUrl":"https:\/\/secure.gravatar.com\/avatar\/9dcaf3f4e6ece3ae0c14ad443b5883bafd050ab345f218cf32465ef4c68ec5f4?s=96&d=mm&r=g","caption":"ArhilAdmin"},"sameAs":["https:\/\/archilaabogados.com"],"url":"https:\/\/archilaabogados.com\/en\/author\/arhiladmin\/"}]}},"_links":{"self":[{"href":"https:\/\/archilaabogados.com\/en\/wp-json\/wp\/v2\/posts\/938","targetHints":{"allow":["GET"]}}],"collection":[{"href":"https:\/\/archilaabogados.com\/en\/wp-json\/wp\/v2\/posts"}],"about":[{"href":"https:\/\/archilaabogados.com\/en\/wp-json\/wp\/v2\/types\/post"}],"author":[{"embeddable":true,"href":"https:\/\/archilaabogados.com\/en\/wp-json\/wp\/v2\/users\/1"}],"replies":[{"embeddable":true,"href":"https:\/\/archilaabogados.com\/en\/wp-json\/wp\/v2\/comments?post=938"}],"version-history":[{"count":1,"href":"https:\/\/archilaabogados.com\/en\/wp-json\/wp\/v2\/posts\/938\/revisions"}],"predecessor-version":[{"id":1527,"href":"https:\/\/archilaabogados.com\/en\/wp-json\/wp\/v2\/posts\/938\/revisions\/1527"}],"wp:featuredmedia":[{"embeddable":true,"href":"https:\/\/archilaabogados.com\/en\/wp-json\/wp\/v2\/media\/887"}],"wp:attachment":[{"href":"https:\/\/archilaabogados.com\/en\/wp-json\/wp\/v2\/media?parent=938"}],"wp:term":[{"taxonomy":"category","embeddable":true,"href":"https:\/\/archilaabogados.com\/en\/wp-json\/wp\/v2\/categories?post=938"},{"taxonomy":"post_tag","embeddable":true,"href":"https:\/\/archilaabogados.com\/en\/wp-json\/wp\/v2\/tags?post=938"}],"curies":[{"name":"wp","href":"https:\/\/api.w.org\/{rel}","templated":true}]}}