{"id":945,"date":"2021-06-26T09:05:04","date_gmt":"2021-06-26T09:05:04","guid":{"rendered":"https:\/\/archilaabogados.com\/?p=2976"},"modified":"2022-05-27T05:53:52","modified_gmt":"2022-05-27T05:53:52","slug":"con-el-etiquetado-frontal-no-se-ha-solucionado-nada","status":"publish","type":"post","link":"https:\/\/archilaabogados.com\/en\/2021\/06\/26\/con-el-etiquetado-frontal-no-se-ha-solucionado-nada\/","title":{"rendered":"Con el etiquetado frontal no se ha solucionado nada"},"content":{"rendered":"<p><strong>Columna de opini\u00f3n de Dionisio de la Cruz Camargo para Asuntos legales; 25 de junio de 2021<\/strong><\/p>\n<p>Las virtudes que se predican de una econom\u00eda de mercado en gran parte se reducen a que los consumidores cuenten con la informaci\u00f3n suficiente para que puedan elegir la oferta que mejor se acomode a sus necesidades. La protecci\u00f3n a la competencia desde la perspectiva del consumidor fue tard\u00eda, pero hoy puede decirse que es la principal preocupaci\u00f3n de los reguladores y de las autoridades que ejercen la vigilancia del mercado.<\/p>\n<p>Las legislaciones de los \u00faltimos a\u00f1os han apuntado a privilegiar la transparencia, obligando a los proveedores a que suministren toda la informaci\u00f3n relacionada con su producto o su servicio. Hay informaci\u00f3n que parece sensata de entregar: aquella que se\u00f1ala que un producto es venenoso o corrosivo, y que amerita por ello especiales cuidados. En estos casos, la advertencia va acompa\u00f1ada de instrucciones de uso, generalmente muy gr\u00e1ficas.<\/p>\n<p>Sin embargo, que haya m\u00e1s informaci\u00f3n no necesariamente se traduce en que el consumidor tenga mejores elementos de juicio para una decisi\u00f3n de consumo informada. Todos hemos tirado la toalla ante la misi\u00f3n imposible de tratar de comprender, no simplemente leer, de comprender una etiqueta en el apartado de informaci\u00f3n nutricional de tal forma que sea posible extraer una conclusi\u00f3n respecto de los efectos de un alimento, un medicamento o cualquier otro producto en el organismo del consumidor o su familia. Esta debilidad en el mercado no necesariamente se ver\u00e1 subsanada por la reci\u00e9n aprobada ley que permite el \u201cetiquetado frontal de advertencia\u201d, ya que, como casi siempre, el diablo est\u00e1 en los detalles. Todo queda en la reglamentaci\u00f3n que expida el Gobierno.<\/p>\n<p>Seg\u00fan el proyecto de ley aprobado (hasta este momento la ley no ha sido promulgada), ser\u00e1 el Ministerio de Salud, quien expida los decretos que definan los par\u00e1metros t\u00e9cnicos del etiquetado. Esto es, corresponde a esta entidad establecer los umbrales a partir de los cuales un alimento debe portar el etiquetado frontal que incorpore un sello de advertencia por tener mucho de algo; as\u00ed mismo, deber\u00e1 determinar la forma, el contenido, la figura, la proporci\u00f3n, el color, etc, pero sobre todo, tendr\u00e1 que garantizar que la informaci\u00f3n sea comprensible para los consumidores.<\/p>\n<p>Si la reglamentaci\u00f3n que se expida omite cumplir este caracter\u00edstica, no habr\u00e1 ning\u00fan avance. Incluso podr\u00eda generarse un efecto contrario, ya que una etiqueta incompresible muy probablemente originar\u00e1 un rechazo instintivo y natural por parte de los consumidores, quienes al no comprender, se dejar\u00e1n guiar por una se\u00f1al de advertencia en un alimento que por si fuera poco, es para el consumo de sus hijos.<\/p>\n<p>El reto real apenas comienza. En nada ayuda al consumidor y al mercado un etiquetado incomprensible. No se trata de fijar un sello de advertencia en un producto que tenga mucho de algo. Esta sola circunstancia no debiera ser motivo para dejar de adquirir un producto que tiene un registro sanitario. Ser\u00e1 necesario trabajar en desarrollar una metodolog\u00eda que permita informar, claramente, en qu\u00e9 circunstancias la ingesta del producto puede ser da\u00f1ina para la salud, o a qu\u00e9 personas podr\u00eda afectar. Ojal\u00e1 el Ministerio privilegie al consumidor y le entregue informaci\u00f3n comprensible.<\/p>\n<p>Tambi\u00e9n puedes leer el texto en el portal Asuntos Legales, danco <a href=\"https:\/\/www.asuntoslegales.com.co\/analisis\/dionisio-de-la-cruz-camargo-2765738\/con-el-etiquetado-frontal-no-se-ha-solucionado-nada-3191019\" target=\"_blank\" rel=\"noopener\"><strong>clic ac\u00e1<\/strong><\/a><\/p>\n<p>&nbsp;<\/p>","protected":false},"excerpt":{"rendered":"<p>Columna de opini\u00f3n de Dionisio de la Cruz Camargo para Asuntos legales; 25 de junio de 2021 Las virtudes&#8230;<\/p>","protected":false},"author":1,"featured_media":868,"comment_status":"closed","ping_status":"open","sticky":false,"template":"","format":"standard","meta":{"_kad_post_transparent":"","_kad_post_title":"","_kad_post_layout":"","_kad_post_sidebar_id":"","_kad_post_content_style":"","_kad_post_vertical_padding":"","_kad_post_feature":"","_kad_post_feature_position":"","_kad_post_header":false,"_kad_post_footer":false,"footnotes":""},"categories":[15],"tags":[51],"class_list":["post-945","post","type-post","status-publish","format-standard","has-post-thumbnail","hentry","category-diario-la-republica","tag-asuntos-legales"],"yoast_head":"<!-- This site is optimized with the Yoast SEO plugin v27.4 - https:\/\/yoast.com\/product\/yoast-seo-wordpress\/ -->\n<title>Con el etiquetado frontal no se ha solucionado nada - Archila Abogados<\/title>\n<meta name=\"robots\" content=\"index, follow, max-snippet:-1, max-image-preview:large, max-video-preview:-1\" \/>\n<link rel=\"canonical\" href=\"https:\/\/archilaabogados.com\/en\/2021\/06\/26\/con-el-etiquetado-frontal-no-se-ha-solucionado-nada\/\" \/>\n<meta property=\"og:locale\" content=\"en_US\" \/>\n<meta property=\"og:type\" content=\"article\" \/>\n<meta property=\"og:title\" content=\"Con el etiquetado frontal no se ha solucionado nada - Archila Abogados\" \/>\n<meta property=\"og:description\" content=\"Columna de opini\u00f3n de Dionisio de la Cruz Camargo para Asuntos legales; 25 de junio de 2021 Las virtudes...\" \/>\n<meta property=\"og:url\" content=\"https:\/\/archilaabogados.com\/en\/2021\/06\/26\/con-el-etiquetado-frontal-no-se-ha-solucionado-nada\/\" \/>\n<meta property=\"og:site_name\" content=\"Archila Abogados\" \/>\n<meta property=\"article:published_time\" content=\"2021-06-26T09:05:04+00:00\" \/>\n<meta property=\"article:modified_time\" content=\"2022-05-27T05:53:52+00:00\" \/>\n<meta property=\"og:image\" content=\"http:\/\/archilaabogados.com\/wp-content\/uploads\/2020\/04\/dionisio_240.jpg\" \/>\n\t<meta property=\"og:image:width\" content=\"240\" \/>\n\t<meta property=\"og:image:height\" content=\"304\" \/>\n\t<meta property=\"og:image:type\" content=\"image\/jpeg\" \/>\n<meta name=\"author\" content=\"ArhilAdmin\" \/>\n<meta name=\"twitter:card\" content=\"summary_large_image\" \/>\n<meta name=\"twitter:label1\" content=\"Written by\" \/>\n\t<meta name=\"twitter:data1\" content=\"ArhilAdmin\" \/>\n\t<meta name=\"twitter:label2\" content=\"Est. reading time\" \/>\n\t<meta name=\"twitter:data2\" content=\"3 minutes\" \/>\n<script type=\"application\/ld+json\" class=\"yoast-schema-graph\">{\"@context\":\"https:\\\/\\\/schema.org\",\"@graph\":[{\"@type\":\"Article\",\"@id\":\"https:\\\/\\\/archilaabogados.com\\\/2021\\\/06\\\/26\\\/con-el-etiquetado-frontal-no-se-ha-solucionado-nada\\\/#article\",\"isPartOf\":{\"@id\":\"https:\\\/\\\/archilaabogados.com\\\/2021\\\/06\\\/26\\\/con-el-etiquetado-frontal-no-se-ha-solucionado-nada\\\/\"},\"author\":{\"name\":\"ArhilAdmin\",\"@id\":\"https:\\\/\\\/archilaabogados.com\\\/#\\\/schema\\\/person\\\/2ebc59f80cf35317c2a9f16341ee7883\"},\"headline\":\"Con el etiquetado frontal no se ha solucionado nada\",\"datePublished\":\"2021-06-26T09:05:04+00:00\",\"dateModified\":\"2022-05-27T05:53:52+00:00\",\"mainEntityOfPage\":{\"@id\":\"https:\\\/\\\/archilaabogados.com\\\/2021\\\/06\\\/26\\\/con-el-etiquetado-frontal-no-se-ha-solucionado-nada\\\/\"},\"wordCount\":584,\"image\":{\"@id\":\"https:\\\/\\\/archilaabogados.com\\\/2021\\\/06\\\/26\\\/con-el-etiquetado-frontal-no-se-ha-solucionado-nada\\\/#primaryimage\"},\"thumbnailUrl\":\"https:\\\/\\\/archilaabogados.com\\\/wp-content\\\/uploads\\\/2020\\\/04\\\/dionisio_240.jpg\",\"keywords\":[\"Asuntos Legales\"],\"articleSection\":[\"Diario La Rep\u00fablica\"],\"inLanguage\":\"en-US\"},{\"@type\":\"WebPage\",\"@id\":\"https:\\\/\\\/archilaabogados.com\\\/2021\\\/06\\\/26\\\/con-el-etiquetado-frontal-no-se-ha-solucionado-nada\\\/\",\"url\":\"https:\\\/\\\/archilaabogados.com\\\/2021\\\/06\\\/26\\\/con-el-etiquetado-frontal-no-se-ha-solucionado-nada\\\/\",\"name\":\"Con el etiquetado frontal no se ha solucionado nada - Archila Abogados\",\"isPartOf\":{\"@id\":\"https:\\\/\\\/archilaabogados.com\\\/#website\"},\"primaryImageOfPage\":{\"@id\":\"https:\\\/\\\/archilaabogados.com\\\/2021\\\/06\\\/26\\\/con-el-etiquetado-frontal-no-se-ha-solucionado-nada\\\/#primaryimage\"},\"image\":{\"@id\":\"https:\\\/\\\/archilaabogados.com\\\/2021\\\/06\\\/26\\\/con-el-etiquetado-frontal-no-se-ha-solucionado-nada\\\/#primaryimage\"},\"thumbnailUrl\":\"https:\\\/\\\/archilaabogados.com\\\/wp-content\\\/uploads\\\/2020\\\/04\\\/dionisio_240.jpg\",\"datePublished\":\"2021-06-26T09:05:04+00:00\",\"dateModified\":\"2022-05-27T05:53:52+00:00\",\"author\":{\"@id\":\"https:\\\/\\\/archilaabogados.com\\\/#\\\/schema\\\/person\\\/2ebc59f80cf35317c2a9f16341ee7883\"},\"breadcrumb\":{\"@id\":\"https:\\\/\\\/archilaabogados.com\\\/2021\\\/06\\\/26\\\/con-el-etiquetado-frontal-no-se-ha-solucionado-nada\\\/#breadcrumb\"},\"inLanguage\":\"en-US\",\"potentialAction\":[{\"@type\":\"ReadAction\",\"target\":[\"https:\\\/\\\/archilaabogados.com\\\/2021\\\/06\\\/26\\\/con-el-etiquetado-frontal-no-se-ha-solucionado-nada\\\/\"]}]},{\"@type\":\"ImageObject\",\"inLanguage\":\"en-US\",\"@id\":\"https:\\\/\\\/archilaabogados.com\\\/2021\\\/06\\\/26\\\/con-el-etiquetado-frontal-no-se-ha-solucionado-nada\\\/#primaryimage\",\"url\":\"https:\\\/\\\/archilaabogados.com\\\/wp-content\\\/uploads\\\/2020\\\/04\\\/dionisio_240.jpg\",\"contentUrl\":\"https:\\\/\\\/archilaabogados.com\\\/wp-content\\\/uploads\\\/2020\\\/04\\\/dionisio_240.jpg\",\"width\":240,\"height\":304},{\"@type\":\"BreadcrumbList\",\"@id\":\"https:\\\/\\\/archilaabogados.com\\\/2021\\\/06\\\/26\\\/con-el-etiquetado-frontal-no-se-ha-solucionado-nada\\\/#breadcrumb\",\"itemListElement\":[{\"@type\":\"ListItem\",\"position\":1,\"name\":\"Home\",\"item\":\"https:\\\/\\\/archilaabogados.com\\\/\"},{\"@type\":\"ListItem\",\"position\":2,\"name\":\"Con el etiquetado frontal no se ha solucionado nada\"}]},{\"@type\":\"WebSite\",\"@id\":\"https:\\\/\\\/archilaabogados.com\\\/#website\",\"url\":\"https:\\\/\\\/archilaabogados.com\\\/\",\"name\":\"Archila Abogados\",\"description\":\"Servicios legales\",\"potentialAction\":[{\"@type\":\"SearchAction\",\"target\":{\"@type\":\"EntryPoint\",\"urlTemplate\":\"https:\\\/\\\/archilaabogados.com\\\/?s={search_term_string}\"},\"query-input\":{\"@type\":\"PropertyValueSpecification\",\"valueRequired\":true,\"valueName\":\"search_term_string\"}}],\"inLanguage\":\"en-US\"},{\"@type\":\"Person\",\"@id\":\"https:\\\/\\\/archilaabogados.com\\\/#\\\/schema\\\/person\\\/2ebc59f80cf35317c2a9f16341ee7883\",\"name\":\"ArhilAdmin\",\"image\":{\"@type\":\"ImageObject\",\"inLanguage\":\"en-US\",\"@id\":\"https:\\\/\\\/secure.gravatar.com\\\/avatar\\\/9dcaf3f4e6ece3ae0c14ad443b5883bafd050ab345f218cf32465ef4c68ec5f4?s=96&d=mm&r=g\",\"url\":\"https:\\\/\\\/secure.gravatar.com\\\/avatar\\\/9dcaf3f4e6ece3ae0c14ad443b5883bafd050ab345f218cf32465ef4c68ec5f4?s=96&d=mm&r=g\",\"contentUrl\":\"https:\\\/\\\/secure.gravatar.com\\\/avatar\\\/9dcaf3f4e6ece3ae0c14ad443b5883bafd050ab345f218cf32465ef4c68ec5f4?s=96&d=mm&r=g\",\"caption\":\"ArhilAdmin\"},\"sameAs\":[\"https:\\\/\\\/archilaabogados.com\"],\"url\":\"https:\\\/\\\/archilaabogados.com\\\/en\\\/author\\\/arhiladmin\\\/\"}]}<\/script>\n<!-- \/ Yoast SEO plugin. -->","yoast_head_json":{"title":"Con el etiquetado frontal no se ha solucionado nada - Archila Abogados","robots":{"index":"index","follow":"follow","max-snippet":"max-snippet:-1","max-image-preview":"max-image-preview:large","max-video-preview":"max-video-preview:-1"},"canonical":"https:\/\/archilaabogados.com\/en\/2021\/06\/26\/con-el-etiquetado-frontal-no-se-ha-solucionado-nada\/","og_locale":"en_US","og_type":"article","og_title":"Con el etiquetado frontal no se ha solucionado nada - Archila Abogados","og_description":"Columna de opini\u00f3n de Dionisio de la Cruz Camargo para Asuntos legales; 25 de junio de 2021 Las virtudes...","og_url":"https:\/\/archilaabogados.com\/en\/2021\/06\/26\/con-el-etiquetado-frontal-no-se-ha-solucionado-nada\/","og_site_name":"Archila Abogados","article_published_time":"2021-06-26T09:05:04+00:00","article_modified_time":"2022-05-27T05:53:52+00:00","og_image":[{"width":240,"height":304,"url":"http:\/\/archilaabogados.com\/wp-content\/uploads\/2020\/04\/dionisio_240.jpg","type":"image\/jpeg"}],"author":"ArhilAdmin","twitter_card":"summary_large_image","twitter_misc":{"Written by":"ArhilAdmin","Est. reading time":"3 minutes"},"schema":{"@context":"https:\/\/schema.org","@graph":[{"@type":"Article","@id":"https:\/\/archilaabogados.com\/2021\/06\/26\/con-el-etiquetado-frontal-no-se-ha-solucionado-nada\/#article","isPartOf":{"@id":"https:\/\/archilaabogados.com\/2021\/06\/26\/con-el-etiquetado-frontal-no-se-ha-solucionado-nada\/"},"author":{"name":"ArhilAdmin","@id":"https:\/\/archilaabogados.com\/#\/schema\/person\/2ebc59f80cf35317c2a9f16341ee7883"},"headline":"Con el etiquetado frontal no se ha solucionado nada","datePublished":"2021-06-26T09:05:04+00:00","dateModified":"2022-05-27T05:53:52+00:00","mainEntityOfPage":{"@id":"https:\/\/archilaabogados.com\/2021\/06\/26\/con-el-etiquetado-frontal-no-se-ha-solucionado-nada\/"},"wordCount":584,"image":{"@id":"https:\/\/archilaabogados.com\/2021\/06\/26\/con-el-etiquetado-frontal-no-se-ha-solucionado-nada\/#primaryimage"},"thumbnailUrl":"https:\/\/archilaabogados.com\/wp-content\/uploads\/2020\/04\/dionisio_240.jpg","keywords":["Asuntos Legales"],"articleSection":["Diario La Rep\u00fablica"],"inLanguage":"en-US"},{"@type":"WebPage","@id":"https:\/\/archilaabogados.com\/2021\/06\/26\/con-el-etiquetado-frontal-no-se-ha-solucionado-nada\/","url":"https:\/\/archilaabogados.com\/2021\/06\/26\/con-el-etiquetado-frontal-no-se-ha-solucionado-nada\/","name":"Con el etiquetado frontal no se ha solucionado nada - Archila Abogados","isPartOf":{"@id":"https:\/\/archilaabogados.com\/#website"},"primaryImageOfPage":{"@id":"https:\/\/archilaabogados.com\/2021\/06\/26\/con-el-etiquetado-frontal-no-se-ha-solucionado-nada\/#primaryimage"},"image":{"@id":"https:\/\/archilaabogados.com\/2021\/06\/26\/con-el-etiquetado-frontal-no-se-ha-solucionado-nada\/#primaryimage"},"thumbnailUrl":"https:\/\/archilaabogados.com\/wp-content\/uploads\/2020\/04\/dionisio_240.jpg","datePublished":"2021-06-26T09:05:04+00:00","dateModified":"2022-05-27T05:53:52+00:00","author":{"@id":"https:\/\/archilaabogados.com\/#\/schema\/person\/2ebc59f80cf35317c2a9f16341ee7883"},"breadcrumb":{"@id":"https:\/\/archilaabogados.com\/2021\/06\/26\/con-el-etiquetado-frontal-no-se-ha-solucionado-nada\/#breadcrumb"},"inLanguage":"en-US","potentialAction":[{"@type":"ReadAction","target":["https:\/\/archilaabogados.com\/2021\/06\/26\/con-el-etiquetado-frontal-no-se-ha-solucionado-nada\/"]}]},{"@type":"ImageObject","inLanguage":"en-US","@id":"https:\/\/archilaabogados.com\/2021\/06\/26\/con-el-etiquetado-frontal-no-se-ha-solucionado-nada\/#primaryimage","url":"https:\/\/archilaabogados.com\/wp-content\/uploads\/2020\/04\/dionisio_240.jpg","contentUrl":"https:\/\/archilaabogados.com\/wp-content\/uploads\/2020\/04\/dionisio_240.jpg","width":240,"height":304},{"@type":"BreadcrumbList","@id":"https:\/\/archilaabogados.com\/2021\/06\/26\/con-el-etiquetado-frontal-no-se-ha-solucionado-nada\/#breadcrumb","itemListElement":[{"@type":"ListItem","position":1,"name":"Home","item":"https:\/\/archilaabogados.com\/"},{"@type":"ListItem","position":2,"name":"Con el etiquetado frontal no se ha solucionado nada"}]},{"@type":"WebSite","@id":"https:\/\/archilaabogados.com\/#website","url":"https:\/\/archilaabogados.com\/","name":"Archila Abogados","description":"Servicios legales","potentialAction":[{"@type":"SearchAction","target":{"@type":"EntryPoint","urlTemplate":"https:\/\/archilaabogados.com\/?s={search_term_string}"},"query-input":{"@type":"PropertyValueSpecification","valueRequired":true,"valueName":"search_term_string"}}],"inLanguage":"en-US"},{"@type":"Person","@id":"https:\/\/archilaabogados.com\/#\/schema\/person\/2ebc59f80cf35317c2a9f16341ee7883","name":"ArhilAdmin","image":{"@type":"ImageObject","inLanguage":"en-US","@id":"https:\/\/secure.gravatar.com\/avatar\/9dcaf3f4e6ece3ae0c14ad443b5883bafd050ab345f218cf32465ef4c68ec5f4?s=96&d=mm&r=g","url":"https:\/\/secure.gravatar.com\/avatar\/9dcaf3f4e6ece3ae0c14ad443b5883bafd050ab345f218cf32465ef4c68ec5f4?s=96&d=mm&r=g","contentUrl":"https:\/\/secure.gravatar.com\/avatar\/9dcaf3f4e6ece3ae0c14ad443b5883bafd050ab345f218cf32465ef4c68ec5f4?s=96&d=mm&r=g","caption":"ArhilAdmin"},"sameAs":["https:\/\/archilaabogados.com"],"url":"https:\/\/archilaabogados.com\/en\/author\/arhiladmin\/"}]}},"_links":{"self":[{"href":"https:\/\/archilaabogados.com\/en\/wp-json\/wp\/v2\/posts\/945","targetHints":{"allow":["GET"]}}],"collection":[{"href":"https:\/\/archilaabogados.com\/en\/wp-json\/wp\/v2\/posts"}],"about":[{"href":"https:\/\/archilaabogados.com\/en\/wp-json\/wp\/v2\/types\/post"}],"author":[{"embeddable":true,"href":"https:\/\/archilaabogados.com\/en\/wp-json\/wp\/v2\/users\/1"}],"replies":[{"embeddable":true,"href":"https:\/\/archilaabogados.com\/en\/wp-json\/wp\/v2\/comments?post=945"}],"version-history":[{"count":1,"href":"https:\/\/archilaabogados.com\/en\/wp-json\/wp\/v2\/posts\/945\/revisions"}],"predecessor-version":[{"id":1533,"href":"https:\/\/archilaabogados.com\/en\/wp-json\/wp\/v2\/posts\/945\/revisions\/1533"}],"wp:featuredmedia":[{"embeddable":true,"href":"https:\/\/archilaabogados.com\/en\/wp-json\/wp\/v2\/media\/868"}],"wp:attachment":[{"href":"https:\/\/archilaabogados.com\/en\/wp-json\/wp\/v2\/media?parent=945"}],"wp:term":[{"taxonomy":"category","embeddable":true,"href":"https:\/\/archilaabogados.com\/en\/wp-json\/wp\/v2\/categories?post=945"},{"taxonomy":"post_tag","embeddable":true,"href":"https:\/\/archilaabogados.com\/en\/wp-json\/wp\/v2\/tags?post=945"}],"curies":[{"name":"wp","href":"https:\/\/api.w.org\/{rel}","templated":true}]}}