{"id":952,"date":"2021-03-17T22:48:39","date_gmt":"2021-03-17T22:48:39","guid":{"rendered":"https:\/\/archilaabogados.com\/?p=2900"},"modified":"2022-05-27T05:56:55","modified_gmt":"2022-05-27T05:56:55","slug":"acerca-del-dia-mundial-del-consumidor","status":"publish","type":"post","link":"https:\/\/archilaabogados.com\/en\/2021\/03\/17\/acerca-del-dia-mundial-del-consumidor\/","title":{"rendered":"Acerca del D\u00eda Mundial del Consumidor"},"content":{"rendered":"<p><strong>Por: Emilio Archila Saetta<\/strong><\/p>\n<p>El D\u00eda Mundial del Consumidor se celebra un concepto central en el desarrollo de nuestra raza, para que haya llegado a donde est\u00e1, sea donde eso sea.<\/p>\n<p>Para comenzar, hay dos significados (acorde a la Real Academia Espa\u00f1ola) para la palabra \u201cconsumir\u201d, que son relevantes:<\/p>\n<p><strong>i. Destruir, extinguir.<\/strong><\/p>\n<p><strong>ii. Utilizar comestibles u otros bienes para satisfacer necesidades o deseos.<\/strong><\/p>\n<p>En cuanto a la primera definici\u00f3n, siguiendo lo establecido por las leyes b\u00e1sicas de la f\u00edsica, ning\u00fan objeto ser\u00eda \u201cconsumible\u201d.<\/p>\n<p>Lo anterior, con base en que, como humanos, al entender que la materia es capaz de transformarse, pero no entender (o, por lo menos, yo) si esta es capaz de destruirse, o c\u00f3mo esta se lleg\u00f3 a crear, lleva a la conclusi\u00f3n que el consumo, cuando es visto esencialmente como una acci\u00f3n de destrucci\u00f3n o extinci\u00f3n, es un concepto enteramente subjetivo.<\/p>\n<p>Esta primera definici\u00f3n presentada, donde el consumo se entiende como destrucci\u00f3n, no deber\u00eda ser aplicada cuando se intente trasmitir que se ha consumido, por ejemplo, un paquete de papas.<\/p>\n<p>No se debe pensar que la \u00fanica definici\u00f3n existente alrededor del concepto de \u201cconsumir\u201d es la que entiende al acto de consumo como uno esencialmente destructivo.<\/p>\n<p>Existe, para cada persona, la capacidad de elegir en cuanto a cu\u00e1l de las dos definiciones presentadas relativas al concepto de \u201cconsumir\u201d se deber\u00eda utilizar para cada caso concreto.<\/p>\n<p>Al igual que lo anteriormente mencionado, cada persona cuenta con la capacidad de elegir cu\u00e1l, dentro de las dos definiciones presentadas, regir\u00e1 su vida en relaci\u00f3n a este concepto, el del consumo.<\/p>\n<p>Como humanos, \u00bfqueremos pensar que nuestro consumo es in natura destructivo?<\/p>\n<p>Lo anterior, entendiendo la idea de que, si uno rige su vida pensando que la acci\u00f3n de consumir consiste, esencialmente, en destruir o extinguir, no le va a encontrar sentido alguno a intentar utilizar algo sin destruirlo o extinguirlo.<\/p>\n<p>Regir la vida de uno a partir de la primera definici\u00f3n de \u201cconsumir\u201d presentada hace entender que no hay cabida en el mundo para la b\u00fasqueda de la necesaria concepci\u00f3n de un sistema que satisfaga nuestros deseos y necesidades sin que al tiempo se constituya una destrucci\u00f3n.<\/p>\n<p>Hay que hacernos una pregunta: \u00bfel consumo per se deber\u00eda ser siempre destructivo?<\/p>\n<p>Existe la opci\u00f3n de ver la vida a trav\u00e9s de un acercamiento al concepto de \u201cconsumir\u201d acorde con la segunda definici\u00f3n presentada, en donde se ve al consumo, el cual, para ese caso, no est\u00e1 acompa\u00f1ado de una necesaria destrucci\u00f3n, como: \u201cla utilizaci\u00f3n de comestibles u otros bienes para satisfacer necesidades o deseos\u201d.<\/p>\n<p>Me parece que es cuesti\u00f3n de una elecci\u00f3n entre definiciones.<\/p>\n<p>Una elecci\u00f3n que cada d\u00eda se convierte en m\u00e1s relevante, teniendo en cuenta que, en la sociedad del presente, las mayores injusticias son las cometidas en nombre y a favor de la cultura que tiene como objetivo el establecer a la primera definici\u00f3n (destructiva) como la \u00fanica existente.<\/p>\n<p><strong>*Tambi\u00e9n puedes leer el art\u00edculo en \u00c1mbito Jur\u00eddico dando <a href=\"https:\/\/www.ambitojuridico.com\/noticias\/ambito-del-lector\/mercantil-propiedad-intelectual-y-arbitraje\/acerca-del-dia-mundial-del\" target=\"_blank\" rel=\"noopener\">clic ac\u00e1.<\/a><\/strong><\/p>","protected":false},"excerpt":{"rendered":"<p>Por: Emilio Archila Saetta El D\u00eda Mundial del Consumidor se celebra un concepto central en el desarrollo de nuestra&#8230;<\/p>","protected":false},"author":1,"featured_media":953,"comment_status":"closed","ping_status":"open","sticky":false,"template":"","format":"standard","meta":{"_kad_post_transparent":"","_kad_post_title":"","_kad_post_layout":"","_kad_post_sidebar_id":"","_kad_post_content_style":"","_kad_post_vertical_padding":"","_kad_post_feature":"","_kad_post_feature_position":"","_kad_post_header":false,"_kad_post_footer":false,"footnotes":""},"categories":[23,16],"tags":[51,53],"class_list":["post-952","post","type-post","status-publish","format-standard","has-post-thumbnail","hentry","category-ambito-juridico","category-otras-publicaciones","tag-asuntos-legales","tag-otras-publicaciones"],"yoast_head":"<!-- This site is optimized with the Yoast SEO plugin v27.4 - https:\/\/yoast.com\/product\/yoast-seo-wordpress\/ -->\n<title>Acerca del D\u00eda Mundial del Consumidor - Archila Abogados<\/title>\n<meta name=\"robots\" content=\"index, follow, max-snippet:-1, max-image-preview:large, max-video-preview:-1\" \/>\n<link rel=\"canonical\" href=\"https:\/\/archilaabogados.com\/en\/2021\/03\/17\/acerca-del-dia-mundial-del-consumidor\/\" \/>\n<meta property=\"og:locale\" content=\"en_US\" \/>\n<meta property=\"og:type\" content=\"article\" \/>\n<meta property=\"og:title\" content=\"Acerca del D\u00eda Mundial del Consumidor - Archila Abogados\" \/>\n<meta property=\"og:description\" content=\"Por: Emilio Archila Saetta El D\u00eda Mundial del Consumidor se celebra un concepto central en el desarrollo de nuestra...\" \/>\n<meta property=\"og:url\" content=\"https:\/\/archilaabogados.com\/en\/2021\/03\/17\/acerca-del-dia-mundial-del-consumidor\/\" \/>\n<meta property=\"og:site_name\" content=\"Archila Abogados\" \/>\n<meta property=\"article:published_time\" content=\"2021-03-17T22:48:39+00:00\" \/>\n<meta property=\"article:modified_time\" content=\"2022-05-27T05:56:55+00:00\" \/>\n<meta property=\"og:image\" content=\"http:\/\/archilaabogados.com\/wp-content\/uploads\/2021\/03\/Archila-Emilio-S.jpg\" \/>\n\t<meta property=\"og:image:width\" content=\"199\" \/>\n\t<meta property=\"og:image:height\" content=\"263\" \/>\n\t<meta property=\"og:image:type\" content=\"image\/jpeg\" \/>\n<meta name=\"author\" content=\"ArhilAdmin\" \/>\n<meta name=\"twitter:card\" content=\"summary_large_image\" \/>\n<meta name=\"twitter:label1\" content=\"Written by\" \/>\n\t<meta name=\"twitter:data1\" content=\"ArhilAdmin\" \/>\n\t<meta name=\"twitter:label2\" content=\"Est. reading time\" \/>\n\t<meta name=\"twitter:data2\" content=\"3 minutes\" \/>\n<script type=\"application\/ld+json\" class=\"yoast-schema-graph\">{\"@context\":\"https:\\\/\\\/schema.org\",\"@graph\":[{\"@type\":\"Article\",\"@id\":\"https:\\\/\\\/archilaabogados.com\\\/2021\\\/03\\\/17\\\/acerca-del-dia-mundial-del-consumidor\\\/#article\",\"isPartOf\":{\"@id\":\"https:\\\/\\\/archilaabogados.com\\\/2021\\\/03\\\/17\\\/acerca-del-dia-mundial-del-consumidor\\\/\"},\"author\":{\"name\":\"ArhilAdmin\",\"@id\":\"https:\\\/\\\/archilaabogados.com\\\/#\\\/schema\\\/person\\\/2ebc59f80cf35317c2a9f16341ee7883\"},\"headline\":\"Acerca del D\u00eda Mundial del Consumidor\",\"datePublished\":\"2021-03-17T22:48:39+00:00\",\"dateModified\":\"2022-05-27T05:56:55+00:00\",\"mainEntityOfPage\":{\"@id\":\"https:\\\/\\\/archilaabogados.com\\\/2021\\\/03\\\/17\\\/acerca-del-dia-mundial-del-consumidor\\\/\"},\"wordCount\":540,\"image\":{\"@id\":\"https:\\\/\\\/archilaabogados.com\\\/2021\\\/03\\\/17\\\/acerca-del-dia-mundial-del-consumidor\\\/#primaryimage\"},\"thumbnailUrl\":\"https:\\\/\\\/archilaabogados.com\\\/wp-content\\\/uploads\\\/2021\\\/03\\\/Archila-Emilio-S.jpg\",\"keywords\":[\"Asuntos Legales\",\"Otras publicaciones\"],\"articleSection\":[\"\u00c1mbito Jur\u00eddico\",\"Otras Publicaciones\"],\"inLanguage\":\"en-US\"},{\"@type\":\"WebPage\",\"@id\":\"https:\\\/\\\/archilaabogados.com\\\/2021\\\/03\\\/17\\\/acerca-del-dia-mundial-del-consumidor\\\/\",\"url\":\"https:\\\/\\\/archilaabogados.com\\\/2021\\\/03\\\/17\\\/acerca-del-dia-mundial-del-consumidor\\\/\",\"name\":\"Acerca del D\u00eda Mundial del Consumidor - Archila Abogados\",\"isPartOf\":{\"@id\":\"https:\\\/\\\/archilaabogados.com\\\/#website\"},\"primaryImageOfPage\":{\"@id\":\"https:\\\/\\\/archilaabogados.com\\\/2021\\\/03\\\/17\\\/acerca-del-dia-mundial-del-consumidor\\\/#primaryimage\"},\"image\":{\"@id\":\"https:\\\/\\\/archilaabogados.com\\\/2021\\\/03\\\/17\\\/acerca-del-dia-mundial-del-consumidor\\\/#primaryimage\"},\"thumbnailUrl\":\"https:\\\/\\\/archilaabogados.com\\\/wp-content\\\/uploads\\\/2021\\\/03\\\/Archila-Emilio-S.jpg\",\"datePublished\":\"2021-03-17T22:48:39+00:00\",\"dateModified\":\"2022-05-27T05:56:55+00:00\",\"author\":{\"@id\":\"https:\\\/\\\/archilaabogados.com\\\/#\\\/schema\\\/person\\\/2ebc59f80cf35317c2a9f16341ee7883\"},\"breadcrumb\":{\"@id\":\"https:\\\/\\\/archilaabogados.com\\\/2021\\\/03\\\/17\\\/acerca-del-dia-mundial-del-consumidor\\\/#breadcrumb\"},\"inLanguage\":\"en-US\",\"potentialAction\":[{\"@type\":\"ReadAction\",\"target\":[\"https:\\\/\\\/archilaabogados.com\\\/2021\\\/03\\\/17\\\/acerca-del-dia-mundial-del-consumidor\\\/\"]}]},{\"@type\":\"ImageObject\",\"inLanguage\":\"en-US\",\"@id\":\"https:\\\/\\\/archilaabogados.com\\\/2021\\\/03\\\/17\\\/acerca-del-dia-mundial-del-consumidor\\\/#primaryimage\",\"url\":\"https:\\\/\\\/archilaabogados.com\\\/wp-content\\\/uploads\\\/2021\\\/03\\\/Archila-Emilio-S.jpg\",\"contentUrl\":\"https:\\\/\\\/archilaabogados.com\\\/wp-content\\\/uploads\\\/2021\\\/03\\\/Archila-Emilio-S.jpg\",\"width\":199,\"height\":263},{\"@type\":\"BreadcrumbList\",\"@id\":\"https:\\\/\\\/archilaabogados.com\\\/2021\\\/03\\\/17\\\/acerca-del-dia-mundial-del-consumidor\\\/#breadcrumb\",\"itemListElement\":[{\"@type\":\"ListItem\",\"position\":1,\"name\":\"Home\",\"item\":\"https:\\\/\\\/archilaabogados.com\\\/\"},{\"@type\":\"ListItem\",\"position\":2,\"name\":\"Acerca del D\u00eda Mundial del Consumidor\"}]},{\"@type\":\"WebSite\",\"@id\":\"https:\\\/\\\/archilaabogados.com\\\/#website\",\"url\":\"https:\\\/\\\/archilaabogados.com\\\/\",\"name\":\"Archila Abogados\",\"description\":\"Servicios legales\",\"potentialAction\":[{\"@type\":\"SearchAction\",\"target\":{\"@type\":\"EntryPoint\",\"urlTemplate\":\"https:\\\/\\\/archilaabogados.com\\\/?s={search_term_string}\"},\"query-input\":{\"@type\":\"PropertyValueSpecification\",\"valueRequired\":true,\"valueName\":\"search_term_string\"}}],\"inLanguage\":\"en-US\"},{\"@type\":\"Person\",\"@id\":\"https:\\\/\\\/archilaabogados.com\\\/#\\\/schema\\\/person\\\/2ebc59f80cf35317c2a9f16341ee7883\",\"name\":\"ArhilAdmin\",\"image\":{\"@type\":\"ImageObject\",\"inLanguage\":\"en-US\",\"@id\":\"https:\\\/\\\/secure.gravatar.com\\\/avatar\\\/9dcaf3f4e6ece3ae0c14ad443b5883bafd050ab345f218cf32465ef4c68ec5f4?s=96&d=mm&r=g\",\"url\":\"https:\\\/\\\/secure.gravatar.com\\\/avatar\\\/9dcaf3f4e6ece3ae0c14ad443b5883bafd050ab345f218cf32465ef4c68ec5f4?s=96&d=mm&r=g\",\"contentUrl\":\"https:\\\/\\\/secure.gravatar.com\\\/avatar\\\/9dcaf3f4e6ece3ae0c14ad443b5883bafd050ab345f218cf32465ef4c68ec5f4?s=96&d=mm&r=g\",\"caption\":\"ArhilAdmin\"},\"sameAs\":[\"https:\\\/\\\/archilaabogados.com\"],\"url\":\"https:\\\/\\\/archilaabogados.com\\\/en\\\/author\\\/arhiladmin\\\/\"}]}<\/script>\n<!-- \/ Yoast SEO plugin. -->","yoast_head_json":{"title":"Acerca del D\u00eda Mundial del Consumidor - Archila Abogados","robots":{"index":"index","follow":"follow","max-snippet":"max-snippet:-1","max-image-preview":"max-image-preview:large","max-video-preview":"max-video-preview:-1"},"canonical":"https:\/\/archilaabogados.com\/en\/2021\/03\/17\/acerca-del-dia-mundial-del-consumidor\/","og_locale":"en_US","og_type":"article","og_title":"Acerca del D\u00eda Mundial del Consumidor - Archila Abogados","og_description":"Por: Emilio Archila Saetta El D\u00eda Mundial del Consumidor se celebra un concepto central en el desarrollo de nuestra...","og_url":"https:\/\/archilaabogados.com\/en\/2021\/03\/17\/acerca-del-dia-mundial-del-consumidor\/","og_site_name":"Archila Abogados","article_published_time":"2021-03-17T22:48:39+00:00","article_modified_time":"2022-05-27T05:56:55+00:00","og_image":[{"width":199,"height":263,"url":"http:\/\/archilaabogados.com\/wp-content\/uploads\/2021\/03\/Archila-Emilio-S.jpg","type":"image\/jpeg"}],"author":"ArhilAdmin","twitter_card":"summary_large_image","twitter_misc":{"Written by":"ArhilAdmin","Est. reading time":"3 minutes"},"schema":{"@context":"https:\/\/schema.org","@graph":[{"@type":"Article","@id":"https:\/\/archilaabogados.com\/2021\/03\/17\/acerca-del-dia-mundial-del-consumidor\/#article","isPartOf":{"@id":"https:\/\/archilaabogados.com\/2021\/03\/17\/acerca-del-dia-mundial-del-consumidor\/"},"author":{"name":"ArhilAdmin","@id":"https:\/\/archilaabogados.com\/#\/schema\/person\/2ebc59f80cf35317c2a9f16341ee7883"},"headline":"Acerca del D\u00eda Mundial del Consumidor","datePublished":"2021-03-17T22:48:39+00:00","dateModified":"2022-05-27T05:56:55+00:00","mainEntityOfPage":{"@id":"https:\/\/archilaabogados.com\/2021\/03\/17\/acerca-del-dia-mundial-del-consumidor\/"},"wordCount":540,"image":{"@id":"https:\/\/archilaabogados.com\/2021\/03\/17\/acerca-del-dia-mundial-del-consumidor\/#primaryimage"},"thumbnailUrl":"https:\/\/archilaabogados.com\/wp-content\/uploads\/2021\/03\/Archila-Emilio-S.jpg","keywords":["Asuntos Legales","Otras publicaciones"],"articleSection":["\u00c1mbito Jur\u00eddico","Otras Publicaciones"],"inLanguage":"en-US"},{"@type":"WebPage","@id":"https:\/\/archilaabogados.com\/2021\/03\/17\/acerca-del-dia-mundial-del-consumidor\/","url":"https:\/\/archilaabogados.com\/2021\/03\/17\/acerca-del-dia-mundial-del-consumidor\/","name":"Acerca del D\u00eda Mundial del Consumidor - Archila Abogados","isPartOf":{"@id":"https:\/\/archilaabogados.com\/#website"},"primaryImageOfPage":{"@id":"https:\/\/archilaabogados.com\/2021\/03\/17\/acerca-del-dia-mundial-del-consumidor\/#primaryimage"},"image":{"@id":"https:\/\/archilaabogados.com\/2021\/03\/17\/acerca-del-dia-mundial-del-consumidor\/#primaryimage"},"thumbnailUrl":"https:\/\/archilaabogados.com\/wp-content\/uploads\/2021\/03\/Archila-Emilio-S.jpg","datePublished":"2021-03-17T22:48:39+00:00","dateModified":"2022-05-27T05:56:55+00:00","author":{"@id":"https:\/\/archilaabogados.com\/#\/schema\/person\/2ebc59f80cf35317c2a9f16341ee7883"},"breadcrumb":{"@id":"https:\/\/archilaabogados.com\/2021\/03\/17\/acerca-del-dia-mundial-del-consumidor\/#breadcrumb"},"inLanguage":"en-US","potentialAction":[{"@type":"ReadAction","target":["https:\/\/archilaabogados.com\/2021\/03\/17\/acerca-del-dia-mundial-del-consumidor\/"]}]},{"@type":"ImageObject","inLanguage":"en-US","@id":"https:\/\/archilaabogados.com\/2021\/03\/17\/acerca-del-dia-mundial-del-consumidor\/#primaryimage","url":"https:\/\/archilaabogados.com\/wp-content\/uploads\/2021\/03\/Archila-Emilio-S.jpg","contentUrl":"https:\/\/archilaabogados.com\/wp-content\/uploads\/2021\/03\/Archila-Emilio-S.jpg","width":199,"height":263},{"@type":"BreadcrumbList","@id":"https:\/\/archilaabogados.com\/2021\/03\/17\/acerca-del-dia-mundial-del-consumidor\/#breadcrumb","itemListElement":[{"@type":"ListItem","position":1,"name":"Home","item":"https:\/\/archilaabogados.com\/"},{"@type":"ListItem","position":2,"name":"Acerca del D\u00eda Mundial del Consumidor"}]},{"@type":"WebSite","@id":"https:\/\/archilaabogados.com\/#website","url":"https:\/\/archilaabogados.com\/","name":"Archila Abogados","description":"Servicios legales","potentialAction":[{"@type":"SearchAction","target":{"@type":"EntryPoint","urlTemplate":"https:\/\/archilaabogados.com\/?s={search_term_string}"},"query-input":{"@type":"PropertyValueSpecification","valueRequired":true,"valueName":"search_term_string"}}],"inLanguage":"en-US"},{"@type":"Person","@id":"https:\/\/archilaabogados.com\/#\/schema\/person\/2ebc59f80cf35317c2a9f16341ee7883","name":"ArhilAdmin","image":{"@type":"ImageObject","inLanguage":"en-US","@id":"https:\/\/secure.gravatar.com\/avatar\/9dcaf3f4e6ece3ae0c14ad443b5883bafd050ab345f218cf32465ef4c68ec5f4?s=96&d=mm&r=g","url":"https:\/\/secure.gravatar.com\/avatar\/9dcaf3f4e6ece3ae0c14ad443b5883bafd050ab345f218cf32465ef4c68ec5f4?s=96&d=mm&r=g","contentUrl":"https:\/\/secure.gravatar.com\/avatar\/9dcaf3f4e6ece3ae0c14ad443b5883bafd050ab345f218cf32465ef4c68ec5f4?s=96&d=mm&r=g","caption":"ArhilAdmin"},"sameAs":["https:\/\/archilaabogados.com"],"url":"https:\/\/archilaabogados.com\/en\/author\/arhiladmin\/"}]}},"_links":{"self":[{"href":"https:\/\/archilaabogados.com\/en\/wp-json\/wp\/v2\/posts\/952","targetHints":{"allow":["GET"]}}],"collection":[{"href":"https:\/\/archilaabogados.com\/en\/wp-json\/wp\/v2\/posts"}],"about":[{"href":"https:\/\/archilaabogados.com\/en\/wp-json\/wp\/v2\/types\/post"}],"author":[{"embeddable":true,"href":"https:\/\/archilaabogados.com\/en\/wp-json\/wp\/v2\/users\/1"}],"replies":[{"embeddable":true,"href":"https:\/\/archilaabogados.com\/en\/wp-json\/wp\/v2\/comments?post=952"}],"version-history":[{"count":1,"href":"https:\/\/archilaabogados.com\/en\/wp-json\/wp\/v2\/posts\/952\/revisions"}],"predecessor-version":[{"id":1540,"href":"https:\/\/archilaabogados.com\/en\/wp-json\/wp\/v2\/posts\/952\/revisions\/1540"}],"wp:featuredmedia":[{"embeddable":true,"href":"https:\/\/archilaabogados.com\/en\/wp-json\/wp\/v2\/media\/953"}],"wp:attachment":[{"href":"https:\/\/archilaabogados.com\/en\/wp-json\/wp\/v2\/media?parent=952"}],"wp:term":[{"taxonomy":"category","embeddable":true,"href":"https:\/\/archilaabogados.com\/en\/wp-json\/wp\/v2\/categories?post=952"},{"taxonomy":"post_tag","embeddable":true,"href":"https:\/\/archilaabogados.com\/en\/wp-json\/wp\/v2\/tags?post=952"}],"curies":[{"name":"wp","href":"https:\/\/api.w.org\/{rel}","templated":true}]}}