{"id":954,"date":"2021-03-06T07:54:54","date_gmt":"2021-03-06T07:54:54","guid":{"rendered":"https:\/\/archilaabogados.com\/?p=2894"},"modified":"2022-05-27T03:42:59","modified_gmt":"2022-05-27T03:42:59","slug":"revista-contexto-balance-de-los-10-anos-de-vigencia-de-la-ley-1340-de-2009","status":"publish","type":"post","link":"https:\/\/archilaabogados.com\/en\/2021\/03\/06\/revista-contexto-balance-de-los-10-anos-de-vigencia-de-la-ley-1340-de-2009\/","title":{"rendered":"Revista Contexto: Balance de los 10 a\u00f1os de vigencia de la Ley 1340 de 2009"},"content":{"rendered":"<p>Principales art\u00edculos de la Edici\u00f3n 54 de la Revista Contexto; Universidad Externado de Colombia. Julio &#8211; Diciembre 2020.<\/p>\n<p><strong><a href=\"https:\/\/revistas.uexternado.edu.co\/index.php\/contexto\/article\/view\/7060\/9642\" target=\"_blank\" rel=\"noopener\">-Balance de los 10 a\u00f1os de vigencia de la Ley 1340 de 2009 y perspectivas del Derecho de la competencia en Colombia<\/a><\/strong><br \/>\nEmilio Jos\u00e9 Archila Pe\u00f1alosa<\/p>\n<p><strong><a href=\"https:\/\/revistas.uexternado.edu.co\/index.php\/contexto\/article\/view\/7062\/01236458.n54.02\" target=\"_blank\" rel=\"noopener\">-\u00c1mbito de aplicaci\u00f3n de la Ley 1340 de 2009 y Autoridad \u00danica de Competencia<\/a><\/strong><br \/>\nCamilo Pab\u00f3n Almanza<\/p>\n<p><strong><a href=\"https:\/\/revistas.uexternado.edu.co\/index.php\/contexto\/article\/view\/7063\/01236458.n54.03\" target=\"_blank\" rel=\"noopener\">-Prop\u00f3sitos de las actuaciones administrativas en pr\u00e1cticas comerciales restrictivas y significatividad<\/a><\/strong><br \/>\nMauricio Velandia Castro<\/p>\n<p><a href=\"https:\/\/revistas.uexternado.edu.co\/index.php\/contexto\/article\/view\/7064\/01236458.n54.04\" target=\"_blank\" rel=\"noopener\"><strong>-Abogac\u00eda de la competencia y regulaci\u00f3n sobre promoci\u00f3n de la competencia<\/strong><\/a><br \/>\nJos\u00e9 Fernando Plata Puyana<\/p>\n<p><strong><a href=\"https:\/\/revistas.uexternado.edu.co\/index.php\/contexto\/article\/view\/7065\/9603\" target=\"_blank\" rel=\"noopener\">-Operaciones de integraci\u00f3n empresarial<\/a><\/strong><br \/>\nJulio C\u00e9sar Casta\u00f1eda Acosta<\/p>\n<p><strong><a href=\"https:\/\/revistas.uexternado.edu.co\/index.php\/contexto\/article\/view\/7069\/9605\" target=\"_blank\" rel=\"noopener\">-Terminaci\u00f3n por garant\u00edas en los procedimientos administrativos sancionatorios de pr\u00e1cticas comerciales restrictivas<\/a><\/strong><br \/>\nDavid Toro Ochoa<\/p>\n<p><strong><a href=\"https:\/\/revistas.uexternado.edu.co\/index.php\/contexto\/article\/view\/7072\/9608\" target=\"_blank\" rel=\"noopener\">-\u00bfEs necesario reformar el r\u00e9gimen de competencia?<\/a><\/strong><br \/>\nEmilio Jos\u00e9 Archila Pe\u00f1alosa<\/p>","protected":false},"excerpt":{"rendered":"<p>Principales art\u00edculos de la Edici\u00f3n 54 de la Revista Contexto; Universidad Externado de Colombia. Julio &#8211; Diciembre 2020. -Balance&#8230;<\/p>","protected":false},"author":1,"featured_media":883,"comment_status":"closed","ping_status":"open","sticky":false,"template":"","format":"standard","meta":{"_kad_post_transparent":"","_kad_post_title":"","_kad_post_layout":"","_kad_post_sidebar_id":"","_kad_post_content_style":"","_kad_post_vertical_padding":"","_kad_post_feature":"","_kad_post_feature_position":"","_kad_post_header":false,"_kad_post_footer":false,"footnotes":""},"categories":[24],"tags":[51],"class_list":["post-954","post","type-post","status-publish","format-standard","has-post-thumbnail","hentry","category-contexto","tag-asuntos-legales"],"yoast_head":"<!-- This site is optimized with the Yoast SEO plugin v27.4 - https:\/\/yoast.com\/product\/yoast-seo-wordpress\/ -->\n<title>Revista Contexto: Balance de los 10 a\u00f1os de vigencia de la Ley 1340 de 2009 - Archila Abogados<\/title>\n<meta name=\"robots\" content=\"index, follow, max-snippet:-1, max-image-preview:large, max-video-preview:-1\" \/>\n<link rel=\"canonical\" href=\"https:\/\/archilaabogados.com\/en\/2021\/03\/06\/revista-contexto-balance-de-los-10-anos-de-vigencia-de-la-ley-1340-de-2009\/\" \/>\n<meta property=\"og:locale\" content=\"en_US\" \/>\n<meta property=\"og:type\" content=\"article\" \/>\n<meta property=\"og:title\" content=\"Revista Contexto: Balance de los 10 a\u00f1os de vigencia de la Ley 1340 de 2009 - Archila Abogados\" \/>\n<meta property=\"og:description\" content=\"Principales art\u00edculos de la Edici\u00f3n 54 de la Revista Contexto; Universidad Externado de Colombia. Julio &#8211; Diciembre 2020. -Balance...\" \/>\n<meta property=\"og:url\" content=\"https:\/\/archilaabogados.com\/en\/2021\/03\/06\/revista-contexto-balance-de-los-10-anos-de-vigencia-de-la-ley-1340-de-2009\/\" \/>\n<meta property=\"og:site_name\" content=\"Archila Abogados\" \/>\n<meta property=\"article:published_time\" content=\"2021-03-06T07:54:54+00:00\" \/>\n<meta property=\"article:modified_time\" content=\"2022-05-27T03:42:59+00:00\" \/>\n<meta property=\"og:image\" content=\"http:\/\/archilaabogados.com\/wp-content\/uploads\/2019\/08\/externado_240.jpg\" \/>\n\t<meta property=\"og:image:width\" content=\"240\" \/>\n\t<meta property=\"og:image:height\" content=\"290\" \/>\n\t<meta property=\"og:image:type\" content=\"image\/jpeg\" \/>\n<meta name=\"author\" content=\"ArhilAdmin\" \/>\n<meta name=\"twitter:card\" content=\"summary_large_image\" \/>\n<meta name=\"twitter:label1\" content=\"Written by\" \/>\n\t<meta name=\"twitter:data1\" content=\"ArhilAdmin\" \/>\n\t<meta name=\"twitter:label2\" content=\"Est. reading time\" \/>\n\t<meta name=\"twitter:data2\" content=\"1 minute\" \/>\n<script type=\"application\/ld+json\" class=\"yoast-schema-graph\">{\"@context\":\"https:\\\/\\\/schema.org\",\"@graph\":[{\"@type\":\"Article\",\"@id\":\"https:\\\/\\\/archilaabogados.com\\\/2021\\\/03\\\/06\\\/revista-contexto-balance-de-los-10-anos-de-vigencia-de-la-ley-1340-de-2009\\\/#article\",\"isPartOf\":{\"@id\":\"https:\\\/\\\/archilaabogados.com\\\/2021\\\/03\\\/06\\\/revista-contexto-balance-de-los-10-anos-de-vigencia-de-la-ley-1340-de-2009\\\/\"},\"author\":{\"name\":\"ArhilAdmin\",\"@id\":\"https:\\\/\\\/archilaabogados.com\\\/#\\\/schema\\\/person\\\/2ebc59f80cf35317c2a9f16341ee7883\"},\"headline\":\"Revista Contexto: Balance de los 10 a\u00f1os de vigencia de la Ley 1340 de 2009\",\"datePublished\":\"2021-03-06T07:54:54+00:00\",\"dateModified\":\"2022-05-27T03:42:59+00:00\",\"mainEntityOfPage\":{\"@id\":\"https:\\\/\\\/archilaabogados.com\\\/2021\\\/03\\\/06\\\/revista-contexto-balance-de-los-10-anos-de-vigencia-de-la-ley-1340-de-2009\\\/\"},\"wordCount\":151,\"image\":{\"@id\":\"https:\\\/\\\/archilaabogados.com\\\/2021\\\/03\\\/06\\\/revista-contexto-balance-de-los-10-anos-de-vigencia-de-la-ley-1340-de-2009\\\/#primaryimage\"},\"thumbnailUrl\":\"https:\\\/\\\/archilaabogados.com\\\/wp-content\\\/uploads\\\/2019\\\/08\\\/externado_240.jpg\",\"keywords\":[\"Asuntos Legales\"],\"articleSection\":[\"Contexto\"],\"inLanguage\":\"en-US\"},{\"@type\":\"WebPage\",\"@id\":\"https:\\\/\\\/archilaabogados.com\\\/2021\\\/03\\\/06\\\/revista-contexto-balance-de-los-10-anos-de-vigencia-de-la-ley-1340-de-2009\\\/\",\"url\":\"https:\\\/\\\/archilaabogados.com\\\/2021\\\/03\\\/06\\\/revista-contexto-balance-de-los-10-anos-de-vigencia-de-la-ley-1340-de-2009\\\/\",\"name\":\"Revista Contexto: Balance de los 10 a\u00f1os de vigencia de la Ley 1340 de 2009 - Archila Abogados\",\"isPartOf\":{\"@id\":\"https:\\\/\\\/archilaabogados.com\\\/#website\"},\"primaryImageOfPage\":{\"@id\":\"https:\\\/\\\/archilaabogados.com\\\/2021\\\/03\\\/06\\\/revista-contexto-balance-de-los-10-anos-de-vigencia-de-la-ley-1340-de-2009\\\/#primaryimage\"},\"image\":{\"@id\":\"https:\\\/\\\/archilaabogados.com\\\/2021\\\/03\\\/06\\\/revista-contexto-balance-de-los-10-anos-de-vigencia-de-la-ley-1340-de-2009\\\/#primaryimage\"},\"thumbnailUrl\":\"https:\\\/\\\/archilaabogados.com\\\/wp-content\\\/uploads\\\/2019\\\/08\\\/externado_240.jpg\",\"datePublished\":\"2021-03-06T07:54:54+00:00\",\"dateModified\":\"2022-05-27T03:42:59+00:00\",\"author\":{\"@id\":\"https:\\\/\\\/archilaabogados.com\\\/#\\\/schema\\\/person\\\/2ebc59f80cf35317c2a9f16341ee7883\"},\"breadcrumb\":{\"@id\":\"https:\\\/\\\/archilaabogados.com\\\/2021\\\/03\\\/06\\\/revista-contexto-balance-de-los-10-anos-de-vigencia-de-la-ley-1340-de-2009\\\/#breadcrumb\"},\"inLanguage\":\"en-US\",\"potentialAction\":[{\"@type\":\"ReadAction\",\"target\":[\"https:\\\/\\\/archilaabogados.com\\\/2021\\\/03\\\/06\\\/revista-contexto-balance-de-los-10-anos-de-vigencia-de-la-ley-1340-de-2009\\\/\"]}]},{\"@type\":\"ImageObject\",\"inLanguage\":\"en-US\",\"@id\":\"https:\\\/\\\/archilaabogados.com\\\/2021\\\/03\\\/06\\\/revista-contexto-balance-de-los-10-anos-de-vigencia-de-la-ley-1340-de-2009\\\/#primaryimage\",\"url\":\"https:\\\/\\\/archilaabogados.com\\\/wp-content\\\/uploads\\\/2019\\\/08\\\/externado_240.jpg\",\"contentUrl\":\"https:\\\/\\\/archilaabogados.com\\\/wp-content\\\/uploads\\\/2019\\\/08\\\/externado_240.jpg\",\"width\":240,\"height\":290},{\"@type\":\"BreadcrumbList\",\"@id\":\"https:\\\/\\\/archilaabogados.com\\\/2021\\\/03\\\/06\\\/revista-contexto-balance-de-los-10-anos-de-vigencia-de-la-ley-1340-de-2009\\\/#breadcrumb\",\"itemListElement\":[{\"@type\":\"ListItem\",\"position\":1,\"name\":\"Home\",\"item\":\"https:\\\/\\\/archilaabogados.com\\\/\"},{\"@type\":\"ListItem\",\"position\":2,\"name\":\"Revista Contexto: Balance de los 10 a\u00f1os de vigencia de la Ley 1340 de 2009\"}]},{\"@type\":\"WebSite\",\"@id\":\"https:\\\/\\\/archilaabogados.com\\\/#website\",\"url\":\"https:\\\/\\\/archilaabogados.com\\\/\",\"name\":\"Archila Abogados\",\"description\":\"Servicios legales\",\"potentialAction\":[{\"@type\":\"SearchAction\",\"target\":{\"@type\":\"EntryPoint\",\"urlTemplate\":\"https:\\\/\\\/archilaabogados.com\\\/?s={search_term_string}\"},\"query-input\":{\"@type\":\"PropertyValueSpecification\",\"valueRequired\":true,\"valueName\":\"search_term_string\"}}],\"inLanguage\":\"en-US\"},{\"@type\":\"Person\",\"@id\":\"https:\\\/\\\/archilaabogados.com\\\/#\\\/schema\\\/person\\\/2ebc59f80cf35317c2a9f16341ee7883\",\"name\":\"ArhilAdmin\",\"image\":{\"@type\":\"ImageObject\",\"inLanguage\":\"en-US\",\"@id\":\"https:\\\/\\\/secure.gravatar.com\\\/avatar\\\/9dcaf3f4e6ece3ae0c14ad443b5883bafd050ab345f218cf32465ef4c68ec5f4?s=96&d=mm&r=g\",\"url\":\"https:\\\/\\\/secure.gravatar.com\\\/avatar\\\/9dcaf3f4e6ece3ae0c14ad443b5883bafd050ab345f218cf32465ef4c68ec5f4?s=96&d=mm&r=g\",\"contentUrl\":\"https:\\\/\\\/secure.gravatar.com\\\/avatar\\\/9dcaf3f4e6ece3ae0c14ad443b5883bafd050ab345f218cf32465ef4c68ec5f4?s=96&d=mm&r=g\",\"caption\":\"ArhilAdmin\"},\"sameAs\":[\"https:\\\/\\\/archilaabogados.com\"],\"url\":\"https:\\\/\\\/archilaabogados.com\\\/en\\\/author\\\/arhiladmin\\\/\"}]}<\/script>\n<!-- \/ Yoast SEO plugin. -->","yoast_head_json":{"title":"Revista Contexto: Balance de los 10 a\u00f1os de vigencia de la Ley 1340 de 2009 - Archila Abogados","robots":{"index":"index","follow":"follow","max-snippet":"max-snippet:-1","max-image-preview":"max-image-preview:large","max-video-preview":"max-video-preview:-1"},"canonical":"https:\/\/archilaabogados.com\/en\/2021\/03\/06\/revista-contexto-balance-de-los-10-anos-de-vigencia-de-la-ley-1340-de-2009\/","og_locale":"en_US","og_type":"article","og_title":"Revista Contexto: Balance de los 10 a\u00f1os de vigencia de la Ley 1340 de 2009 - Archila Abogados","og_description":"Principales art\u00edculos de la Edici\u00f3n 54 de la Revista Contexto; Universidad Externado de Colombia. Julio &#8211; Diciembre 2020. -Balance...","og_url":"https:\/\/archilaabogados.com\/en\/2021\/03\/06\/revista-contexto-balance-de-los-10-anos-de-vigencia-de-la-ley-1340-de-2009\/","og_site_name":"Archila Abogados","article_published_time":"2021-03-06T07:54:54+00:00","article_modified_time":"2022-05-27T03:42:59+00:00","og_image":[{"width":240,"height":290,"url":"http:\/\/archilaabogados.com\/wp-content\/uploads\/2019\/08\/externado_240.jpg","type":"image\/jpeg"}],"author":"ArhilAdmin","twitter_card":"summary_large_image","twitter_misc":{"Written by":"ArhilAdmin","Est. reading time":"1 minute"},"schema":{"@context":"https:\/\/schema.org","@graph":[{"@type":"Article","@id":"https:\/\/archilaabogados.com\/2021\/03\/06\/revista-contexto-balance-de-los-10-anos-de-vigencia-de-la-ley-1340-de-2009\/#article","isPartOf":{"@id":"https:\/\/archilaabogados.com\/2021\/03\/06\/revista-contexto-balance-de-los-10-anos-de-vigencia-de-la-ley-1340-de-2009\/"},"author":{"name":"ArhilAdmin","@id":"https:\/\/archilaabogados.com\/#\/schema\/person\/2ebc59f80cf35317c2a9f16341ee7883"},"headline":"Revista Contexto: Balance de los 10 a\u00f1os de vigencia de la Ley 1340 de 2009","datePublished":"2021-03-06T07:54:54+00:00","dateModified":"2022-05-27T03:42:59+00:00","mainEntityOfPage":{"@id":"https:\/\/archilaabogados.com\/2021\/03\/06\/revista-contexto-balance-de-los-10-anos-de-vigencia-de-la-ley-1340-de-2009\/"},"wordCount":151,"image":{"@id":"https:\/\/archilaabogados.com\/2021\/03\/06\/revista-contexto-balance-de-los-10-anos-de-vigencia-de-la-ley-1340-de-2009\/#primaryimage"},"thumbnailUrl":"https:\/\/archilaabogados.com\/wp-content\/uploads\/2019\/08\/externado_240.jpg","keywords":["Asuntos Legales"],"articleSection":["Contexto"],"inLanguage":"en-US"},{"@type":"WebPage","@id":"https:\/\/archilaabogados.com\/2021\/03\/06\/revista-contexto-balance-de-los-10-anos-de-vigencia-de-la-ley-1340-de-2009\/","url":"https:\/\/archilaabogados.com\/2021\/03\/06\/revista-contexto-balance-de-los-10-anos-de-vigencia-de-la-ley-1340-de-2009\/","name":"Revista Contexto: Balance de los 10 a\u00f1os de vigencia de la Ley 1340 de 2009 - Archila Abogados","isPartOf":{"@id":"https:\/\/archilaabogados.com\/#website"},"primaryImageOfPage":{"@id":"https:\/\/archilaabogados.com\/2021\/03\/06\/revista-contexto-balance-de-los-10-anos-de-vigencia-de-la-ley-1340-de-2009\/#primaryimage"},"image":{"@id":"https:\/\/archilaabogados.com\/2021\/03\/06\/revista-contexto-balance-de-los-10-anos-de-vigencia-de-la-ley-1340-de-2009\/#primaryimage"},"thumbnailUrl":"https:\/\/archilaabogados.com\/wp-content\/uploads\/2019\/08\/externado_240.jpg","datePublished":"2021-03-06T07:54:54+00:00","dateModified":"2022-05-27T03:42:59+00:00","author":{"@id":"https:\/\/archilaabogados.com\/#\/schema\/person\/2ebc59f80cf35317c2a9f16341ee7883"},"breadcrumb":{"@id":"https:\/\/archilaabogados.com\/2021\/03\/06\/revista-contexto-balance-de-los-10-anos-de-vigencia-de-la-ley-1340-de-2009\/#breadcrumb"},"inLanguage":"en-US","potentialAction":[{"@type":"ReadAction","target":["https:\/\/archilaabogados.com\/2021\/03\/06\/revista-contexto-balance-de-los-10-anos-de-vigencia-de-la-ley-1340-de-2009\/"]}]},{"@type":"ImageObject","inLanguage":"en-US","@id":"https:\/\/archilaabogados.com\/2021\/03\/06\/revista-contexto-balance-de-los-10-anos-de-vigencia-de-la-ley-1340-de-2009\/#primaryimage","url":"https:\/\/archilaabogados.com\/wp-content\/uploads\/2019\/08\/externado_240.jpg","contentUrl":"https:\/\/archilaabogados.com\/wp-content\/uploads\/2019\/08\/externado_240.jpg","width":240,"height":290},{"@type":"BreadcrumbList","@id":"https:\/\/archilaabogados.com\/2021\/03\/06\/revista-contexto-balance-de-los-10-anos-de-vigencia-de-la-ley-1340-de-2009\/#breadcrumb","itemListElement":[{"@type":"ListItem","position":1,"name":"Home","item":"https:\/\/archilaabogados.com\/"},{"@type":"ListItem","position":2,"name":"Revista Contexto: Balance de los 10 a\u00f1os de vigencia de la Ley 1340 de 2009"}]},{"@type":"WebSite","@id":"https:\/\/archilaabogados.com\/#website","url":"https:\/\/archilaabogados.com\/","name":"Archila Abogados","description":"Servicios legales","potentialAction":[{"@type":"SearchAction","target":{"@type":"EntryPoint","urlTemplate":"https:\/\/archilaabogados.com\/?s={search_term_string}"},"query-input":{"@type":"PropertyValueSpecification","valueRequired":true,"valueName":"search_term_string"}}],"inLanguage":"en-US"},{"@type":"Person","@id":"https:\/\/archilaabogados.com\/#\/schema\/person\/2ebc59f80cf35317c2a9f16341ee7883","name":"ArhilAdmin","image":{"@type":"ImageObject","inLanguage":"en-US","@id":"https:\/\/secure.gravatar.com\/avatar\/9dcaf3f4e6ece3ae0c14ad443b5883bafd050ab345f218cf32465ef4c68ec5f4?s=96&d=mm&r=g","url":"https:\/\/secure.gravatar.com\/avatar\/9dcaf3f4e6ece3ae0c14ad443b5883bafd050ab345f218cf32465ef4c68ec5f4?s=96&d=mm&r=g","contentUrl":"https:\/\/secure.gravatar.com\/avatar\/9dcaf3f4e6ece3ae0c14ad443b5883bafd050ab345f218cf32465ef4c68ec5f4?s=96&d=mm&r=g","caption":"ArhilAdmin"},"sameAs":["https:\/\/archilaabogados.com"],"url":"https:\/\/archilaabogados.com\/en\/author\/arhiladmin\/"}]}},"_links":{"self":[{"href":"https:\/\/archilaabogados.com\/en\/wp-json\/wp\/v2\/posts\/954","targetHints":{"allow":["GET"]}}],"collection":[{"href":"https:\/\/archilaabogados.com\/en\/wp-json\/wp\/v2\/posts"}],"about":[{"href":"https:\/\/archilaabogados.com\/en\/wp-json\/wp\/v2\/types\/post"}],"author":[{"embeddable":true,"href":"https:\/\/archilaabogados.com\/en\/wp-json\/wp\/v2\/users\/1"}],"replies":[{"embeddable":true,"href":"https:\/\/archilaabogados.com\/en\/wp-json\/wp\/v2\/comments?post=954"}],"version-history":[{"count":1,"href":"https:\/\/archilaabogados.com\/en\/wp-json\/wp\/v2\/posts\/954\/revisions"}],"predecessor-version":[{"id":1541,"href":"https:\/\/archilaabogados.com\/en\/wp-json\/wp\/v2\/posts\/954\/revisions\/1541"}],"wp:featuredmedia":[{"embeddable":true,"href":"https:\/\/archilaabogados.com\/en\/wp-json\/wp\/v2\/media\/883"}],"wp:attachment":[{"href":"https:\/\/archilaabogados.com\/en\/wp-json\/wp\/v2\/media?parent=954"}],"wp:term":[{"taxonomy":"category","embeddable":true,"href":"https:\/\/archilaabogados.com\/en\/wp-json\/wp\/v2\/categories?post=954"},{"taxonomy":"post_tag","embeddable":true,"href":"https:\/\/archilaabogados.com\/en\/wp-json\/wp\/v2\/tags?post=954"}],"curies":[{"name":"wp","href":"https:\/\/api.w.org\/{rel}","templated":true}]}}