{"id":963,"date":"2020-09-28T08:34:32","date_gmt":"2020-09-28T08:34:32","guid":{"rendered":"https:\/\/archilaabogados.com\/?p=2815"},"modified":"2022-05-27T05:54:17","modified_gmt":"2022-05-27T05:54:17","slug":"el-falso-dilema-de-las-redes-y-el-comercio-electronico","status":"publish","type":"post","link":"https:\/\/archilaabogados.com\/en\/2020\/09\/28\/el-falso-dilema-de-las-redes-y-el-comercio-electronico\/","title":{"rendered":"El falso dilema de las redes y el comercio electr\u00f3nico"},"content":{"rendered":"<p><strong>Columna de opini\u00f3n del Dr. Dionisio de la Cruz para el portal Asuntos Legales. Septiembre 26 de 2020.<\/strong><\/p>\n<p><strong>El falso dilema de las redes y el comercio electr\u00f3nico<\/strong><\/p>\n<p>Es un hecho notorio que el internet nos ha cambiado la vida, como individuos y como sociedad. Surgido como una necesidad militar, ha copado todas nuestras necesidades, parece que no hubiera actividad que pudi\u00e9ramos ejercer que no se origine, desarrolle o culmine sin la intervenci\u00f3n de un correo o un mensaje de texto. Sin embargo, hemos venido conociendo que esa dependencia no es espont\u00e1nea y que detr\u00e1s de la omnipresencia de la red, existe una estrategia para que parezca y sintamos que nuestra vida no tiene sentido sin estar conectados.<\/p>\n<p><strong>\u00bfCu\u00e1l es su opini\u00f3n frente al dilema que se plantea con relaci\u00f3n a las redes sociales o, en general, frente a las plataformas tecnol\u00f3gicas?<\/strong><\/p>\n<p>Con estupor nos hemos enterado, tambi\u00e9n a trav\u00e9s del internet y en plataformas, c\u00f3mo las grandes empresas tecnol\u00f3gicas han desarrollado estrategias para \u201cenviciarnos\u201d a ellas, de la mano de psic\u00f3logos del comportamiento, expertos en mercadeo y toda suerte de perfiles profesionales que de manera consciente dise\u00f1an sus esquemas para que no podamos despegarnos de las pantallas, desde los juegos, que ya no solamente son para ni\u00f1os, hasta las redes sociales, pasando por las plataformas de comercio electr\u00f3nicos.<\/p>\n<p>Esto me recuerda la estrategia de las tabacaleras que ofrec\u00edan un producto que sab\u00edan adictivo, como un s\u00edmbolo de clase, elegancia y sensualidad. Desafortunadamente, esa estrategia y la peligrosidad del tabaco fue descubierta muchos a\u00f1os y muertos despu\u00e9s, dejando a los estados un problema de salud p\u00fablica enorme y muchos adictos, pero con la posibilidad de poner en aviso a las nuevas generaciones de los da\u00f1os del tabaco con agresivas campa\u00f1as que informan sin ambages que el tabaco no s\u00f3lo es adictivo, sino que mata.<\/p>\n<p>Por supuesto, que por s\u00ed mismo el uso de la tecnolog\u00eda no genera los efectos sobre la salud que genera el tabaco, pero hoy parece haber la suficiente informaci\u00f3n para concluir que varios productos que se comercializan a trav\u00e9s de las redes son dise\u00f1ados para formar adictos y que esta adicci\u00f3n conduce a la posibilidad de manipular su voluntad. Creo que no exagero cuando me refiero al fen\u00f3meno como una adicci\u00f3n, entendido como la afici\u00f3n extrema algo o a alguien.<\/p>\n<p>No ha pasado tanto tiempo como sucedi\u00f3 con el tabaco para conocer esta realidad, pero s\u00ed el suficiente para que se hubieren formado poderes que parecen imposibles de controlar, pero no es tarde y parece que los gobiernos se han comenzado a despertar. Hoy ya parece inminente la demanda que va presentar el departamento de estado de los EE.UU. contra Google, que promete ser la batalla jur\u00eddica de la d\u00e9cada.<\/p>\n<p>En Colombia, este despertar deber\u00eda ir de la mano de la intervenci\u00f3n del estado, no para prohibir, por lo que no creo que haya un dilema, entendido como la situaci\u00f3n en que es necesario elegir entre dos opciones igualmente buenas o malas, lo que hay es un falso dilema que debe resolverse regulando la actividad y aplicando la ley, ya que es indudable que tambi\u00e9n las redes sociales, el comercio electr\u00f3nico y la inteligencia artificial que se genera a partir de la captaci\u00f3n de datos, han generado bienestar.<\/p>\n<p><strong>\u00bfCu\u00e1l podr\u00eda ser una propuesta de regulaci\u00f3n?<\/strong><\/p>\n<p>Por el poco espacio de esta columna solo me referir\u00e9 a una de las tem\u00e1ticas que se deber\u00eda abordar y es el de la captaci\u00f3n de los datos personales, que es una de las grandes preocupaciones. La norma colombiana s e encuentra dise\u00f1ada a partir de la necesidad de solicitar la autorizaci\u00f3n expresa del titular de cualquiera de sus datos. Sin embargo, esto de nada sirve.<\/p>\n<p>Nadie, o por lo menos poqu\u00edsimas personas, se detienen a leer para qu\u00e9 entrega sus datos, qu\u00e9 datos realmente entrega y ni siquiera por qu\u00e9, no s\u00f3lo por lo extenso de los t\u00e9rminos y condiciones, sino porque sin esa autorizaci\u00f3n, no puede la persona adquirir el producto (bien, servicio, pertenencia a la red) que requiere.<\/p>\n<p><strong>Tambi\u00e9n puedes leer el art\u00edculo en el portal Asuntos Legales, dando <a href=\"https:\/\/www.asuntoslegales.com.co\/consultorio\/el-falso-dilema-de-las-redes-y-el-comercio-electronico-3065778\" target=\"_blank\" rel=\"noopener\">clic ac\u00e1.<\/a><\/strong><\/p>","protected":false},"excerpt":{"rendered":"<p>Columna de opini\u00f3n del Dr. Dionisio de la Cruz para el portal Asuntos Legales. Septiembre 26 de 2020. El&#8230;<\/p>","protected":false},"author":1,"featured_media":887,"comment_status":"closed","ping_status":"open","sticky":false,"template":"","format":"standard","meta":{"_kad_post_transparent":"","_kad_post_title":"","_kad_post_layout":"","_kad_post_sidebar_id":"","_kad_post_content_style":"","_kad_post_vertical_padding":"","_kad_post_feature":"","_kad_post_feature_position":"","_kad_post_header":false,"_kad_post_footer":false,"footnotes":""},"categories":[15],"tags":[51],"class_list":["post-963","post","type-post","status-publish","format-standard","has-post-thumbnail","hentry","category-diario-la-republica","tag-asuntos-legales"],"yoast_head":"<!-- This site is optimized with the Yoast SEO plugin v27.4 - https:\/\/yoast.com\/product\/yoast-seo-wordpress\/ -->\n<title>El falso dilema de las redes y el comercio electr\u00f3nico - Archila Abogados<\/title>\n<meta name=\"robots\" content=\"index, follow, max-snippet:-1, max-image-preview:large, max-video-preview:-1\" \/>\n<link rel=\"canonical\" href=\"https:\/\/archilaabogados.com\/en\/2020\/09\/28\/el-falso-dilema-de-las-redes-y-el-comercio-electronico\/\" \/>\n<meta property=\"og:locale\" content=\"en_US\" \/>\n<meta property=\"og:type\" content=\"article\" \/>\n<meta property=\"og:title\" content=\"El falso dilema de las redes y el comercio electr\u00f3nico - Archila Abogados\" \/>\n<meta property=\"og:description\" content=\"Columna de opini\u00f3n del Dr. Dionisio de la Cruz para el portal Asuntos Legales. Septiembre 26 de 2020. El...\" \/>\n<meta property=\"og:url\" content=\"https:\/\/archilaabogados.com\/en\/2020\/09\/28\/el-falso-dilema-de-las-redes-y-el-comercio-electronico\/\" \/>\n<meta property=\"og:site_name\" content=\"Archila Abogados\" \/>\n<meta property=\"article:published_time\" content=\"2020-09-28T08:34:32+00:00\" \/>\n<meta property=\"article:modified_time\" content=\"2022-05-27T05:54:17+00:00\" \/>\n<meta property=\"og:image\" content=\"http:\/\/archilaabogados.com\/wp-content\/uploads\/2019\/08\/dionisio_asuntos.jpg\" \/>\n\t<meta property=\"og:image:width\" content=\"240\" \/>\n\t<meta property=\"og:image:height\" content=\"290\" \/>\n\t<meta property=\"og:image:type\" content=\"image\/jpeg\" \/>\n<meta name=\"author\" content=\"ArhilAdmin\" \/>\n<meta name=\"twitter:card\" content=\"summary_large_image\" \/>\n<meta name=\"twitter:label1\" content=\"Written by\" \/>\n\t<meta name=\"twitter:data1\" content=\"ArhilAdmin\" \/>\n\t<meta name=\"twitter:label2\" content=\"Est. reading time\" \/>\n\t<meta name=\"twitter:data2\" content=\"4 minutes\" \/>\n<script type=\"application\/ld+json\" class=\"yoast-schema-graph\">{\"@context\":\"https:\\\/\\\/schema.org\",\"@graph\":[{\"@type\":\"Article\",\"@id\":\"https:\\\/\\\/archilaabogados.com\\\/2020\\\/09\\\/28\\\/el-falso-dilema-de-las-redes-y-el-comercio-electronico\\\/#article\",\"isPartOf\":{\"@id\":\"https:\\\/\\\/archilaabogados.com\\\/2020\\\/09\\\/28\\\/el-falso-dilema-de-las-redes-y-el-comercio-electronico\\\/\"},\"author\":{\"name\":\"ArhilAdmin\",\"@id\":\"https:\\\/\\\/archilaabogados.com\\\/#\\\/schema\\\/person\\\/2ebc59f80cf35317c2a9f16341ee7883\"},\"headline\":\"El falso dilema de las redes y el comercio electr\u00f3nico\",\"datePublished\":\"2020-09-28T08:34:32+00:00\",\"dateModified\":\"2022-05-27T05:54:17+00:00\",\"mainEntityOfPage\":{\"@id\":\"https:\\\/\\\/archilaabogados.com\\\/2020\\\/09\\\/28\\\/el-falso-dilema-de-las-redes-y-el-comercio-electronico\\\/\"},\"wordCount\":750,\"image\":{\"@id\":\"https:\\\/\\\/archilaabogados.com\\\/2020\\\/09\\\/28\\\/el-falso-dilema-de-las-redes-y-el-comercio-electronico\\\/#primaryimage\"},\"thumbnailUrl\":\"https:\\\/\\\/archilaabogados.com\\\/wp-content\\\/uploads\\\/2019\\\/08\\\/dionisio_asuntos.jpg\",\"keywords\":[\"Asuntos Legales\"],\"articleSection\":[\"Diario La Rep\u00fablica\"],\"inLanguage\":\"en-US\"},{\"@type\":\"WebPage\",\"@id\":\"https:\\\/\\\/archilaabogados.com\\\/2020\\\/09\\\/28\\\/el-falso-dilema-de-las-redes-y-el-comercio-electronico\\\/\",\"url\":\"https:\\\/\\\/archilaabogados.com\\\/2020\\\/09\\\/28\\\/el-falso-dilema-de-las-redes-y-el-comercio-electronico\\\/\",\"name\":\"El falso dilema de las redes y el comercio electr\u00f3nico - Archila Abogados\",\"isPartOf\":{\"@id\":\"https:\\\/\\\/archilaabogados.com\\\/#website\"},\"primaryImageOfPage\":{\"@id\":\"https:\\\/\\\/archilaabogados.com\\\/2020\\\/09\\\/28\\\/el-falso-dilema-de-las-redes-y-el-comercio-electronico\\\/#primaryimage\"},\"image\":{\"@id\":\"https:\\\/\\\/archilaabogados.com\\\/2020\\\/09\\\/28\\\/el-falso-dilema-de-las-redes-y-el-comercio-electronico\\\/#primaryimage\"},\"thumbnailUrl\":\"https:\\\/\\\/archilaabogados.com\\\/wp-content\\\/uploads\\\/2019\\\/08\\\/dionisio_asuntos.jpg\",\"datePublished\":\"2020-09-28T08:34:32+00:00\",\"dateModified\":\"2022-05-27T05:54:17+00:00\",\"author\":{\"@id\":\"https:\\\/\\\/archilaabogados.com\\\/#\\\/schema\\\/person\\\/2ebc59f80cf35317c2a9f16341ee7883\"},\"breadcrumb\":{\"@id\":\"https:\\\/\\\/archilaabogados.com\\\/2020\\\/09\\\/28\\\/el-falso-dilema-de-las-redes-y-el-comercio-electronico\\\/#breadcrumb\"},\"inLanguage\":\"en-US\",\"potentialAction\":[{\"@type\":\"ReadAction\",\"target\":[\"https:\\\/\\\/archilaabogados.com\\\/2020\\\/09\\\/28\\\/el-falso-dilema-de-las-redes-y-el-comercio-electronico\\\/\"]}]},{\"@type\":\"ImageObject\",\"inLanguage\":\"en-US\",\"@id\":\"https:\\\/\\\/archilaabogados.com\\\/2020\\\/09\\\/28\\\/el-falso-dilema-de-las-redes-y-el-comercio-electronico\\\/#primaryimage\",\"url\":\"https:\\\/\\\/archilaabogados.com\\\/wp-content\\\/uploads\\\/2019\\\/08\\\/dionisio_asuntos.jpg\",\"contentUrl\":\"https:\\\/\\\/archilaabogados.com\\\/wp-content\\\/uploads\\\/2019\\\/08\\\/dionisio_asuntos.jpg\",\"width\":240,\"height\":290},{\"@type\":\"BreadcrumbList\",\"@id\":\"https:\\\/\\\/archilaabogados.com\\\/2020\\\/09\\\/28\\\/el-falso-dilema-de-las-redes-y-el-comercio-electronico\\\/#breadcrumb\",\"itemListElement\":[{\"@type\":\"ListItem\",\"position\":1,\"name\":\"Home\",\"item\":\"https:\\\/\\\/archilaabogados.com\\\/\"},{\"@type\":\"ListItem\",\"position\":2,\"name\":\"El falso dilema de las redes y el comercio electr\u00f3nico\"}]},{\"@type\":\"WebSite\",\"@id\":\"https:\\\/\\\/archilaabogados.com\\\/#website\",\"url\":\"https:\\\/\\\/archilaabogados.com\\\/\",\"name\":\"Archila Abogados\",\"description\":\"Servicios legales\",\"potentialAction\":[{\"@type\":\"SearchAction\",\"target\":{\"@type\":\"EntryPoint\",\"urlTemplate\":\"https:\\\/\\\/archilaabogados.com\\\/?s={search_term_string}\"},\"query-input\":{\"@type\":\"PropertyValueSpecification\",\"valueRequired\":true,\"valueName\":\"search_term_string\"}}],\"inLanguage\":\"en-US\"},{\"@type\":\"Person\",\"@id\":\"https:\\\/\\\/archilaabogados.com\\\/#\\\/schema\\\/person\\\/2ebc59f80cf35317c2a9f16341ee7883\",\"name\":\"ArhilAdmin\",\"image\":{\"@type\":\"ImageObject\",\"inLanguage\":\"en-US\",\"@id\":\"https:\\\/\\\/secure.gravatar.com\\\/avatar\\\/9dcaf3f4e6ece3ae0c14ad443b5883bafd050ab345f218cf32465ef4c68ec5f4?s=96&d=mm&r=g\",\"url\":\"https:\\\/\\\/secure.gravatar.com\\\/avatar\\\/9dcaf3f4e6ece3ae0c14ad443b5883bafd050ab345f218cf32465ef4c68ec5f4?s=96&d=mm&r=g\",\"contentUrl\":\"https:\\\/\\\/secure.gravatar.com\\\/avatar\\\/9dcaf3f4e6ece3ae0c14ad443b5883bafd050ab345f218cf32465ef4c68ec5f4?s=96&d=mm&r=g\",\"caption\":\"ArhilAdmin\"},\"sameAs\":[\"https:\\\/\\\/archilaabogados.com\"],\"url\":\"https:\\\/\\\/archilaabogados.com\\\/en\\\/author\\\/arhiladmin\\\/\"}]}<\/script>\n<!-- \/ Yoast SEO plugin. -->","yoast_head_json":{"title":"El falso dilema de las redes y el comercio electr\u00f3nico - Archila Abogados","robots":{"index":"index","follow":"follow","max-snippet":"max-snippet:-1","max-image-preview":"max-image-preview:large","max-video-preview":"max-video-preview:-1"},"canonical":"https:\/\/archilaabogados.com\/en\/2020\/09\/28\/el-falso-dilema-de-las-redes-y-el-comercio-electronico\/","og_locale":"en_US","og_type":"article","og_title":"El falso dilema de las redes y el comercio electr\u00f3nico - Archila Abogados","og_description":"Columna de opini\u00f3n del Dr. Dionisio de la Cruz para el portal Asuntos Legales. Septiembre 26 de 2020. El...","og_url":"https:\/\/archilaabogados.com\/en\/2020\/09\/28\/el-falso-dilema-de-las-redes-y-el-comercio-electronico\/","og_site_name":"Archila Abogados","article_published_time":"2020-09-28T08:34:32+00:00","article_modified_time":"2022-05-27T05:54:17+00:00","og_image":[{"width":240,"height":290,"url":"http:\/\/archilaabogados.com\/wp-content\/uploads\/2019\/08\/dionisio_asuntos.jpg","type":"image\/jpeg"}],"author":"ArhilAdmin","twitter_card":"summary_large_image","twitter_misc":{"Written by":"ArhilAdmin","Est. reading time":"4 minutes"},"schema":{"@context":"https:\/\/schema.org","@graph":[{"@type":"Article","@id":"https:\/\/archilaabogados.com\/2020\/09\/28\/el-falso-dilema-de-las-redes-y-el-comercio-electronico\/#article","isPartOf":{"@id":"https:\/\/archilaabogados.com\/2020\/09\/28\/el-falso-dilema-de-las-redes-y-el-comercio-electronico\/"},"author":{"name":"ArhilAdmin","@id":"https:\/\/archilaabogados.com\/#\/schema\/person\/2ebc59f80cf35317c2a9f16341ee7883"},"headline":"El falso dilema de las redes y el comercio electr\u00f3nico","datePublished":"2020-09-28T08:34:32+00:00","dateModified":"2022-05-27T05:54:17+00:00","mainEntityOfPage":{"@id":"https:\/\/archilaabogados.com\/2020\/09\/28\/el-falso-dilema-de-las-redes-y-el-comercio-electronico\/"},"wordCount":750,"image":{"@id":"https:\/\/archilaabogados.com\/2020\/09\/28\/el-falso-dilema-de-las-redes-y-el-comercio-electronico\/#primaryimage"},"thumbnailUrl":"https:\/\/archilaabogados.com\/wp-content\/uploads\/2019\/08\/dionisio_asuntos.jpg","keywords":["Asuntos Legales"],"articleSection":["Diario La Rep\u00fablica"],"inLanguage":"en-US"},{"@type":"WebPage","@id":"https:\/\/archilaabogados.com\/2020\/09\/28\/el-falso-dilema-de-las-redes-y-el-comercio-electronico\/","url":"https:\/\/archilaabogados.com\/2020\/09\/28\/el-falso-dilema-de-las-redes-y-el-comercio-electronico\/","name":"El falso dilema de las redes y el comercio electr\u00f3nico - Archila Abogados","isPartOf":{"@id":"https:\/\/archilaabogados.com\/#website"},"primaryImageOfPage":{"@id":"https:\/\/archilaabogados.com\/2020\/09\/28\/el-falso-dilema-de-las-redes-y-el-comercio-electronico\/#primaryimage"},"image":{"@id":"https:\/\/archilaabogados.com\/2020\/09\/28\/el-falso-dilema-de-las-redes-y-el-comercio-electronico\/#primaryimage"},"thumbnailUrl":"https:\/\/archilaabogados.com\/wp-content\/uploads\/2019\/08\/dionisio_asuntos.jpg","datePublished":"2020-09-28T08:34:32+00:00","dateModified":"2022-05-27T05:54:17+00:00","author":{"@id":"https:\/\/archilaabogados.com\/#\/schema\/person\/2ebc59f80cf35317c2a9f16341ee7883"},"breadcrumb":{"@id":"https:\/\/archilaabogados.com\/2020\/09\/28\/el-falso-dilema-de-las-redes-y-el-comercio-electronico\/#breadcrumb"},"inLanguage":"en-US","potentialAction":[{"@type":"ReadAction","target":["https:\/\/archilaabogados.com\/2020\/09\/28\/el-falso-dilema-de-las-redes-y-el-comercio-electronico\/"]}]},{"@type":"ImageObject","inLanguage":"en-US","@id":"https:\/\/archilaabogados.com\/2020\/09\/28\/el-falso-dilema-de-las-redes-y-el-comercio-electronico\/#primaryimage","url":"https:\/\/archilaabogados.com\/wp-content\/uploads\/2019\/08\/dionisio_asuntos.jpg","contentUrl":"https:\/\/archilaabogados.com\/wp-content\/uploads\/2019\/08\/dionisio_asuntos.jpg","width":240,"height":290},{"@type":"BreadcrumbList","@id":"https:\/\/archilaabogados.com\/2020\/09\/28\/el-falso-dilema-de-las-redes-y-el-comercio-electronico\/#breadcrumb","itemListElement":[{"@type":"ListItem","position":1,"name":"Home","item":"https:\/\/archilaabogados.com\/"},{"@type":"ListItem","position":2,"name":"El falso dilema de las redes y el comercio electr\u00f3nico"}]},{"@type":"WebSite","@id":"https:\/\/archilaabogados.com\/#website","url":"https:\/\/archilaabogados.com\/","name":"Archila Abogados","description":"Servicios legales","potentialAction":[{"@type":"SearchAction","target":{"@type":"EntryPoint","urlTemplate":"https:\/\/archilaabogados.com\/?s={search_term_string}"},"query-input":{"@type":"PropertyValueSpecification","valueRequired":true,"valueName":"search_term_string"}}],"inLanguage":"en-US"},{"@type":"Person","@id":"https:\/\/archilaabogados.com\/#\/schema\/person\/2ebc59f80cf35317c2a9f16341ee7883","name":"ArhilAdmin","image":{"@type":"ImageObject","inLanguage":"en-US","@id":"https:\/\/secure.gravatar.com\/avatar\/9dcaf3f4e6ece3ae0c14ad443b5883bafd050ab345f218cf32465ef4c68ec5f4?s=96&d=mm&r=g","url":"https:\/\/secure.gravatar.com\/avatar\/9dcaf3f4e6ece3ae0c14ad443b5883bafd050ab345f218cf32465ef4c68ec5f4?s=96&d=mm&r=g","contentUrl":"https:\/\/secure.gravatar.com\/avatar\/9dcaf3f4e6ece3ae0c14ad443b5883bafd050ab345f218cf32465ef4c68ec5f4?s=96&d=mm&r=g","caption":"ArhilAdmin"},"sameAs":["https:\/\/archilaabogados.com"],"url":"https:\/\/archilaabogados.com\/en\/author\/arhiladmin\/"}]}},"_links":{"self":[{"href":"https:\/\/archilaabogados.com\/en\/wp-json\/wp\/v2\/posts\/963","targetHints":{"allow":["GET"]}}],"collection":[{"href":"https:\/\/archilaabogados.com\/en\/wp-json\/wp\/v2\/posts"}],"about":[{"href":"https:\/\/archilaabogados.com\/en\/wp-json\/wp\/v2\/types\/post"}],"author":[{"embeddable":true,"href":"https:\/\/archilaabogados.com\/en\/wp-json\/wp\/v2\/users\/1"}],"replies":[{"embeddable":true,"href":"https:\/\/archilaabogados.com\/en\/wp-json\/wp\/v2\/comments?post=963"}],"version-history":[{"count":1,"href":"https:\/\/archilaabogados.com\/en\/wp-json\/wp\/v2\/posts\/963\/revisions"}],"predecessor-version":[{"id":1550,"href":"https:\/\/archilaabogados.com\/en\/wp-json\/wp\/v2\/posts\/963\/revisions\/1550"}],"wp:featuredmedia":[{"embeddable":true,"href":"https:\/\/archilaabogados.com\/en\/wp-json\/wp\/v2\/media\/887"}],"wp:attachment":[{"href":"https:\/\/archilaabogados.com\/en\/wp-json\/wp\/v2\/media?parent=963"}],"wp:term":[{"taxonomy":"category","embeddable":true,"href":"https:\/\/archilaabogados.com\/en\/wp-json\/wp\/v2\/categories?post=963"},{"taxonomy":"post_tag","embeddable":true,"href":"https:\/\/archilaabogados.com\/en\/wp-json\/wp\/v2\/tags?post=963"}],"curies":[{"name":"wp","href":"https:\/\/api.w.org\/{rel}","templated":true}]}}