{"id":965,"date":"2020-09-02T07:24:01","date_gmt":"2020-09-02T07:24:01","guid":{"rendered":"https:\/\/archilaabogados.com\/?p=2793"},"modified":"2022-05-27T05:54:17","modified_gmt":"2022-05-27T05:54:17","slug":"defendamos-la-libre-competencia-economica","status":"publish","type":"post","link":"https:\/\/archilaabogados.com\/en\/2020\/09\/02\/defendamos-la-libre-competencia-economica\/","title":{"rendered":"Defendamos la libre competencia econ\u00f3mica"},"content":{"rendered":"<p><strong>Columna de opini\u00f3n del Dr. David Toro Ochoa para el portal Asuntos Legales. Septiembre 2 de 2020.<\/strong><\/p>\n<p><strong>Defendamos la libre competencia econ\u00f3mica<\/strong><\/p>\n<p>La libre competencia es un derecho de todos. As\u00ed se establece en el art\u00edculo 333 de la Constituci\u00f3n. En ese sentido, y desde 1959, el legislador ha desarrollado normas que buscan la protecci\u00f3n de ese derecho y que, en t\u00e9rminos de regulaci\u00f3n econ\u00f3mica, pretenden corregir fallas que los mismos mercados evidencian.<\/p>\n<p>En consecuencia, encontramos en nuestro ordenamiento un r\u00e9gimen general de protecci\u00f3n a la libre competencia que cuenta con una prohibici\u00f3n general de realizaci\u00f3n de pr\u00e1cticas comerciales restrictivas, as\u00ed como un cat\u00e1logo de conductas que el mismo legislador ha considerado configurativas de acuerdos o actos restrictivos, o como abusos de la posici\u00f3n dominante en el mercado. Sobre esto \u00faltimo, la evoluci\u00f3n legal, jurisprudencial y doctrinal en torno la posici\u00f3n de dominio y los eventuales abusos de ella, corresponde coherentemente a lo que en derecho comparado -Europa y Estados Unidos, por ejemplo- se consideran comportamientos reprochables que da\u00f1an el mercado y profundizan sus fallas y eficiencias.<\/p>\n<p><strong>\u00bfLas reformas que cursan en el Congreso mejoran nuestras normas de protecci\u00f3n a la competencia?<\/strong><br \/>\nPreocupa y sorprende el proyecto de ley presentado por congresistas del Centro Democr\u00e1tico, \u201c(p)or medio del cual se garantiza el derecho a participar en el mercado, se protege el derecho colectivo a la libre competencia y se dictan otras disposiciones\u201d.<\/p>\n<p>Con este se pretende modificar el actual r\u00e9gimen general de protecci\u00f3n a la libre competencia. El maestro Fernando Hinestrosa nos ense\u00f1\u00f3 que el derecho est\u00e1 en constante cambio y que tiene siempre que adaptarse a las coyunturas de la sociedad cuya conducta pretende armonizar. Sin embargo, en este caso, una ley como la que se quiere aprobar, m\u00e1s que adaptarse a las nuevas din\u00e1micas de mercado, generar\u00eda un ambiente de confusi\u00f3n y retroceso respecto de los comportamientos que econ\u00f3micamente deber\u00edan reprocharse como restrictivos de la libre competencia. Veamos algunas razones.<\/p>\n<p>En primer lugar, es anacr\u00f3nico y equivocado establecer criterios cuantitativos para determinar si un agente de mercado tiene o no posici\u00f3n de dominio. Desde inicios del siglo XX, la jurisprudencia estadounidense, con suficientes argumentos econ\u00f3micos, sent\u00f3 las bases para entender que concentraci\u00f3n en un mercado no es equivalente a la dominancia de este. Incluso, econom\u00e9tricamente existen herramientas diferentes para identificar una u otra situaci\u00f3n. Se puede tener una participaci\u00f3n alta en un mercado determinado sin tener dominancia sobre las condiciones de \u00e9ste.<\/p>\n<p>Esta particularidad es algo com\u00fan en los mercados regulados. Nuestra regulaci\u00f3n de servicios p\u00fablicos domiciliarios ya cometi\u00f3 el error que el proyecto de ley quiere replicar, sin la m\u00e1s m\u00ednima justificaci\u00f3n econ\u00f3mica.<br \/>\nPor otro lado, el proyecto quiere convertir el abuso de posici\u00f3n dominante en un acto de competencia desleal en s\u00ed mismo. A lo largo de la exposici\u00f3n de motivos se confunde frecuentemente el r\u00e9gimen de protecci\u00f3n a la competencia con el de competencia desleal, desconociendo que ambos persiguen, principalmente, intereses distintos.<\/p>\n<p>Esto, sumado a su inutilidad, ya que hoy es posible que se reclame la deslealtad de un abuso de posici\u00f3n dominante cuando genera una ventaja significativa frente a los competidores de quien la realiza en el mercado.<br \/>\nEn s\u00edntesis, el proyecto tiene m\u00e1s cosas malas que buenas. La lista de inconveniencias podr\u00eda ser tan larga como el proyecto mismo. Ojal\u00e1 los Honorables Congresistas lo revisen con sentido cr\u00edtico, se asesoren adecuadamente y escuchen a la academia con suficiente atenci\u00f3n. Ojal\u00e1.<\/p>\n<p><strong>*Tambi\u00e9n puedes leer esta columna de opini\u00f3n en el portal Asuntos Legales dando <a href=\"https:\/\/www.asuntoslegales.com.co\/consultorio\/defendamos-la-libre-competencia-economica-3051683?fbclid=IwAR00TykOeWcKRCkRHKG4XdldEpMa9UGV38_X0xYWz6CMNo3wMOav-2msWco\" target=\"_blank\" rel=\"noopener\">clic ac\u00e1<\/a><\/strong><\/p>","protected":false},"excerpt":{"rendered":"<p>Columna de opini\u00f3n del Dr. David Toro Ochoa para el portal Asuntos Legales. Septiembre 2 de 2020. Defendamos la&#8230;<\/p>","protected":false},"author":1,"featured_media":862,"comment_status":"closed","ping_status":"open","sticky":false,"template":"","format":"standard","meta":{"_kad_post_transparent":"","_kad_post_title":"","_kad_post_layout":"","_kad_post_sidebar_id":"","_kad_post_content_style":"","_kad_post_vertical_padding":"","_kad_post_feature":"","_kad_post_feature_position":"","_kad_post_header":false,"_kad_post_footer":false,"footnotes":""},"categories":[15],"tags":[51],"class_list":["post-965","post","type-post","status-publish","format-standard","has-post-thumbnail","hentry","category-diario-la-republica","tag-asuntos-legales"],"yoast_head":"<!-- This site is optimized with the Yoast SEO plugin v27.4 - https:\/\/yoast.com\/product\/yoast-seo-wordpress\/ -->\n<title>Defendamos la libre competencia econ\u00f3mica - Archila Abogados<\/title>\n<meta name=\"robots\" content=\"index, follow, max-snippet:-1, max-image-preview:large, max-video-preview:-1\" \/>\n<link rel=\"canonical\" href=\"https:\/\/archilaabogados.com\/en\/2020\/09\/02\/defendamos-la-libre-competencia-economica\/\" \/>\n<meta property=\"og:locale\" content=\"en_US\" \/>\n<meta property=\"og:type\" content=\"article\" \/>\n<meta property=\"og:title\" content=\"Defendamos la libre competencia econ\u00f3mica - Archila Abogados\" \/>\n<meta property=\"og:description\" content=\"Columna de opini\u00f3n del Dr. David Toro Ochoa para el portal Asuntos Legales. Septiembre 2 de 2020. Defendamos la...\" \/>\n<meta property=\"og:url\" content=\"https:\/\/archilaabogados.com\/en\/2020\/09\/02\/defendamos-la-libre-competencia-economica\/\" \/>\n<meta property=\"og:site_name\" content=\"Archila Abogados\" \/>\n<meta property=\"article:published_time\" content=\"2020-09-02T07:24:01+00:00\" \/>\n<meta property=\"article:modified_time\" content=\"2022-05-27T05:54:17+00:00\" \/>\n<meta property=\"og:image\" content=\"http:\/\/archilaabogados.com\/wp-content\/uploads\/2019\/07\/david_black_white.jpg\" \/>\n\t<meta property=\"og:image:width\" content=\"240\" \/>\n\t<meta property=\"og:image:height\" content=\"290\" \/>\n\t<meta property=\"og:image:type\" content=\"image\/jpeg\" \/>\n<meta name=\"author\" content=\"ArhilAdmin\" \/>\n<meta name=\"twitter:card\" content=\"summary_large_image\" \/>\n<meta name=\"twitter:label1\" content=\"Written by\" \/>\n\t<meta name=\"twitter:data1\" content=\"ArhilAdmin\" \/>\n\t<meta name=\"twitter:label2\" content=\"Est. reading time\" \/>\n\t<meta name=\"twitter:data2\" content=\"3 minutes\" \/>\n<script type=\"application\/ld+json\" class=\"yoast-schema-graph\">{\"@context\":\"https:\\\/\\\/schema.org\",\"@graph\":[{\"@type\":\"Article\",\"@id\":\"https:\\\/\\\/archilaabogados.com\\\/2020\\\/09\\\/02\\\/defendamos-la-libre-competencia-economica\\\/#article\",\"isPartOf\":{\"@id\":\"https:\\\/\\\/archilaabogados.com\\\/2020\\\/09\\\/02\\\/defendamos-la-libre-competencia-economica\\\/\"},\"author\":{\"name\":\"ArhilAdmin\",\"@id\":\"https:\\\/\\\/archilaabogados.com\\\/#\\\/schema\\\/person\\\/2ebc59f80cf35317c2a9f16341ee7883\"},\"headline\":\"Defendamos la libre competencia econ\u00f3mica\",\"datePublished\":\"2020-09-02T07:24:01+00:00\",\"dateModified\":\"2022-05-27T05:54:17+00:00\",\"mainEntityOfPage\":{\"@id\":\"https:\\\/\\\/archilaabogados.com\\\/2020\\\/09\\\/02\\\/defendamos-la-libre-competencia-economica\\\/\"},\"wordCount\":639,\"image\":{\"@id\":\"https:\\\/\\\/archilaabogados.com\\\/2020\\\/09\\\/02\\\/defendamos-la-libre-competencia-economica\\\/#primaryimage\"},\"thumbnailUrl\":\"https:\\\/\\\/archilaabogados.com\\\/wp-content\\\/uploads\\\/2019\\\/07\\\/david_black_white.jpg\",\"keywords\":[\"Asuntos Legales\"],\"articleSection\":[\"Diario La Rep\u00fablica\"],\"inLanguage\":\"en-US\"},{\"@type\":\"WebPage\",\"@id\":\"https:\\\/\\\/archilaabogados.com\\\/2020\\\/09\\\/02\\\/defendamos-la-libre-competencia-economica\\\/\",\"url\":\"https:\\\/\\\/archilaabogados.com\\\/2020\\\/09\\\/02\\\/defendamos-la-libre-competencia-economica\\\/\",\"name\":\"Defendamos la libre competencia econ\u00f3mica - Archila Abogados\",\"isPartOf\":{\"@id\":\"https:\\\/\\\/archilaabogados.com\\\/#website\"},\"primaryImageOfPage\":{\"@id\":\"https:\\\/\\\/archilaabogados.com\\\/2020\\\/09\\\/02\\\/defendamos-la-libre-competencia-economica\\\/#primaryimage\"},\"image\":{\"@id\":\"https:\\\/\\\/archilaabogados.com\\\/2020\\\/09\\\/02\\\/defendamos-la-libre-competencia-economica\\\/#primaryimage\"},\"thumbnailUrl\":\"https:\\\/\\\/archilaabogados.com\\\/wp-content\\\/uploads\\\/2019\\\/07\\\/david_black_white.jpg\",\"datePublished\":\"2020-09-02T07:24:01+00:00\",\"dateModified\":\"2022-05-27T05:54:17+00:00\",\"author\":{\"@id\":\"https:\\\/\\\/archilaabogados.com\\\/#\\\/schema\\\/person\\\/2ebc59f80cf35317c2a9f16341ee7883\"},\"breadcrumb\":{\"@id\":\"https:\\\/\\\/archilaabogados.com\\\/2020\\\/09\\\/02\\\/defendamos-la-libre-competencia-economica\\\/#breadcrumb\"},\"inLanguage\":\"en-US\",\"potentialAction\":[{\"@type\":\"ReadAction\",\"target\":[\"https:\\\/\\\/archilaabogados.com\\\/2020\\\/09\\\/02\\\/defendamos-la-libre-competencia-economica\\\/\"]}]},{\"@type\":\"ImageObject\",\"inLanguage\":\"en-US\",\"@id\":\"https:\\\/\\\/archilaabogados.com\\\/2020\\\/09\\\/02\\\/defendamos-la-libre-competencia-economica\\\/#primaryimage\",\"url\":\"https:\\\/\\\/archilaabogados.com\\\/wp-content\\\/uploads\\\/2019\\\/07\\\/david_black_white.jpg\",\"contentUrl\":\"https:\\\/\\\/archilaabogados.com\\\/wp-content\\\/uploads\\\/2019\\\/07\\\/david_black_white.jpg\",\"width\":240,\"height\":290},{\"@type\":\"BreadcrumbList\",\"@id\":\"https:\\\/\\\/archilaabogados.com\\\/2020\\\/09\\\/02\\\/defendamos-la-libre-competencia-economica\\\/#breadcrumb\",\"itemListElement\":[{\"@type\":\"ListItem\",\"position\":1,\"name\":\"Home\",\"item\":\"https:\\\/\\\/archilaabogados.com\\\/\"},{\"@type\":\"ListItem\",\"position\":2,\"name\":\"Defendamos la libre competencia econ\u00f3mica\"}]},{\"@type\":\"WebSite\",\"@id\":\"https:\\\/\\\/archilaabogados.com\\\/#website\",\"url\":\"https:\\\/\\\/archilaabogados.com\\\/\",\"name\":\"Archila Abogados\",\"description\":\"Servicios legales\",\"potentialAction\":[{\"@type\":\"SearchAction\",\"target\":{\"@type\":\"EntryPoint\",\"urlTemplate\":\"https:\\\/\\\/archilaabogados.com\\\/?s={search_term_string}\"},\"query-input\":{\"@type\":\"PropertyValueSpecification\",\"valueRequired\":true,\"valueName\":\"search_term_string\"}}],\"inLanguage\":\"en-US\"},{\"@type\":\"Person\",\"@id\":\"https:\\\/\\\/archilaabogados.com\\\/#\\\/schema\\\/person\\\/2ebc59f80cf35317c2a9f16341ee7883\",\"name\":\"ArhilAdmin\",\"image\":{\"@type\":\"ImageObject\",\"inLanguage\":\"en-US\",\"@id\":\"https:\\\/\\\/secure.gravatar.com\\\/avatar\\\/9dcaf3f4e6ece3ae0c14ad443b5883bafd050ab345f218cf32465ef4c68ec5f4?s=96&d=mm&r=g\",\"url\":\"https:\\\/\\\/secure.gravatar.com\\\/avatar\\\/9dcaf3f4e6ece3ae0c14ad443b5883bafd050ab345f218cf32465ef4c68ec5f4?s=96&d=mm&r=g\",\"contentUrl\":\"https:\\\/\\\/secure.gravatar.com\\\/avatar\\\/9dcaf3f4e6ece3ae0c14ad443b5883bafd050ab345f218cf32465ef4c68ec5f4?s=96&d=mm&r=g\",\"caption\":\"ArhilAdmin\"},\"sameAs\":[\"https:\\\/\\\/archilaabogados.com\"],\"url\":\"https:\\\/\\\/archilaabogados.com\\\/en\\\/author\\\/arhiladmin\\\/\"}]}<\/script>\n<!-- \/ Yoast SEO plugin. -->","yoast_head_json":{"title":"Defendamos la libre competencia econ\u00f3mica - Archila Abogados","robots":{"index":"index","follow":"follow","max-snippet":"max-snippet:-1","max-image-preview":"max-image-preview:large","max-video-preview":"max-video-preview:-1"},"canonical":"https:\/\/archilaabogados.com\/en\/2020\/09\/02\/defendamos-la-libre-competencia-economica\/","og_locale":"en_US","og_type":"article","og_title":"Defendamos la libre competencia econ\u00f3mica - Archila Abogados","og_description":"Columna de opini\u00f3n del Dr. David Toro Ochoa para el portal Asuntos Legales. Septiembre 2 de 2020. Defendamos la...","og_url":"https:\/\/archilaabogados.com\/en\/2020\/09\/02\/defendamos-la-libre-competencia-economica\/","og_site_name":"Archila Abogados","article_published_time":"2020-09-02T07:24:01+00:00","article_modified_time":"2022-05-27T05:54:17+00:00","og_image":[{"width":240,"height":290,"url":"http:\/\/archilaabogados.com\/wp-content\/uploads\/2019\/07\/david_black_white.jpg","type":"image\/jpeg"}],"author":"ArhilAdmin","twitter_card":"summary_large_image","twitter_misc":{"Written by":"ArhilAdmin","Est. reading time":"3 minutes"},"schema":{"@context":"https:\/\/schema.org","@graph":[{"@type":"Article","@id":"https:\/\/archilaabogados.com\/2020\/09\/02\/defendamos-la-libre-competencia-economica\/#article","isPartOf":{"@id":"https:\/\/archilaabogados.com\/2020\/09\/02\/defendamos-la-libre-competencia-economica\/"},"author":{"name":"ArhilAdmin","@id":"https:\/\/archilaabogados.com\/#\/schema\/person\/2ebc59f80cf35317c2a9f16341ee7883"},"headline":"Defendamos la libre competencia econ\u00f3mica","datePublished":"2020-09-02T07:24:01+00:00","dateModified":"2022-05-27T05:54:17+00:00","mainEntityOfPage":{"@id":"https:\/\/archilaabogados.com\/2020\/09\/02\/defendamos-la-libre-competencia-economica\/"},"wordCount":639,"image":{"@id":"https:\/\/archilaabogados.com\/2020\/09\/02\/defendamos-la-libre-competencia-economica\/#primaryimage"},"thumbnailUrl":"https:\/\/archilaabogados.com\/wp-content\/uploads\/2019\/07\/david_black_white.jpg","keywords":["Asuntos Legales"],"articleSection":["Diario La Rep\u00fablica"],"inLanguage":"en-US"},{"@type":"WebPage","@id":"https:\/\/archilaabogados.com\/2020\/09\/02\/defendamos-la-libre-competencia-economica\/","url":"https:\/\/archilaabogados.com\/2020\/09\/02\/defendamos-la-libre-competencia-economica\/","name":"Defendamos la libre competencia econ\u00f3mica - Archila Abogados","isPartOf":{"@id":"https:\/\/archilaabogados.com\/#website"},"primaryImageOfPage":{"@id":"https:\/\/archilaabogados.com\/2020\/09\/02\/defendamos-la-libre-competencia-economica\/#primaryimage"},"image":{"@id":"https:\/\/archilaabogados.com\/2020\/09\/02\/defendamos-la-libre-competencia-economica\/#primaryimage"},"thumbnailUrl":"https:\/\/archilaabogados.com\/wp-content\/uploads\/2019\/07\/david_black_white.jpg","datePublished":"2020-09-02T07:24:01+00:00","dateModified":"2022-05-27T05:54:17+00:00","author":{"@id":"https:\/\/archilaabogados.com\/#\/schema\/person\/2ebc59f80cf35317c2a9f16341ee7883"},"breadcrumb":{"@id":"https:\/\/archilaabogados.com\/2020\/09\/02\/defendamos-la-libre-competencia-economica\/#breadcrumb"},"inLanguage":"en-US","potentialAction":[{"@type":"ReadAction","target":["https:\/\/archilaabogados.com\/2020\/09\/02\/defendamos-la-libre-competencia-economica\/"]}]},{"@type":"ImageObject","inLanguage":"en-US","@id":"https:\/\/archilaabogados.com\/2020\/09\/02\/defendamos-la-libre-competencia-economica\/#primaryimage","url":"https:\/\/archilaabogados.com\/wp-content\/uploads\/2019\/07\/david_black_white.jpg","contentUrl":"https:\/\/archilaabogados.com\/wp-content\/uploads\/2019\/07\/david_black_white.jpg","width":240,"height":290},{"@type":"BreadcrumbList","@id":"https:\/\/archilaabogados.com\/2020\/09\/02\/defendamos-la-libre-competencia-economica\/#breadcrumb","itemListElement":[{"@type":"ListItem","position":1,"name":"Home","item":"https:\/\/archilaabogados.com\/"},{"@type":"ListItem","position":2,"name":"Defendamos la libre competencia econ\u00f3mica"}]},{"@type":"WebSite","@id":"https:\/\/archilaabogados.com\/#website","url":"https:\/\/archilaabogados.com\/","name":"Archila Abogados","description":"Servicios legales","potentialAction":[{"@type":"SearchAction","target":{"@type":"EntryPoint","urlTemplate":"https:\/\/archilaabogados.com\/?s={search_term_string}"},"query-input":{"@type":"PropertyValueSpecification","valueRequired":true,"valueName":"search_term_string"}}],"inLanguage":"en-US"},{"@type":"Person","@id":"https:\/\/archilaabogados.com\/#\/schema\/person\/2ebc59f80cf35317c2a9f16341ee7883","name":"ArhilAdmin","image":{"@type":"ImageObject","inLanguage":"en-US","@id":"https:\/\/secure.gravatar.com\/avatar\/9dcaf3f4e6ece3ae0c14ad443b5883bafd050ab345f218cf32465ef4c68ec5f4?s=96&d=mm&r=g","url":"https:\/\/secure.gravatar.com\/avatar\/9dcaf3f4e6ece3ae0c14ad443b5883bafd050ab345f218cf32465ef4c68ec5f4?s=96&d=mm&r=g","contentUrl":"https:\/\/secure.gravatar.com\/avatar\/9dcaf3f4e6ece3ae0c14ad443b5883bafd050ab345f218cf32465ef4c68ec5f4?s=96&d=mm&r=g","caption":"ArhilAdmin"},"sameAs":["https:\/\/archilaabogados.com"],"url":"https:\/\/archilaabogados.com\/en\/author\/arhiladmin\/"}]}},"_links":{"self":[{"href":"https:\/\/archilaabogados.com\/en\/wp-json\/wp\/v2\/posts\/965","targetHints":{"allow":["GET"]}}],"collection":[{"href":"https:\/\/archilaabogados.com\/en\/wp-json\/wp\/v2\/posts"}],"about":[{"href":"https:\/\/archilaabogados.com\/en\/wp-json\/wp\/v2\/types\/post"}],"author":[{"embeddable":true,"href":"https:\/\/archilaabogados.com\/en\/wp-json\/wp\/v2\/users\/1"}],"replies":[{"embeddable":true,"href":"https:\/\/archilaabogados.com\/en\/wp-json\/wp\/v2\/comments?post=965"}],"version-history":[{"count":1,"href":"https:\/\/archilaabogados.com\/en\/wp-json\/wp\/v2\/posts\/965\/revisions"}],"predecessor-version":[{"id":1552,"href":"https:\/\/archilaabogados.com\/en\/wp-json\/wp\/v2\/posts\/965\/revisions\/1552"}],"wp:featuredmedia":[{"embeddable":true,"href":"https:\/\/archilaabogados.com\/en\/wp-json\/wp\/v2\/media\/862"}],"wp:attachment":[{"href":"https:\/\/archilaabogados.com\/en\/wp-json\/wp\/v2\/media?parent=965"}],"wp:term":[{"taxonomy":"category","embeddable":true,"href":"https:\/\/archilaabogados.com\/en\/wp-json\/wp\/v2\/categories?post=965"},{"taxonomy":"post_tag","embeddable":true,"href":"https:\/\/archilaabogados.com\/en\/wp-json\/wp\/v2\/tags?post=965"}],"curies":[{"name":"wp","href":"https:\/\/api.w.org\/{rel}","templated":true}]}}