{"id":985,"date":"2020-03-13T12:54:28","date_gmt":"2020-03-13T12:54:28","guid":{"rendered":"https:\/\/archilaabogados.com\/?p=2683"},"modified":"2022-05-27T05:54:17","modified_gmt":"2022-05-27T05:54:17","slug":"algunas-precisiones-sobre-el-interrogatorio","status":"publish","type":"post","link":"https:\/\/archilaabogados.com\/en\/2020\/03\/13\/algunas-precisiones-sobre-el-interrogatorio\/","title":{"rendered":"Algunas precisiones sobre el interrogatorio"},"content":{"rendered":"<p><strong>Opini\u00f3n de Jairo Parra Cuadros para el Portal Web Asuntos Legales<br \/>\n(13\/03\/2020)<\/strong><\/p>\n<p><strong>Algunas precisiones sobre el interrogatorio<\/strong><\/p>\n<p>En d\u00edas pasados, la Corte Suprema de Justicia (STC2156-2020) se\u00f1al\u00f3 algunas reglas (directa e indirectamente) sobre el interrogatorio que resultan de gran importancia. Veamos.<\/p>\n<p>i) El interrogatorio de las partes siempre se debe realizar en la audiencia inicial: En el caso analizado por la Corte, el Juez Primero Promiscuo Municipal de Plato, en la audiencia inicial, procedi\u00f3 a interrogar de oficio al demandante.<br \/>\nFrente a lo cual, el abogado de la contraparte solicit\u00f3 que se le permitiera preguntar en la medida que hab\u00eda solicitado el interrogatorio como prueba.<\/p>\n<p>Solicitud que fue negada por el operador judicial en el entendido que, en la audiencia de que trata el art\u00edculo 372 del CGP, es el juez quien realiza los interrogatorios (oficiosamente), por lo tanto, el momento procesal oportuno para que interroguen las partes es luego del auto que decreta la prueba.<br \/>\nSobre el particular, la Corte Suprema concluy\u00f3 que los interrogatorios se deben evacuar siempre en la audiencia inicial en tanto que \u201c\u2026materializa los principios procesales de econom\u00eda e inmediaci\u00f3n y facilita el desarrollo de las fases de la audiencia como la conciliaci\u00f3n y fijaci\u00f3n de hechos probados\u201d. Incluyendo, por supuesto, el solicitado por las partes.<\/p>\n<p>Conclusi\u00f3n a la que se llega de la lectura de la parte inicial del art\u00edculo 372 del CGP, en donde se establece que el juez convocar\u00e1 a las partes para que concurran a una audiencia en la que se practicar\u00e1n sus interrogatorios, con las consecuencias procesales que se derivan de su inasistencia. Y, del numeral siete del art\u00edculo 372 en donde se pone de presente que los interrogatorios de las partes se practicaran en la audiencia inicial y el juez, oficiosamente, interrogar\u00e1 de modo exhaustivo.<\/p>\n<p>ii) Excepcionalmente se practicar\u00e1n interrogatorios en la audiencia de instrucci\u00f3n y juzgamiento: la regla general es que se evacuen los interrogatorios, en su totalidad, en la audiencia inicial. Sin embargo, en casos excepcionales (se deban aclarar algunos puntos; prevenir colusi\u00f3n o fraude; cuando el juez acepte la excusa a la inasistencia a la audiencia inicial) se absolver\u00e1 nuevamente el interrogatorio en la audiencia de que trata el art\u00edculo 373 del CGP.<\/p>\n<p>iii) En virtud del derecho de contradicci\u00f3n las partes pueden interrogar (incluso a su propio cliente): Tal y como se expuso con anterioridad, el juez oficiosamente y de manera obligatoria interrogar\u00e1 a las partes (art. 372). En ese sentido, por tratarse de una prueba de oficio, en virtud de lo dispuesto en el art\u00edculo 170 del CGP estar\u00e1 sujeta a la contradicci\u00f3n de las partes.<br \/>\nDe manera que, en ejercicio del derecho de contradicci\u00f3n, las partes tienen la posibilidad de contrainterrogar.<\/p>\n<p>Ahora, si bien es cierto que el caso analizado por la Corte no hace referencia al interrogatorio del propio cliente, es evidente que, en virtud del derecho de contradicci\u00f3n explicado en extenso en la providencia y de un an\u00e1lisis integral de la misma, se puede concluir, sin mayor esfuerzo, la posibilidad de interrogar a la propia parte.<\/p>\n<p>En realidad, se trata de un ejercicio natural del derecho de contradicci\u00f3n. De lo contrario existir\u00eda una violaci\u00f3n al debido proceso. Al margen que, como medio probatorio aut\u00f3nomo (declaraci\u00f3n de parte), pueda solicitar interrogar a su propio cliente (tesis que comparto).<\/p>\n<p><strong>El art\u00edculo original de Asuntos Legales puedes leerlo con clic <a href=\"https:\/\/www.asuntoslegales.com.co\/analisis\/jairo-alejandro-parra-cuadros-2761190\/algunas-precisiones-sobre-el-interrogatorio-2976179\" target=\"_blank\" rel=\"noopener\">ac\u00e1<\/a><\/strong><\/p>\n<p>&nbsp;<\/p>","protected":false},"excerpt":{"rendered":"<p>Opini\u00f3n de Jairo Parra Cuadros para el Portal Web Asuntos Legales (13\/03\/2020) Algunas precisiones sobre el interrogatorio En d\u00edas&#8230;<\/p>","protected":false},"author":1,"featured_media":986,"comment_status":"closed","ping_status":"open","sticky":false,"template":"","format":"standard","meta":{"_kad_post_transparent":"","_kad_post_title":"","_kad_post_layout":"","_kad_post_sidebar_id":"","_kad_post_content_style":"","_kad_post_vertical_padding":"","_kad_post_feature":"","_kad_post_feature_position":"","_kad_post_header":false,"_kad_post_footer":false,"footnotes":""},"categories":[15],"tags":[51],"class_list":["post-985","post","type-post","status-publish","format-standard","has-post-thumbnail","hentry","category-diario-la-republica","tag-asuntos-legales"],"yoast_head":"<!-- This site is optimized with the Yoast SEO plugin v27.4 - https:\/\/yoast.com\/product\/yoast-seo-wordpress\/ -->\n<title>Algunas precisiones sobre el interrogatorio - Archila Abogados<\/title>\n<meta name=\"robots\" content=\"index, follow, max-snippet:-1, max-image-preview:large, max-video-preview:-1\" \/>\n<link rel=\"canonical\" href=\"https:\/\/archilaabogados.com\/en\/2020\/03\/13\/algunas-precisiones-sobre-el-interrogatorio\/\" \/>\n<meta property=\"og:locale\" content=\"en_US\" \/>\n<meta property=\"og:type\" content=\"article\" \/>\n<meta property=\"og:title\" content=\"Algunas precisiones sobre el interrogatorio - Archila Abogados\" \/>\n<meta property=\"og:description\" content=\"Opini\u00f3n de Jairo Parra Cuadros para el Portal Web Asuntos Legales (13\/03\/2020) Algunas precisiones sobre el interrogatorio En d\u00edas...\" \/>\n<meta property=\"og:url\" content=\"https:\/\/archilaabogados.com\/en\/2020\/03\/13\/algunas-precisiones-sobre-el-interrogatorio\/\" \/>\n<meta property=\"og:site_name\" content=\"Archila Abogados\" \/>\n<meta property=\"article:published_time\" content=\"2020-03-13T12:54:28+00:00\" \/>\n<meta property=\"article:modified_time\" content=\"2022-05-27T05:54:17+00:00\" \/>\n<meta property=\"og:image\" content=\"http:\/\/archilaabogados.com\/wp-content\/uploads\/2017\/12\/jairo_parra.jpg\" \/>\n\t<meta property=\"og:image:width\" content=\"240\" \/>\n\t<meta property=\"og:image:height\" content=\"290\" \/>\n\t<meta property=\"og:image:type\" content=\"image\/jpeg\" \/>\n<meta name=\"author\" content=\"ArhilAdmin\" \/>\n<meta name=\"twitter:card\" content=\"summary_large_image\" \/>\n<meta name=\"twitter:label1\" content=\"Written by\" \/>\n\t<meta name=\"twitter:data1\" content=\"ArhilAdmin\" \/>\n\t<meta name=\"twitter:label2\" content=\"Est. reading time\" \/>\n\t<meta name=\"twitter:data2\" content=\"3 minutes\" \/>\n<script type=\"application\/ld+json\" class=\"yoast-schema-graph\">{\"@context\":\"https:\\\/\\\/schema.org\",\"@graph\":[{\"@type\":\"Article\",\"@id\":\"https:\\\/\\\/archilaabogados.com\\\/2020\\\/03\\\/13\\\/algunas-precisiones-sobre-el-interrogatorio\\\/#article\",\"isPartOf\":{\"@id\":\"https:\\\/\\\/archilaabogados.com\\\/2020\\\/03\\\/13\\\/algunas-precisiones-sobre-el-interrogatorio\\\/\"},\"author\":{\"name\":\"ArhilAdmin\",\"@id\":\"https:\\\/\\\/archilaabogados.com\\\/#\\\/schema\\\/person\\\/2ebc59f80cf35317c2a9f16341ee7883\"},\"headline\":\"Algunas precisiones sobre el interrogatorio\",\"datePublished\":\"2020-03-13T12:54:28+00:00\",\"dateModified\":\"2022-05-27T05:54:17+00:00\",\"mainEntityOfPage\":{\"@id\":\"https:\\\/\\\/archilaabogados.com\\\/2020\\\/03\\\/13\\\/algunas-precisiones-sobre-el-interrogatorio\\\/\"},\"wordCount\":586,\"image\":{\"@id\":\"https:\\\/\\\/archilaabogados.com\\\/2020\\\/03\\\/13\\\/algunas-precisiones-sobre-el-interrogatorio\\\/#primaryimage\"},\"thumbnailUrl\":\"https:\\\/\\\/archilaabogados.com\\\/wp-content\\\/uploads\\\/2017\\\/12\\\/jairo_parra.jpg\",\"keywords\":[\"Asuntos Legales\"],\"articleSection\":[\"Diario La Rep\u00fablica\"],\"inLanguage\":\"en-US\"},{\"@type\":\"WebPage\",\"@id\":\"https:\\\/\\\/archilaabogados.com\\\/2020\\\/03\\\/13\\\/algunas-precisiones-sobre-el-interrogatorio\\\/\",\"url\":\"https:\\\/\\\/archilaabogados.com\\\/2020\\\/03\\\/13\\\/algunas-precisiones-sobre-el-interrogatorio\\\/\",\"name\":\"Algunas precisiones sobre el interrogatorio - Archila Abogados\",\"isPartOf\":{\"@id\":\"https:\\\/\\\/archilaabogados.com\\\/#website\"},\"primaryImageOfPage\":{\"@id\":\"https:\\\/\\\/archilaabogados.com\\\/2020\\\/03\\\/13\\\/algunas-precisiones-sobre-el-interrogatorio\\\/#primaryimage\"},\"image\":{\"@id\":\"https:\\\/\\\/archilaabogados.com\\\/2020\\\/03\\\/13\\\/algunas-precisiones-sobre-el-interrogatorio\\\/#primaryimage\"},\"thumbnailUrl\":\"https:\\\/\\\/archilaabogados.com\\\/wp-content\\\/uploads\\\/2017\\\/12\\\/jairo_parra.jpg\",\"datePublished\":\"2020-03-13T12:54:28+00:00\",\"dateModified\":\"2022-05-27T05:54:17+00:00\",\"author\":{\"@id\":\"https:\\\/\\\/archilaabogados.com\\\/#\\\/schema\\\/person\\\/2ebc59f80cf35317c2a9f16341ee7883\"},\"breadcrumb\":{\"@id\":\"https:\\\/\\\/archilaabogados.com\\\/2020\\\/03\\\/13\\\/algunas-precisiones-sobre-el-interrogatorio\\\/#breadcrumb\"},\"inLanguage\":\"en-US\",\"potentialAction\":[{\"@type\":\"ReadAction\",\"target\":[\"https:\\\/\\\/archilaabogados.com\\\/2020\\\/03\\\/13\\\/algunas-precisiones-sobre-el-interrogatorio\\\/\"]}]},{\"@type\":\"ImageObject\",\"inLanguage\":\"en-US\",\"@id\":\"https:\\\/\\\/archilaabogados.com\\\/2020\\\/03\\\/13\\\/algunas-precisiones-sobre-el-interrogatorio\\\/#primaryimage\",\"url\":\"https:\\\/\\\/archilaabogados.com\\\/wp-content\\\/uploads\\\/2017\\\/12\\\/jairo_parra.jpg\",\"contentUrl\":\"https:\\\/\\\/archilaabogados.com\\\/wp-content\\\/uploads\\\/2017\\\/12\\\/jairo_parra.jpg\",\"width\":240,\"height\":290,\"caption\":\"Jairo Parra Cuadros Departamento Procesal\"},{\"@type\":\"BreadcrumbList\",\"@id\":\"https:\\\/\\\/archilaabogados.com\\\/2020\\\/03\\\/13\\\/algunas-precisiones-sobre-el-interrogatorio\\\/#breadcrumb\",\"itemListElement\":[{\"@type\":\"ListItem\",\"position\":1,\"name\":\"Home\",\"item\":\"https:\\\/\\\/archilaabogados.com\\\/\"},{\"@type\":\"ListItem\",\"position\":2,\"name\":\"Algunas precisiones sobre el interrogatorio\"}]},{\"@type\":\"WebSite\",\"@id\":\"https:\\\/\\\/archilaabogados.com\\\/#website\",\"url\":\"https:\\\/\\\/archilaabogados.com\\\/\",\"name\":\"Archila Abogados\",\"description\":\"Servicios legales\",\"potentialAction\":[{\"@type\":\"SearchAction\",\"target\":{\"@type\":\"EntryPoint\",\"urlTemplate\":\"https:\\\/\\\/archilaabogados.com\\\/?s={search_term_string}\"},\"query-input\":{\"@type\":\"PropertyValueSpecification\",\"valueRequired\":true,\"valueName\":\"search_term_string\"}}],\"inLanguage\":\"en-US\"},{\"@type\":\"Person\",\"@id\":\"https:\\\/\\\/archilaabogados.com\\\/#\\\/schema\\\/person\\\/2ebc59f80cf35317c2a9f16341ee7883\",\"name\":\"ArhilAdmin\",\"image\":{\"@type\":\"ImageObject\",\"inLanguage\":\"en-US\",\"@id\":\"https:\\\/\\\/secure.gravatar.com\\\/avatar\\\/9dcaf3f4e6ece3ae0c14ad443b5883bafd050ab345f218cf32465ef4c68ec5f4?s=96&d=mm&r=g\",\"url\":\"https:\\\/\\\/secure.gravatar.com\\\/avatar\\\/9dcaf3f4e6ece3ae0c14ad443b5883bafd050ab345f218cf32465ef4c68ec5f4?s=96&d=mm&r=g\",\"contentUrl\":\"https:\\\/\\\/secure.gravatar.com\\\/avatar\\\/9dcaf3f4e6ece3ae0c14ad443b5883bafd050ab345f218cf32465ef4c68ec5f4?s=96&d=mm&r=g\",\"caption\":\"ArhilAdmin\"},\"sameAs\":[\"https:\\\/\\\/archilaabogados.com\"],\"url\":\"https:\\\/\\\/archilaabogados.com\\\/en\\\/author\\\/arhiladmin\\\/\"}]}<\/script>\n<!-- \/ Yoast SEO plugin. -->","yoast_head_json":{"title":"Algunas precisiones sobre el interrogatorio - Archila Abogados","robots":{"index":"index","follow":"follow","max-snippet":"max-snippet:-1","max-image-preview":"max-image-preview:large","max-video-preview":"max-video-preview:-1"},"canonical":"https:\/\/archilaabogados.com\/en\/2020\/03\/13\/algunas-precisiones-sobre-el-interrogatorio\/","og_locale":"en_US","og_type":"article","og_title":"Algunas precisiones sobre el interrogatorio - Archila Abogados","og_description":"Opini\u00f3n de Jairo Parra Cuadros para el Portal Web Asuntos Legales (13\/03\/2020) Algunas precisiones sobre el interrogatorio En d\u00edas...","og_url":"https:\/\/archilaabogados.com\/en\/2020\/03\/13\/algunas-precisiones-sobre-el-interrogatorio\/","og_site_name":"Archila Abogados","article_published_time":"2020-03-13T12:54:28+00:00","article_modified_time":"2022-05-27T05:54:17+00:00","og_image":[{"width":240,"height":290,"url":"http:\/\/archilaabogados.com\/wp-content\/uploads\/2017\/12\/jairo_parra.jpg","type":"image\/jpeg"}],"author":"ArhilAdmin","twitter_card":"summary_large_image","twitter_misc":{"Written by":"ArhilAdmin","Est. reading time":"3 minutes"},"schema":{"@context":"https:\/\/schema.org","@graph":[{"@type":"Article","@id":"https:\/\/archilaabogados.com\/2020\/03\/13\/algunas-precisiones-sobre-el-interrogatorio\/#article","isPartOf":{"@id":"https:\/\/archilaabogados.com\/2020\/03\/13\/algunas-precisiones-sobre-el-interrogatorio\/"},"author":{"name":"ArhilAdmin","@id":"https:\/\/archilaabogados.com\/#\/schema\/person\/2ebc59f80cf35317c2a9f16341ee7883"},"headline":"Algunas precisiones sobre el interrogatorio","datePublished":"2020-03-13T12:54:28+00:00","dateModified":"2022-05-27T05:54:17+00:00","mainEntityOfPage":{"@id":"https:\/\/archilaabogados.com\/2020\/03\/13\/algunas-precisiones-sobre-el-interrogatorio\/"},"wordCount":586,"image":{"@id":"https:\/\/archilaabogados.com\/2020\/03\/13\/algunas-precisiones-sobre-el-interrogatorio\/#primaryimage"},"thumbnailUrl":"https:\/\/archilaabogados.com\/wp-content\/uploads\/2017\/12\/jairo_parra.jpg","keywords":["Asuntos Legales"],"articleSection":["Diario La Rep\u00fablica"],"inLanguage":"en-US"},{"@type":"WebPage","@id":"https:\/\/archilaabogados.com\/2020\/03\/13\/algunas-precisiones-sobre-el-interrogatorio\/","url":"https:\/\/archilaabogados.com\/2020\/03\/13\/algunas-precisiones-sobre-el-interrogatorio\/","name":"Algunas precisiones sobre el interrogatorio - Archila Abogados","isPartOf":{"@id":"https:\/\/archilaabogados.com\/#website"},"primaryImageOfPage":{"@id":"https:\/\/archilaabogados.com\/2020\/03\/13\/algunas-precisiones-sobre-el-interrogatorio\/#primaryimage"},"image":{"@id":"https:\/\/archilaabogados.com\/2020\/03\/13\/algunas-precisiones-sobre-el-interrogatorio\/#primaryimage"},"thumbnailUrl":"https:\/\/archilaabogados.com\/wp-content\/uploads\/2017\/12\/jairo_parra.jpg","datePublished":"2020-03-13T12:54:28+00:00","dateModified":"2022-05-27T05:54:17+00:00","author":{"@id":"https:\/\/archilaabogados.com\/#\/schema\/person\/2ebc59f80cf35317c2a9f16341ee7883"},"breadcrumb":{"@id":"https:\/\/archilaabogados.com\/2020\/03\/13\/algunas-precisiones-sobre-el-interrogatorio\/#breadcrumb"},"inLanguage":"en-US","potentialAction":[{"@type":"ReadAction","target":["https:\/\/archilaabogados.com\/2020\/03\/13\/algunas-precisiones-sobre-el-interrogatorio\/"]}]},{"@type":"ImageObject","inLanguage":"en-US","@id":"https:\/\/archilaabogados.com\/2020\/03\/13\/algunas-precisiones-sobre-el-interrogatorio\/#primaryimage","url":"https:\/\/archilaabogados.com\/wp-content\/uploads\/2017\/12\/jairo_parra.jpg","contentUrl":"https:\/\/archilaabogados.com\/wp-content\/uploads\/2017\/12\/jairo_parra.jpg","width":240,"height":290,"caption":"Jairo Parra Cuadros Departamento Procesal"},{"@type":"BreadcrumbList","@id":"https:\/\/archilaabogados.com\/2020\/03\/13\/algunas-precisiones-sobre-el-interrogatorio\/#breadcrumb","itemListElement":[{"@type":"ListItem","position":1,"name":"Home","item":"https:\/\/archilaabogados.com\/"},{"@type":"ListItem","position":2,"name":"Algunas precisiones sobre el interrogatorio"}]},{"@type":"WebSite","@id":"https:\/\/archilaabogados.com\/#website","url":"https:\/\/archilaabogados.com\/","name":"Archila Abogados","description":"Servicios legales","potentialAction":[{"@type":"SearchAction","target":{"@type":"EntryPoint","urlTemplate":"https:\/\/archilaabogados.com\/?s={search_term_string}"},"query-input":{"@type":"PropertyValueSpecification","valueRequired":true,"valueName":"search_term_string"}}],"inLanguage":"en-US"},{"@type":"Person","@id":"https:\/\/archilaabogados.com\/#\/schema\/person\/2ebc59f80cf35317c2a9f16341ee7883","name":"ArhilAdmin","image":{"@type":"ImageObject","inLanguage":"en-US","@id":"https:\/\/secure.gravatar.com\/avatar\/9dcaf3f4e6ece3ae0c14ad443b5883bafd050ab345f218cf32465ef4c68ec5f4?s=96&d=mm&r=g","url":"https:\/\/secure.gravatar.com\/avatar\/9dcaf3f4e6ece3ae0c14ad443b5883bafd050ab345f218cf32465ef4c68ec5f4?s=96&d=mm&r=g","contentUrl":"https:\/\/secure.gravatar.com\/avatar\/9dcaf3f4e6ece3ae0c14ad443b5883bafd050ab345f218cf32465ef4c68ec5f4?s=96&d=mm&r=g","caption":"ArhilAdmin"},"sameAs":["https:\/\/archilaabogados.com"],"url":"https:\/\/archilaabogados.com\/en\/author\/arhiladmin\/"}]}},"_links":{"self":[{"href":"https:\/\/archilaabogados.com\/en\/wp-json\/wp\/v2\/posts\/985","targetHints":{"allow":["GET"]}}],"collection":[{"href":"https:\/\/archilaabogados.com\/en\/wp-json\/wp\/v2\/posts"}],"about":[{"href":"https:\/\/archilaabogados.com\/en\/wp-json\/wp\/v2\/types\/post"}],"author":[{"embeddable":true,"href":"https:\/\/archilaabogados.com\/en\/wp-json\/wp\/v2\/users\/1"}],"replies":[{"embeddable":true,"href":"https:\/\/archilaabogados.com\/en\/wp-json\/wp\/v2\/comments?post=985"}],"version-history":[{"count":1,"href":"https:\/\/archilaabogados.com\/en\/wp-json\/wp\/v2\/posts\/985\/revisions"}],"predecessor-version":[{"id":1566,"href":"https:\/\/archilaabogados.com\/en\/wp-json\/wp\/v2\/posts\/985\/revisions\/1566"}],"wp:featuredmedia":[{"embeddable":true,"href":"https:\/\/archilaabogados.com\/en\/wp-json\/wp\/v2\/media\/986"}],"wp:attachment":[{"href":"https:\/\/archilaabogados.com\/en\/wp-json\/wp\/v2\/media?parent=985"}],"wp:term":[{"taxonomy":"category","embeddable":true,"href":"https:\/\/archilaabogados.com\/en\/wp-json\/wp\/v2\/categories?post=985"},{"taxonomy":"post_tag","embeddable":true,"href":"https:\/\/archilaabogados.com\/en\/wp-json\/wp\/v2\/tags?post=985"}],"curies":[{"name":"wp","href":"https:\/\/api.w.org\/{rel}","templated":true}]}}