{"id":992,"date":"2020-02-11T08:13:54","date_gmt":"2020-02-11T08:13:54","guid":{"rendered":"https:\/\/archilaabogados.com\/?p=2644"},"modified":"2022-05-27T05:54:39","modified_gmt":"2022-05-27T05:54:39","slug":"es-el-control-de-precios-a-medicamentos-una-buena-idea","status":"publish","type":"post","link":"https:\/\/archilaabogados.com\/en\/2020\/02\/11\/es-el-control-de-precios-a-medicamentos-una-buena-idea\/","title":{"rendered":"\u00bfEs el control de precios a medicamentos una buena idea?"},"content":{"rendered":"<p><strong>Columna de opini\u00f3n de David Toro Ochoa para Diario La Rep\u00fablica.<\/strong><br \/>\n<strong>Febrero de 2020.<\/strong><\/p>\n<p>Desde el a\u00f1o 2010 en Colombia se empezaron a regular los precios de los medicamentos y, sin duda, esta medida ha sido percibida como favorable para la poblaci\u00f3n en general. Incluso, la regulaci\u00f3n de hace dos a\u00f1os que se dio frente a las pastillas anticonceptivas y algunos medicamentos psiqui\u00e1tricos hizo que esta percepci\u00f3n favorable aumentara.<\/p>\n<p>Sin embargo, la regulaci\u00f3n de precios puede llegar a generar problemas y desventajas que en un primer momento son pasados por alto, y m\u00e1s ante los ojos del consumidor que siempre ve el proteccionismo y la intervenci\u00f3n del Estado como algo que solo puede generar bienestar.<\/p>\n<p>La realidad de las cosas es que la regulaci\u00f3n excesiva puede generar una escasez en los productos que se ven sometidos a la misma. Esta escasez puede ocurrir, por ejemplo, por un aumento en la demanda del producto cuyo precio se regul\u00f3 y la reducci\u00f3n de la oferta de este. En el caso de los medicamentos, esta situaci\u00f3n se ha presentado. As\u00ed, se pudo ver c\u00f3mo desde que entr\u00f3 en vigencia la regulaci\u00f3n de los anticonceptivos, muchos de estos escasearon precisamente porque sus consumidores aumentaron, seg\u00fan lo manifest\u00f3 la Directora de Asuntos P\u00fablicos de una multinacional a la revista Dinero .<\/p>\n<p>Ahora, si bien los anticonceptivos resultan importantes para la salud p\u00fablica por las implicaciones que tiene en temas de reproducci\u00f3n, embarazo adolescente y control poblacional, esta situaci\u00f3n de escasez tambi\u00e9n se ha presentado frente a medicamentos que son necesarios para enfermedades arteriales, como por ejemplo ha ocurrido con \u201cBetaloc Zok\u201d, seg\u00fan algunos pacientes.<\/p>\n<p>Al momento en que la regulaci\u00f3n de precios de los medicamentos implica una disminuci\u00f3n de los mismos, se entiende que el producto incrementa su valor frente a los consumidores, precisamente porque se hace m\u00e1s accesible y en esa medida pueden los consumidores entrar a satisfacer necesidades que anteriormente no pod\u00edan por la \u201cbarrera\u201d v\u00eda precio que exist\u00eda. Esto significa que la demanda aumenta, sin que existan incentivos para que la demanda haga lo mismo, gener\u00e1ndose as\u00ed escasez.<\/p>\n<p>En esa medida, y como alguien que apoya abiertamente el libre mercado, es necesario que, antes de tomar decisiones basadas m\u00e1s en el romanticismo de la intervenci\u00f3n y el querer generar bienestar a toda costa, las autoridades analicen de manera constante las consecuencias que se puedan derivar de dicha intervenci\u00f3n. Al respecto, se debe analizar si el mercado est\u00e1 preparado para soportar la regulaci\u00f3n, espec\u00edficamente si, al menos en el caso de los medicamentos, las empresas farmac\u00e9uticas se encuentran en la capacidad de cubrir toda la demanda que se generar\u00e1 como consecuencia de la intervenci\u00f3n, en aras precisamente de que los consumidores no se vean afectados.<\/p>\n<p>En fin, la mejor forma de combatir la escasez es dejando que el mercado sea lo m\u00e1s libre posible, permitiendo el establecimiento de precios conforme a la interacci\u00f3n entre oferta y demanda.<\/p>\n<p><strong>Destacado:<\/strong> La realidad de las cosas es que la regulaci\u00f3n excesiva puede generar una escasez en los productos que se ven sometidos a la misma.<\/p>","protected":false},"excerpt":{"rendered":"<p>Columna de opini\u00f3n de David Toro Ochoa para Diario La Rep\u00fablica. Febrero de 2020. Desde el a\u00f1o 2010 en&#8230;<\/p>","protected":false},"author":1,"featured_media":876,"comment_status":"closed","ping_status":"open","sticky":false,"template":"","format":"standard","meta":{"_kad_post_transparent":"","_kad_post_title":"","_kad_post_layout":"","_kad_post_sidebar_id":"","_kad_post_content_style":"","_kad_post_vertical_padding":"","_kad_post_feature":"","_kad_post_feature_position":"","_kad_post_header":false,"_kad_post_footer":false,"footnotes":""},"categories":[15],"tags":[51],"class_list":["post-992","post","type-post","status-publish","format-standard","has-post-thumbnail","hentry","category-diario-la-republica","tag-asuntos-legales"],"yoast_head":"<!-- This site is optimized with the Yoast SEO plugin v27.4 - https:\/\/yoast.com\/product\/yoast-seo-wordpress\/ -->\n<title>\u00bfEs el control de precios a medicamentos una buena idea? - Archila Abogados<\/title>\n<meta name=\"robots\" content=\"index, follow, max-snippet:-1, max-image-preview:large, max-video-preview:-1\" \/>\n<link rel=\"canonical\" href=\"https:\/\/archilaabogados.com\/en\/2020\/02\/11\/es-el-control-de-precios-a-medicamentos-una-buena-idea\/\" \/>\n<meta property=\"og:locale\" content=\"en_US\" \/>\n<meta property=\"og:type\" content=\"article\" \/>\n<meta property=\"og:title\" content=\"\u00bfEs el control de precios a medicamentos una buena idea? - Archila Abogados\" \/>\n<meta property=\"og:description\" content=\"Columna de opini\u00f3n de David Toro Ochoa para Diario La Rep\u00fablica. Febrero de 2020. Desde el a\u00f1o 2010 en...\" \/>\n<meta property=\"og:url\" content=\"https:\/\/archilaabogados.com\/en\/2020\/02\/11\/es-el-control-de-precios-a-medicamentos-una-buena-idea\/\" \/>\n<meta property=\"og:site_name\" content=\"Archila Abogados\" \/>\n<meta property=\"article:published_time\" content=\"2020-02-11T08:13:54+00:00\" \/>\n<meta property=\"article:modified_time\" content=\"2022-05-27T05:54:39+00:00\" \/>\n<meta property=\"og:image\" content=\"http:\/\/archilaabogados.com\/wp-content\/uploads\/2018\/03\/dtoro_ochoa_abogado.jpg\" \/>\n\t<meta property=\"og:image:width\" content=\"240\" \/>\n\t<meta property=\"og:image:height\" content=\"290\" \/>\n\t<meta property=\"og:image:type\" content=\"image\/jpeg\" \/>\n<meta name=\"author\" content=\"ArhilAdmin\" \/>\n<meta name=\"twitter:card\" content=\"summary_large_image\" \/>\n<meta name=\"twitter:label1\" content=\"Written by\" \/>\n\t<meta name=\"twitter:data1\" content=\"ArhilAdmin\" \/>\n\t<meta name=\"twitter:label2\" content=\"Est. reading time\" \/>\n\t<meta name=\"twitter:data2\" content=\"3 minutes\" \/>\n<script type=\"application\/ld+json\" class=\"yoast-schema-graph\">{\"@context\":\"https:\\\/\\\/schema.org\",\"@graph\":[{\"@type\":\"Article\",\"@id\":\"https:\\\/\\\/archilaabogados.com\\\/2020\\\/02\\\/11\\\/es-el-control-de-precios-a-medicamentos-una-buena-idea\\\/#article\",\"isPartOf\":{\"@id\":\"https:\\\/\\\/archilaabogados.com\\\/2020\\\/02\\\/11\\\/es-el-control-de-precios-a-medicamentos-una-buena-idea\\\/\"},\"author\":{\"name\":\"ArhilAdmin\",\"@id\":\"https:\\\/\\\/archilaabogados.com\\\/#\\\/schema\\\/person\\\/2ebc59f80cf35317c2a9f16341ee7883\"},\"headline\":\"\u00bfEs el control de precios a medicamentos una buena idea?\",\"datePublished\":\"2020-02-11T08:13:54+00:00\",\"dateModified\":\"2022-05-27T05:54:39+00:00\",\"mainEntityOfPage\":{\"@id\":\"https:\\\/\\\/archilaabogados.com\\\/2020\\\/02\\\/11\\\/es-el-control-de-precios-a-medicamentos-una-buena-idea\\\/\"},\"wordCount\":556,\"image\":{\"@id\":\"https:\\\/\\\/archilaabogados.com\\\/2020\\\/02\\\/11\\\/es-el-control-de-precios-a-medicamentos-una-buena-idea\\\/#primaryimage\"},\"thumbnailUrl\":\"https:\\\/\\\/archilaabogados.com\\\/wp-content\\\/uploads\\\/2018\\\/03\\\/dtoro_ochoa_abogado.jpg\",\"keywords\":[\"Asuntos Legales\"],\"articleSection\":[\"Diario La Rep\u00fablica\"],\"inLanguage\":\"en-US\"},{\"@type\":\"WebPage\",\"@id\":\"https:\\\/\\\/archilaabogados.com\\\/2020\\\/02\\\/11\\\/es-el-control-de-precios-a-medicamentos-una-buena-idea\\\/\",\"url\":\"https:\\\/\\\/archilaabogados.com\\\/2020\\\/02\\\/11\\\/es-el-control-de-precios-a-medicamentos-una-buena-idea\\\/\",\"name\":\"\u00bfEs el control de precios a medicamentos una buena idea? - Archila Abogados\",\"isPartOf\":{\"@id\":\"https:\\\/\\\/archilaabogados.com\\\/#website\"},\"primaryImageOfPage\":{\"@id\":\"https:\\\/\\\/archilaabogados.com\\\/2020\\\/02\\\/11\\\/es-el-control-de-precios-a-medicamentos-una-buena-idea\\\/#primaryimage\"},\"image\":{\"@id\":\"https:\\\/\\\/archilaabogados.com\\\/2020\\\/02\\\/11\\\/es-el-control-de-precios-a-medicamentos-una-buena-idea\\\/#primaryimage\"},\"thumbnailUrl\":\"https:\\\/\\\/archilaabogados.com\\\/wp-content\\\/uploads\\\/2018\\\/03\\\/dtoro_ochoa_abogado.jpg\",\"datePublished\":\"2020-02-11T08:13:54+00:00\",\"dateModified\":\"2022-05-27T05:54:39+00:00\",\"author\":{\"@id\":\"https:\\\/\\\/archilaabogados.com\\\/#\\\/schema\\\/person\\\/2ebc59f80cf35317c2a9f16341ee7883\"},\"breadcrumb\":{\"@id\":\"https:\\\/\\\/archilaabogados.com\\\/2020\\\/02\\\/11\\\/es-el-control-de-precios-a-medicamentos-una-buena-idea\\\/#breadcrumb\"},\"inLanguage\":\"en-US\",\"potentialAction\":[{\"@type\":\"ReadAction\",\"target\":[\"https:\\\/\\\/archilaabogados.com\\\/2020\\\/02\\\/11\\\/es-el-control-de-precios-a-medicamentos-una-buena-idea\\\/\"]}]},{\"@type\":\"ImageObject\",\"inLanguage\":\"en-US\",\"@id\":\"https:\\\/\\\/archilaabogados.com\\\/2020\\\/02\\\/11\\\/es-el-control-de-precios-a-medicamentos-una-buena-idea\\\/#primaryimage\",\"url\":\"https:\\\/\\\/archilaabogados.com\\\/wp-content\\\/uploads\\\/2018\\\/03\\\/dtoro_ochoa_abogado.jpg\",\"contentUrl\":\"https:\\\/\\\/archilaabogados.com\\\/wp-content\\\/uploads\\\/2018\\\/03\\\/dtoro_ochoa_abogado.jpg\",\"width\":240,\"height\":290,\"caption\":\"David Toro Ochoa Asociado Junior\"},{\"@type\":\"BreadcrumbList\",\"@id\":\"https:\\\/\\\/archilaabogados.com\\\/2020\\\/02\\\/11\\\/es-el-control-de-precios-a-medicamentos-una-buena-idea\\\/#breadcrumb\",\"itemListElement\":[{\"@type\":\"ListItem\",\"position\":1,\"name\":\"Home\",\"item\":\"https:\\\/\\\/archilaabogados.com\\\/\"},{\"@type\":\"ListItem\",\"position\":2,\"name\":\"\u00bfEs el control de precios a medicamentos una buena idea?\"}]},{\"@type\":\"WebSite\",\"@id\":\"https:\\\/\\\/archilaabogados.com\\\/#website\",\"url\":\"https:\\\/\\\/archilaabogados.com\\\/\",\"name\":\"Archila Abogados\",\"description\":\"Servicios legales\",\"potentialAction\":[{\"@type\":\"SearchAction\",\"target\":{\"@type\":\"EntryPoint\",\"urlTemplate\":\"https:\\\/\\\/archilaabogados.com\\\/?s={search_term_string}\"},\"query-input\":{\"@type\":\"PropertyValueSpecification\",\"valueRequired\":true,\"valueName\":\"search_term_string\"}}],\"inLanguage\":\"en-US\"},{\"@type\":\"Person\",\"@id\":\"https:\\\/\\\/archilaabogados.com\\\/#\\\/schema\\\/person\\\/2ebc59f80cf35317c2a9f16341ee7883\",\"name\":\"ArhilAdmin\",\"image\":{\"@type\":\"ImageObject\",\"inLanguage\":\"en-US\",\"@id\":\"https:\\\/\\\/secure.gravatar.com\\\/avatar\\\/9dcaf3f4e6ece3ae0c14ad443b5883bafd050ab345f218cf32465ef4c68ec5f4?s=96&d=mm&r=g\",\"url\":\"https:\\\/\\\/secure.gravatar.com\\\/avatar\\\/9dcaf3f4e6ece3ae0c14ad443b5883bafd050ab345f218cf32465ef4c68ec5f4?s=96&d=mm&r=g\",\"contentUrl\":\"https:\\\/\\\/secure.gravatar.com\\\/avatar\\\/9dcaf3f4e6ece3ae0c14ad443b5883bafd050ab345f218cf32465ef4c68ec5f4?s=96&d=mm&r=g\",\"caption\":\"ArhilAdmin\"},\"sameAs\":[\"https:\\\/\\\/archilaabogados.com\"],\"url\":\"https:\\\/\\\/archilaabogados.com\\\/en\\\/author\\\/arhiladmin\\\/\"}]}<\/script>\n<!-- \/ Yoast SEO plugin. -->","yoast_head_json":{"title":"\u00bfEs el control de precios a medicamentos una buena idea? - Archila Abogados","robots":{"index":"index","follow":"follow","max-snippet":"max-snippet:-1","max-image-preview":"max-image-preview:large","max-video-preview":"max-video-preview:-1"},"canonical":"https:\/\/archilaabogados.com\/en\/2020\/02\/11\/es-el-control-de-precios-a-medicamentos-una-buena-idea\/","og_locale":"en_US","og_type":"article","og_title":"\u00bfEs el control de precios a medicamentos una buena idea? - Archila Abogados","og_description":"Columna de opini\u00f3n de David Toro Ochoa para Diario La Rep\u00fablica. Febrero de 2020. Desde el a\u00f1o 2010 en...","og_url":"https:\/\/archilaabogados.com\/en\/2020\/02\/11\/es-el-control-de-precios-a-medicamentos-una-buena-idea\/","og_site_name":"Archila Abogados","article_published_time":"2020-02-11T08:13:54+00:00","article_modified_time":"2022-05-27T05:54:39+00:00","og_image":[{"width":240,"height":290,"url":"http:\/\/archilaabogados.com\/wp-content\/uploads\/2018\/03\/dtoro_ochoa_abogado.jpg","type":"image\/jpeg"}],"author":"ArhilAdmin","twitter_card":"summary_large_image","twitter_misc":{"Written by":"ArhilAdmin","Est. reading time":"3 minutes"},"schema":{"@context":"https:\/\/schema.org","@graph":[{"@type":"Article","@id":"https:\/\/archilaabogados.com\/2020\/02\/11\/es-el-control-de-precios-a-medicamentos-una-buena-idea\/#article","isPartOf":{"@id":"https:\/\/archilaabogados.com\/2020\/02\/11\/es-el-control-de-precios-a-medicamentos-una-buena-idea\/"},"author":{"name":"ArhilAdmin","@id":"https:\/\/archilaabogados.com\/#\/schema\/person\/2ebc59f80cf35317c2a9f16341ee7883"},"headline":"\u00bfEs el control de precios a medicamentos una buena idea?","datePublished":"2020-02-11T08:13:54+00:00","dateModified":"2022-05-27T05:54:39+00:00","mainEntityOfPage":{"@id":"https:\/\/archilaabogados.com\/2020\/02\/11\/es-el-control-de-precios-a-medicamentos-una-buena-idea\/"},"wordCount":556,"image":{"@id":"https:\/\/archilaabogados.com\/2020\/02\/11\/es-el-control-de-precios-a-medicamentos-una-buena-idea\/#primaryimage"},"thumbnailUrl":"https:\/\/archilaabogados.com\/wp-content\/uploads\/2018\/03\/dtoro_ochoa_abogado.jpg","keywords":["Asuntos Legales"],"articleSection":["Diario La Rep\u00fablica"],"inLanguage":"en-US"},{"@type":"WebPage","@id":"https:\/\/archilaabogados.com\/2020\/02\/11\/es-el-control-de-precios-a-medicamentos-una-buena-idea\/","url":"https:\/\/archilaabogados.com\/2020\/02\/11\/es-el-control-de-precios-a-medicamentos-una-buena-idea\/","name":"\u00bfEs el control de precios a medicamentos una buena idea? - Archila Abogados","isPartOf":{"@id":"https:\/\/archilaabogados.com\/#website"},"primaryImageOfPage":{"@id":"https:\/\/archilaabogados.com\/2020\/02\/11\/es-el-control-de-precios-a-medicamentos-una-buena-idea\/#primaryimage"},"image":{"@id":"https:\/\/archilaabogados.com\/2020\/02\/11\/es-el-control-de-precios-a-medicamentos-una-buena-idea\/#primaryimage"},"thumbnailUrl":"https:\/\/archilaabogados.com\/wp-content\/uploads\/2018\/03\/dtoro_ochoa_abogado.jpg","datePublished":"2020-02-11T08:13:54+00:00","dateModified":"2022-05-27T05:54:39+00:00","author":{"@id":"https:\/\/archilaabogados.com\/#\/schema\/person\/2ebc59f80cf35317c2a9f16341ee7883"},"breadcrumb":{"@id":"https:\/\/archilaabogados.com\/2020\/02\/11\/es-el-control-de-precios-a-medicamentos-una-buena-idea\/#breadcrumb"},"inLanguage":"en-US","potentialAction":[{"@type":"ReadAction","target":["https:\/\/archilaabogados.com\/2020\/02\/11\/es-el-control-de-precios-a-medicamentos-una-buena-idea\/"]}]},{"@type":"ImageObject","inLanguage":"en-US","@id":"https:\/\/archilaabogados.com\/2020\/02\/11\/es-el-control-de-precios-a-medicamentos-una-buena-idea\/#primaryimage","url":"https:\/\/archilaabogados.com\/wp-content\/uploads\/2018\/03\/dtoro_ochoa_abogado.jpg","contentUrl":"https:\/\/archilaabogados.com\/wp-content\/uploads\/2018\/03\/dtoro_ochoa_abogado.jpg","width":240,"height":290,"caption":"David Toro Ochoa Asociado Junior"},{"@type":"BreadcrumbList","@id":"https:\/\/archilaabogados.com\/2020\/02\/11\/es-el-control-de-precios-a-medicamentos-una-buena-idea\/#breadcrumb","itemListElement":[{"@type":"ListItem","position":1,"name":"Home","item":"https:\/\/archilaabogados.com\/"},{"@type":"ListItem","position":2,"name":"\u00bfEs el control de precios a medicamentos una buena idea?"}]},{"@type":"WebSite","@id":"https:\/\/archilaabogados.com\/#website","url":"https:\/\/archilaabogados.com\/","name":"Archila Abogados","description":"Servicios legales","potentialAction":[{"@type":"SearchAction","target":{"@type":"EntryPoint","urlTemplate":"https:\/\/archilaabogados.com\/?s={search_term_string}"},"query-input":{"@type":"PropertyValueSpecification","valueRequired":true,"valueName":"search_term_string"}}],"inLanguage":"en-US"},{"@type":"Person","@id":"https:\/\/archilaabogados.com\/#\/schema\/person\/2ebc59f80cf35317c2a9f16341ee7883","name":"ArhilAdmin","image":{"@type":"ImageObject","inLanguage":"en-US","@id":"https:\/\/secure.gravatar.com\/avatar\/9dcaf3f4e6ece3ae0c14ad443b5883bafd050ab345f218cf32465ef4c68ec5f4?s=96&d=mm&r=g","url":"https:\/\/secure.gravatar.com\/avatar\/9dcaf3f4e6ece3ae0c14ad443b5883bafd050ab345f218cf32465ef4c68ec5f4?s=96&d=mm&r=g","contentUrl":"https:\/\/secure.gravatar.com\/avatar\/9dcaf3f4e6ece3ae0c14ad443b5883bafd050ab345f218cf32465ef4c68ec5f4?s=96&d=mm&r=g","caption":"ArhilAdmin"},"sameAs":["https:\/\/archilaabogados.com"],"url":"https:\/\/archilaabogados.com\/en\/author\/arhiladmin\/"}]}},"_links":{"self":[{"href":"https:\/\/archilaabogados.com\/en\/wp-json\/wp\/v2\/posts\/992","targetHints":{"allow":["GET"]}}],"collection":[{"href":"https:\/\/archilaabogados.com\/en\/wp-json\/wp\/v2\/posts"}],"about":[{"href":"https:\/\/archilaabogados.com\/en\/wp-json\/wp\/v2\/types\/post"}],"author":[{"embeddable":true,"href":"https:\/\/archilaabogados.com\/en\/wp-json\/wp\/v2\/users\/1"}],"replies":[{"embeddable":true,"href":"https:\/\/archilaabogados.com\/en\/wp-json\/wp\/v2\/comments?post=992"}],"version-history":[{"count":1,"href":"https:\/\/archilaabogados.com\/en\/wp-json\/wp\/v2\/posts\/992\/revisions"}],"predecessor-version":[{"id":1570,"href":"https:\/\/archilaabogados.com\/en\/wp-json\/wp\/v2\/posts\/992\/revisions\/1570"}],"wp:featuredmedia":[{"embeddable":true,"href":"https:\/\/archilaabogados.com\/en\/wp-json\/wp\/v2\/media\/876"}],"wp:attachment":[{"href":"https:\/\/archilaabogados.com\/en\/wp-json\/wp\/v2\/media?parent=992"}],"wp:term":[{"taxonomy":"category","embeddable":true,"href":"https:\/\/archilaabogados.com\/en\/wp-json\/wp\/v2\/categories?post=992"},{"taxonomy":"post_tag","embeddable":true,"href":"https:\/\/archilaabogados.com\/en\/wp-json\/wp\/v2\/tags?post=992"}],"curies":[{"name":"wp","href":"https:\/\/api.w.org\/{rel}","templated":true}]}}